{"id":1264508,"date":"2026-08-27T18:56:30","date_gmt":"2026-08-27T18:56:30","guid":{"rendered":"https:\/\/www.europesays.com\/de\/1264508\/"},"modified":"2026-08-27T18:56:30","modified_gmt":"2026-08-27T18:56:30","slug":"manchmal-male-ich-ein-haus-fuer-uns-klett-kinderbuch-verschenkt-klassensaetze-von-flucht-kinderbuch-%c2%b7-leipziger-zeitung","status":"publish","type":"post","link":"https:\/\/www.europesays.com\/de\/1264508\/","title":{"rendered":"Manchmal male ich ein Haus f\u00fcr uns: Klett Kinderbuch verschenkt Klassens\u00e4tze von Flucht-Kinderbuch \u00b7 Leipziger Zeitung"},"content":{"rendered":"<p class=\"translation-notice\">This article is also available in English: <a href=\"https:\/\/www.l-iz.de\/en\/politics\/engagement-en\/2026\/08\/sometimes-i-draw-a-house-for-us-klett-childrens-books-is-giving-away-class-sets-of-a-childrens-book-about-refugees-668479\" rel=\"nofollow noopener\" target=\"_blank\">Read this article in English<\/a>.<\/p>\n<p>Der Klett Kinderbuch Verlag verschenkt Klassens\u00e4tze des preisgekr\u00f6nten Buches \u201eManchmal male ich ein Haus f\u00fcr uns\u201c von Alea Horst und Mehrdad Zaeri. Mit der Aktion m\u00f6chte der Leipziger Verlag Lehrkr\u00e4fte dabei unterst\u00fctzen, mit Kindern \u00fcber das Thema \u201eFluchterfahrung\u201c ins Gespr\u00e4ch zu kommen \u2013 und damit Vorurteilen und Feindbildern entgegentreten. Das Angebot richtet sich besonders an Schulen in Regionen, in denen rechtspopulistische Positionen stark verbreitet sind.<\/p>\n<p><a href=\"http:\/\/www.l-iz.de\/bildung\/buecher\/2022\/03\/manchmal-male-ich-ein-haus-fuer-uns-alea-horsts-fotos-und-geschichten-aus-dem-fluechtlingslager-kara-tepe-440736\" target=\"_blank\" rel=\"noopener nofollow\">\u201eManchmal male ich ein Haus f\u00fcr uns\u201c<\/a> verbindet Fotografien von Alea Horst mit Interviews von Kindern, die ihre Flucht und den Alltag im Fl\u00fcchtlingslager auf der Insel Lesbos schildern. Es erz\u00e4hlt auch von den Tr\u00e4umen der Kinder und schafft einen pers\u00f6nlichen Zugang sowie eine \u00fcberraschende N\u00e4he zwischen den Betroffenen und Kindern, die im sicheren Deutschland leben.<\/p>\n<p>Lehrer\/-innen k\u00f6nnen f\u00fcr ihre Schule kostenlos Klassens\u00e4tze anfordern, solange der Vorrat reicht. Das Buch eignet sich f\u00fcr den Einsatz in den Klassenstufen 4 bis 8. Der Verlag bittet interessierte Schulen um eine Mail an info@klett-kinderbuch.de mit Schulanschrift und gew\u00fcnschter Anzahl der B\u00fccher. N\u00e4here Informationen zum Buch sowie Unterrichtsmaterialien gibt es <a href=\"http:\/\/www.klett-kinderbuch.de\/buecher\/details\/manchmal-male-ich-ein-haus-fuer-uns.html\" target=\"_blank\" rel=\"noopener nofollow\">auf der Website des Klett Kinderbuch Verlags<\/a>.<\/p>\n<p><a href=\"https:\/\/www.europesays.com\/de\/wp-content\/uploads\/2026\/08\/Kinderportraits_c-Alea-Horst-Klett-Kinderbuch-2022.jpg\"><img loading=\"lazy\" decoding=\"async\" class=\"wp-image-668406 size-full\" src=\"https:\/\/www.europesays.com\/de\/wp-content\/uploads\/2026\/08\/Kinderportraits_c-Alea-Horst-Klett-Kinderbuch-2022.jpg\" alt=\"Kinderportraits aus \u201eManchmal male ich ein Haus f\u00fcr uns\u201c. Foto:  Alea Horst, Klett Kinderbuch 2022\" width=\"2250\" height=\"1078\"  \/><\/a>Kinderportr\u00e4ts aus \u201eManchmal male ich ein Haus f\u00fcr uns\u201c. Foto: Alea Horst, Klett Kinderbuch 2022<\/p>\n<p>Verlegerin Monika Osberghaus erkl\u00e4rt zu dieser Aktion: \u201eWir haben mit diesem Buch erlebt, dass Kinder mit starker Empathie reagieren, wenn ihnen klar wird, dass die gefl\u00fcchteten Kinder so sind wie sie \u2013 mit ihren Gl\u00fccksmomenten und Hoffnungen. Wir m\u00f6chten nicht hinnehmen, dass das Thema \u2013 speziell hier in Ostdeutschland \u2013 derart negativ behandelt wird. Dies ist ein Buch gegen die Hetze; es stiftet zur Zuversicht an und erm\u00f6glicht Begegnung, und darum verschenken wir es zur rechten Zeit. Schulen sind ein guter Ort f\u00fcr diese Begegnung.\u201c<\/p>\n<p> Der<a href=\"http:\/\/www.klett-kinderbuch.de\" target=\"_blank\" rel=\"noopener nofollow\"> Klett Kinderbuch Verlag<\/a> wurde 2008 als Ableger des Klett-Konzerns in Leipzig gegr\u00fcndet und ist seit 2015 ein unabh\u00e4ngiger Verlag. Pro Halbjahr erscheinen sieben bis zehn neue Titel f\u00fcr Kinder zwischen 2 und 12 Jahren. F\u00fcr das Programm zeichnet seit Beginn Monika Osberghaus verantwortlich.<\/p>\n","protected":false},"excerpt":{"rendered":"This article is also available in English: Read this article in English. Der Klett Kinderbuch Verlag verschenkt Klassens\u00e4tze&hellip;\n","protected":false},"author":2,"featured_media":1264509,"comment_status":"","ping_status":"","sticky":false,"template":"","format":"standard","meta":{"footnotes":"","_share_on_mastodon":"0"},"categories":[1832],"tags":[3364,29,7884,30,11706,71,859],"class_list":["post-1264508","post","type-post","status-publish","format-standard","has-post-thumbnail","category-leipzig","tag-de","tag-deutschland","tag-fluechtlingspolitik","tag-germany","tag-kinderbuch","tag-leipzig","tag-sachsen"],"share_on_mastodon":{"url":"https:\/\/pubeurope.com\/@de\/117169002214301713","error":""},"_links":{"self":[{"href":"https:\/\/www.europesays.com\/de\/wp-json\/wp\/v2\/posts\/1264508","targetHints":{"allow":["GET"]}}],"collection":[{"href":"https:\/\/www.europesays.com\/de\/wp-json\/wp\/v2\/posts"}],"about":[{"href":"https:\/\/www.europesays.com\/de\/wp-json\/wp\/v2\/types\/post"}],"author":[{"embeddable":true,"href":"https:\/\/www.europesays.com\/de\/wp-json\/wp\/v2\/users\/2"}],"replies":[{"embeddable":true,"href":"https:\/\/www.europesays.com\/de\/wp-json\/wp\/v2\/comments?post=1264508"}],"version-history":[{"count":0,"href":"https:\/\/www.europesays.com\/de\/wp-json\/wp\/v2\/posts\/1264508\/revisions"}],"wp:featuredmedia":[{"embeddable":true,"href":"https:\/\/www.europesays.com\/de\/wp-json\/wp\/v2\/media\/1264509"}],"wp:attachment":[{"href":"https:\/\/www.europesays.com\/de\/wp-json\/wp\/v2\/media?parent=1264508"}],"wp:term":[{"taxonomy":"category","embeddable":true,"href":"https:\/\/www.europesays.com\/de\/wp-json\/wp\/v2\/categories?post=1264508"},{"taxonomy":"post_tag","embeddable":true,"href":"https:\/\/www.europesays.com\/de\/wp-json\/wp\/v2\/tags?post=1264508"}],"curies":[{"name":"wp","href":"https:\/\/api.w.org\/{rel}","templated":true}]}}