{"id":1264600,"date":"2026-08-27T19:57:23","date_gmt":"2026-08-27T19:57:23","guid":{"rendered":"https:\/\/www.europesays.com\/de\/1264600\/"},"modified":"2026-08-27T19:57:23","modified_gmt":"2026-08-27T19:57:23","slug":"an-diesem-datum-sollen-die-arbeiten-auf-bielefelds-groesster-stadtbahn-baustelle-beendet-sein","status":"publish","type":"post","link":"https:\/\/www.europesays.com\/de\/1264600\/","title":{"rendered":"An diesem Datum sollen die Arbeiten auf Bielefelds gr\u00f6\u00dfter Stadtbahn-Baustelle beendet sein"},"content":{"rendered":"<p id=\"absatz1\" class=\"em_text\">Bielefeld. Die umfangreichen Gleisbauarbeiten im Bielefelder Stadtbahn-Tunnel werden p\u00fcnktlich zum Dienstag, 1. September, abgeschlossen, sodass ab Mittwoch, 2. September, wieder alle vier Stadtbahnlinien regul\u00e4r durch die Innenstadt fahren. Das teilen die Stadtwerke Bielefeld mit.<\/p>\n<p id=\"absatz2\" class=\"em_text\">Damit endet auch der w\u00e4hrend der Sommerferien eingerichtete Ersatzverkehr in der Innenstadt sowie auf der Linie 3. Zwischen den Haltestellen Rathaus und Hauptbahnhof wurden rund 1,7 Kilometer Gleise, sieben Weichen und eine Gleiskreuzung erneuert. Teile der bisherigen Infrastruktur stammten noch aus den Anfangsjahren des Stadtbahn-Tunnels und hatten ihre technische Lebensdauer erreicht.<\/p>\n<p id=\"absatz3\" class=\"em_text\">\u201eWir freuen uns, dass wir diese anspruchsvolle Bauma\u00dfnahme mitten im Herzst\u00fcck unseres Stadtbahnnetzes wie geplant abschlie\u00dfen k\u00f6nnen\u201c, wird Arne Petersen, Gesch\u00e4ftsf\u00fchrer von Mobiel, in der Mitteilung zitiert. Viele Gewerke h\u00e4tten auf engem Raum und in kurzer Zeit perfekt ineinandergreifen m\u00fcssen. \u201eDeshalb gilt mein Dank allen Beteiligten auf der Baustelle, aber auch unseren Fahrg\u00e4sten, die in den vergangenen Wochen zus\u00e4tzliche Wege und l\u00e4ngere Fahrzeiten in Kauf genommen haben.\u201c<\/p>\n<p id=\"absatz4\"><b class=\"bold\">Zum Thema:<\/b> <a href=\"https:\/\/www.nw.de\/lokal\/bielefeld\/mitte\/24371277_Bielefelds-Stadtbahn-sechs-Wochen-auf-allen-Linien-unterbrochen-v4.html\" rel=\"nofollow noopener\" target=\"_blank\">Bielefelds Stadtbahn sechs Wochen auf allen Linien unterbrochen<\/a><\/p>\n<p>\n        \u00d7\n    <\/p>\n<p>\n            Sie erhalten in wenigen Minuten eine E-Mail zur Best\u00e4tigung Ihrer Anmeldung.\n        <\/p>\n<p>Erst danach ist diese abgeschlossen.<\/p>\n<p>Bitte pr\u00fcfen Sie auch den Spam-Ordner.<\/p>\n<p>\n        \u00d7\n    <\/p>\n<p>\n            Sie haben bisher Ihre E-Mail-Adresse noch nicht best\u00e4tigt.\n        <\/p>\n<p>Erst danach ist diese abgeschlossen.<\/p>\n<p>Bitte pr\u00fcfen Sie auch den Spam-Ordner.<\/p>\n<p>\n        \u00d7\n    <\/p>\n<p>\n            Es ist einen Fehler aufgetreten\n        <\/p>\n<p>Bei Fragen hilft unser Newsletter-Support<\/p>\n<p> Newsletter<\/p>\n<p> Aus Bielefeld<\/p>\n<p>W\u00f6chentliche News direkt aus der Redaktion Bielefeld.<\/p>\n<p>                Jetzt anmelden<\/p>\n<p>12.000 Hakenschrauben gel\u00f6st<\/p>\n<p id=\"absatz5\" class=\"em_text\">Rund vier Millionen Euro wurden in die Modernisierung investiert. Die Arbeiten fanden unter beengten Bedingungen statt, da s\u00e4mtliche Materialien und Maschinen \u00fcber die Tunnelzug\u00e4nge transportiert werden mussten. Spezielle Zwei-Wege-Bagger kamen dabei zum Einsatz.<\/p>\n<p id=\"absatz6\" class=\"em_text\">Mehr als 12.000 Hakenschrauben wurden gel\u00f6st und ersetzt, bevor die neuen Gleise eingebaut und verschwei\u00dft werden konnten. Zus\u00e4tzlich erneuerte das Amt f\u00fcr Verkehr die taktilen Leitelemente in der Haltestelle Jahnplatz, die blinden und sehbehinderten Menschen die Orientierung erleichtern. Die abgeschlossenen Ma\u00dfnahmen sind Teil eines mehrj\u00e4hrigen Programms zur Erneuerung der Stadtbahn-Infrastruktur.<\/p>\n<p id=\"absatz7\"><b class=\"bold\">Lesen Sie auch: <\/b><a href=\"https:\/\/www.nw.de\/lokal\/bielefeld\/mitte\/24398204_Alles-eng-getaktet-auf-Bielefelds-groesster-Stadtbahn-Baustelle-aber-auch-im-Zeitplan.html\" rel=\"nofollow noopener\" target=\"_blank\">Alles eng getaktet auf Bielefelds gr\u00f6\u00dfter Stadtbahn-Baustelle \u2013 aber auch im Zeitplan?<\/a><\/p>\n","protected":false},"excerpt":{"rendered":"Bielefeld. Die umfangreichen Gleisbauarbeiten im Bielefelder Stadtbahn-Tunnel werden p\u00fcnktlich zum Dienstag, 1. September, abgeschlossen, sodass ab Mittwoch, 2.&hellip;\n","protected":false},"author":2,"featured_media":1264601,"comment_status":"","ping_status":"","sticky":false,"template":"","format":"standard","meta":{"footnotes":"","_share_on_mastodon":"0"},"categories":[1841],"tags":[136403,1605,827,3364,29,30,61005,9307,1606,1609,2379,9310,2377,15354,1608,2378,10124,118550,198079,736,164252,26093,1613,1209,27793],"class_list":["post-1264600","post","type-post","status-publish","format-standard","has-post-thumbnail","category-bielefeld","tag-bauzeit","tag-bielefeld","tag-datum","tag-de","tag-deutschland","tag-germany","tag-gleisbauarbeit","tag-label_foto","tag-label_m-80","tag-label_plus-ok","tag-label_push","tag-label_social","tag-label_startseite","tag-label_stroer","tag-label_top-news","tag-label_umfrage","tag-label_video","tag-label_whatsapp","tag-meta_artikelklasse_seo","tag-meta_copyrights_nw","tag-meta_eo_zusammenfassung","tag-meta_themen_verkehr_mobilitaet","tag-meta_userneeds_informieremich","tag-nordrhein-westfalen","tag-stadtwerke-bielefeld"],"share_on_mastodon":{"url":"","error":"Validation failed: Text character limit of 500 exceeded"},"_links":{"self":[{"href":"https:\/\/www.europesays.com\/de\/wp-json\/wp\/v2\/posts\/1264600","targetHints":{"allow":["GET"]}}],"collection":[{"href":"https:\/\/www.europesays.com\/de\/wp-json\/wp\/v2\/posts"}],"about":[{"href":"https:\/\/www.europesays.com\/de\/wp-json\/wp\/v2\/types\/post"}],"author":[{"embeddable":true,"href":"https:\/\/www.europesays.com\/de\/wp-json\/wp\/v2\/users\/2"}],"replies":[{"embeddable":true,"href":"https:\/\/www.europesays.com\/de\/wp-json\/wp\/v2\/comments?post=1264600"}],"version-history":[{"count":0,"href":"https:\/\/www.europesays.com\/de\/wp-json\/wp\/v2\/posts\/1264600\/revisions"}],"wp:featuredmedia":[{"embeddable":true,"href":"https:\/\/www.europesays.com\/de\/wp-json\/wp\/v2\/media\/1264601"}],"wp:attachment":[{"href":"https:\/\/www.europesays.com\/de\/wp-json\/wp\/v2\/media?parent=1264600"}],"wp:term":[{"taxonomy":"category","embeddable":true,"href":"https:\/\/www.europesays.com\/de\/wp-json\/wp\/v2\/categories?post=1264600"},{"taxonomy":"post_tag","embeddable":true,"href":"https:\/\/www.europesays.com\/de\/wp-json\/wp\/v2\/tags?post=1264600"}],"curies":[{"name":"wp","href":"https:\/\/api.w.org\/{rel}","templated":true}]}}