{"id":1264610,"date":"2026-08-27T20:04:24","date_gmt":"2026-08-27T20:04:24","guid":{"rendered":"https:\/\/www.europesays.com\/de\/1264610\/"},"modified":"2026-08-27T20:04:24","modified_gmt":"2026-08-27T20:04:24","slug":"newsblog-ukraine-krieg-trump-glaubt-nicht-an-russischen-angriff-auf-nato","status":"publish","type":"post","link":"https:\/\/www.europesays.com\/de\/1264610\/","title":{"rendered":"Newsblog Ukraine-Krieg: Trump glaubt nicht an russischen Angriff auf Nato"},"content":{"rendered":"<p class=\"text-18 leading-17 user-text-lg:text-22 user-text-xl:text-24\">Der CIA-Chef habe Russland vor allem mit Blick auf die \u00f6stlichen Nato-Partner im Baltikum vor einer Eskalation gewarnt, berichtete &#8222;Politico&#8220;. Zudem habe er den Kreml dazu gedr\u00e4ngt, seine milit\u00e4rische und finanzielle Unterst\u00fctzung f\u00fcr den <a href=\"https:\/\/www.t-online.de\/themen\/iran\/\" class=\"transition-colors cursor-pointer no-underline md:hover:text-magenta md:focus:text-magenta border-b border-solid border-current text-salemsfur md:hover:border-magenta\" data-tracking=\"{&quot;action&quot;:&quot;click&quot;,&quot;category&quot;:&quot;intextLink&quot;,&quot;label&quot;:&quot;\/themen\/iran\/&quot;}\" data-sctrack=\"BodyAnchor\" rel=\"nofollow noopener\" target=\"_blank\">Iran<\/a> herunterzufahren.<\/p>\n<p class=\"text-18 leading-17 user-text-lg:text-22 user-text-xl:text-24\">Nach Angaben russischer Nachrichtenagenturen hatte Kremlsprecher Dmitri Peskow best\u00e4tigt, dass Ratcliffe f\u00fcr Gespr\u00e4che &#8222;zwischen den Geheimdiensten&#8220; nach Moskau gekommen war. Der Vertraute von Pr\u00e4sident Wladimir Putin betonte allerdings, dass es kein Treffen des Kremlchefs mit Ratcliffe gegeben habe. <a href=\"https:\/\/www.t-online.de\/nachrichten\/ukraine\/id_101405170\/john-ratcliffe-was-macht-der-cia-direktor-ploetzlich-in-moskau-.html\" class=\"transition-colors cursor-pointer no-underline md:hover:text-magenta md:focus:text-magenta border-b border-solid border-current text-salemsfur md:hover:border-magenta\" data-tracking=\"{&quot;action&quot;:&quot;click&quot;,&quot;category&quot;:&quot;intextLink&quot;,&quot;label&quot;:&quot;\/nachrichten\/ukraine\/id_101405170\/john-ratcliffe-was-macht-der-cia-direktor-ploetzlich-in-moskau-.html&quot;}\" data-sctrack=\"BodyAnchor\" rel=\"nofollow noopener\" target=\"_blank\">Mehr zu dem Besuch von Ratcliffe in Moskau lesen Sie hier<\/a>.<\/p>\n<p><a href=\"#focus-2\" class=\"transition-colors block text-current relative\" data-sctrack=\"FocusGalleryImage.Reference\"><img   loading=\"lazy\" src=\"https:\/\/www.europesays.com\/de\/wp-content\/uploads\/2026\/08\/john-ratcliffe-der-cia-direktor-plant-offenbar-deutliche-kuerzungen-bei-dem-geheimdienst.jpg\" alt=\"imago images 0794782675\" title=\"imago images 0794782675\" width=\"4000\" height=\"2250\" class=\"h-full w-full max-w-full rounded-8\" decoding=\"async\"\/><img loading=\"lazy\" src=\"https:\/\/www.t-online.de\/s\/paper\/_next\/static\/media\/zoom-in.f7dae02f.svg\" alt=\"Vergr\u00f6\u00dfern des Bildes\" title=\"Vergr\u00f6\u00dfern des Bildes\" class=\"block h-[calc(var(--height)_\/_16_*_1rem)] w-[calc(var(--width)_\/_16_*_1rem)] max-w-none absolute right-8 bottom-8 rounded-4 bg-snow p-8\" style=\"--width:32;--height:32\" decoding=\"async\"\/>John Ratcliffe (Archivbild): Der CIA-Direktor soll sich nicht mit Putin getroffen haben. (Quelle: Annabelle Gordon &#8211; CNP\/imago-images-bilder)<\/a><\/p>\n<p>Luhansk: Tote bei Angriff auf Kleinbus \u2013 Raketen auf Donezk<\/p>\n<p class=\"text-18 leading-17 user-text-lg:text-22 user-text-xl:text-24\">Bei einem Drohnenangriff auf einen Kleinbus im russisch besetzten Teil des ostukrainischen Gebietes Luhansk sind nach Angaben der Besatzungsbeh\u00f6rden mindestens neun Menschen get\u00f6tet worden. Weitere sechs seien verletzt worden, teilte der von Moskau eingesetzte Gebietsgouverneur, Leonid Passetschnik, auf der Plattform Telegram mit. Demnach war der Bus mit 15 Passagieren auf der Route von Lyssytschansk nach Kadijiwka unterwegs. Die genannte Stra\u00dfe befindet sich rund 50 Kilometer von der Frontlinie entfernt. <a href=\"https:\/\/www.t-online.de\/themen\/kiew\/\" class=\"transition-colors cursor-pointer no-underline md:hover:text-magenta md:focus:text-magenta border-b border-solid border-current text-salemsfur md:hover:border-magenta\" data-tracking=\"{&quot;action&quot;:&quot;click&quot;,&quot;category&quot;:&quot;intextLink&quot;,&quot;label&quot;:&quot;\/themen\/kiew\/&quot;}\" data-sctrack=\"BodyAnchor\" rel=\"nofollow noopener\" target=\"_blank\">Kiew<\/a> weist regelm\u00e4\u00dfig Anschuldigungen von Angriffen auf Zivilisten zur\u00fcck.<\/p>\n<p class=\"text-18 leading-17 user-text-lg:text-22 user-text-xl:text-24\">In der benachbarten Region Donezk meldeten \u00f6rtliche Medien zudem einen ukrainischen Angriff mit Marschflugk\u00f6rpern auf die russisch besetzte gleichnamige Gebietshauptstadt. Den Berichten zufolge gab es vier bis f\u00fcnf Explosionen. In sozialen Medien kursierten Videoaufnahmen einer riesigen Rauchwolke. \u00dcber m\u00f6gliche Opfer wurde vorerst nichts bekannt.<\/p>\n<p>Viertgr\u00f6\u00dfte russische Raffinerie stellt \u00d6lverarbeitung ein<\/p>\n<p class=\"text-18 leading-17 user-text-lg:text-22 user-text-xl:text-24\">Nach ukrainischen Drohnenangriffen am 26. August hat die viertgr\u00f6\u00dfte \u00d6lraffinerie, die zugleich der zweitgr\u00f6\u00dfte Benzinproduzent Russlands ist, erneut die Verarbeitung von Roh\u00f6l eingestellt, berichtet die Nachrichtenagentur Reuters.<\/p>\n<p class=\"text-18 leading-17 user-text-lg:text-22 user-text-xl:text-24\">Ukrainische Streitkr\u00e4fte griffen die Produktionsanlagen der Lukoil-Nischegorodorgsintez-Raffinerie, auch bekannt als NORSI, in Kstowo in der Region Nischni Nowgorod an.<\/p>\n<p class=\"text-18 leading-17 user-text-lg:text-22 user-text-xl:text-24\">&#8222;Der Angriff hat das Ziel getroffen, woraufhin ein Feuer auf dem Gel\u00e4nde der Anlage ausbrach&#8220;, erkl\u00e4rte der ukrainische Generalstab. &#8222;Das Ausma\u00df der Sch\u00e4den wird derzeit noch ermittelt.&#8220;<\/p>\n<p class=\"text-18 leading-17 user-text-lg:text-22 user-text-xl:text-24\">Laut Reuters wurden bei dem n\u00e4chtlichen Angriff mehrere Verarbeitungseinheiten, die Infrastruktur zwischen den Einheiten sowie allgemeine Anlagen der Raffinerie besch\u00e4digt. Es ist unklar, wie lange die Anlage au\u00dfer Betrieb bleiben wird, w\u00e4hrend die Reparaturen durchgef\u00fchrt werden.<\/p>\n","protected":false},"excerpt":{"rendered":"Der CIA-Chef habe Russland vor allem mit Blick auf die \u00f6stlichen Nato-Partner im Baltikum vor einer Eskalation gewarnt,&hellip;\n","protected":false},"author":2,"featured_media":1264611,"comment_status":"","ping_status":"","sticky":false,"template":"","format":"standard","meta":{"footnotes":"","_share_on_mastodon":"0"},"categories":[4013],"tags":[1217,326,6079,522,331,332,2140,513,261290,14979,12796,8331,106,6077,444,514,325,13,345,12797,5793,5020,12256,451,308,14,1159,15,3129,3186,4043,4044,850,307,41599,12,5870,317,312,306,107,8975],"class_list":["post-1264610","post","type-post","status-publish","format-standard","has-post-thumbnail","category-russland","tag-1217","tag-326","tag-6079","tag-522","tag-aktuelle-nachrichten","tag-aktuelle-news","tag-angriff","tag-auto","tag-autoexplosion","tag-baltikum","tag-cia","tag-dmitri-peskow","tag-donald-trump","tag-donezk","tag-elon-musk","tag-fahrzeug","tag-geheimdienst","tag-headlines","tag-iran","tag-john-ratcliffe","tag-kiew","tag-kreml","tag-luhansk","tag-militaer","tag-moskau","tag-nachrichten","tag-nato","tag-news","tag-newsblog","tag-reuters","tag-russia","tag-russian-federation","tag-russische-foederation","tag-russland","tag-sankt-petersburg","tag-schlagzeilen","tag-spacex","tag-ukraine","tag-ukrainekrieg","tag-wladimir-putin","tag-wolodymyr-selenskyj","tag-wsj"],"share_on_mastodon":{"url":"","error":"Validation failed: Text character limit of 500 exceeded"},"_links":{"self":[{"href":"https:\/\/www.europesays.com\/de\/wp-json\/wp\/v2\/posts\/1264610","targetHints":{"allow":["GET"]}}],"collection":[{"href":"https:\/\/www.europesays.com\/de\/wp-json\/wp\/v2\/posts"}],"about":[{"href":"https:\/\/www.europesays.com\/de\/wp-json\/wp\/v2\/types\/post"}],"author":[{"embeddable":true,"href":"https:\/\/www.europesays.com\/de\/wp-json\/wp\/v2\/users\/2"}],"replies":[{"embeddable":true,"href":"https:\/\/www.europesays.com\/de\/wp-json\/wp\/v2\/comments?post=1264610"}],"version-history":[{"count":0,"href":"https:\/\/www.europesays.com\/de\/wp-json\/wp\/v2\/posts\/1264610\/revisions"}],"wp:featuredmedia":[{"embeddable":true,"href":"https:\/\/www.europesays.com\/de\/wp-json\/wp\/v2\/media\/1264611"}],"wp:attachment":[{"href":"https:\/\/www.europesays.com\/de\/wp-json\/wp\/v2\/media?parent=1264610"}],"wp:term":[{"taxonomy":"category","embeddable":true,"href":"https:\/\/www.europesays.com\/de\/wp-json\/wp\/v2\/categories?post=1264610"},{"taxonomy":"post_tag","embeddable":true,"href":"https:\/\/www.europesays.com\/de\/wp-json\/wp\/v2\/tags?post=1264610"}],"curies":[{"name":"wp","href":"https:\/\/api.w.org\/{rel}","templated":true}]}}