{"id":1264622,"date":"2026-08-27T20:11:20","date_gmt":"2026-08-27T20:11:20","guid":{"rendered":"https:\/\/www.europesays.com\/de\/1264622\/"},"modified":"2026-08-27T20:11:20","modified_gmt":"2026-08-27T20:11:20","slug":"oesterreichs-kanzler-bei-bild-ein-besseres-europa-erreichen-wir-nicht-durch-mehr-geld-und-mehr-beamte-politik","status":"publish","type":"post","link":"https:\/\/www.europesays.com\/de\/1264622\/","title":{"rendered":"\u00d6sterreichs Kanzler bei BILD: \u201eEin besseres Europa erreichen wir nicht durch mehr Geld und mehr Beamte\u201c | Politik"},"content":{"rendered":"<p>Mehr zum Video anzeigen <\/p>\n<p>BILD-Chefautor Peter Tiede spricht mit \u00d6sterreichs <a href=\"https:\/\/www.bild.de\/politik\/ausland-und-internationales\/eu-will-2-billionen-euro-dieses-duo-will-von-der-leyens-etat-rasieren-6a8fea03518a586e18559cce\" class=\"text-link\" rel=\"nofollow noopener\" target=\"_blank\">Bundeskanzler Christian Stocker<\/a> \u00fcber den geplanten EU-Haushalt, Milliarden-Einsparungen in Br\u00fcssel, Migration und die Zusammenarbeit mit Deutschland. Im Interview fordert Stocker eine deutliche K\u00fcrzung des EU-Budgets und warnt vor den Folgen \u201efalscher Signale\u201c in der Migrationspolitik.<\/p>\n<p>Quelle: BILD27.08.2026 &#8211; 21:48 Uhr <\/p>\n","protected":false},"excerpt":{"rendered":"Mehr zum Video anzeigen BILD-Chefautor Peter Tiede spricht mit \u00d6sterreichs Bundeskanzler Christian Stocker \u00fcber den geplanten EU-Haushalt, Milliarden-Einsparungen&hellip;\n","protected":false},"author":2,"featured_media":1264623,"comment_status":"","ping_status":"","sticky":false,"template":"","format":"standard","meta":{"footnotes":"","_share_on_mastodon":"0"},"categories":[3933],"tags":[331,332,12844,548,663,158,3934,3935,13,14,15,1433,16,12,6296],"class_list":["post-1264622","post","type-post","status-publish","format-standard","has-post-thumbnail","category-eu","tag-aktuelle-nachrichten","tag-aktuelle-news","tag-bundeskanzler","tag-eu","tag-europa","tag-europaeische-union","tag-europe","tag-european-union","tag-headlines","tag-nachrichten","tag-news","tag-oesterreich","tag-politik","tag-schlagzeilen","tag-wien"],"share_on_mastodon":{"url":"","error":""},"_links":{"self":[{"href":"https:\/\/www.europesays.com\/de\/wp-json\/wp\/v2\/posts\/1264622","targetHints":{"allow":["GET"]}}],"collection":[{"href":"https:\/\/www.europesays.com\/de\/wp-json\/wp\/v2\/posts"}],"about":[{"href":"https:\/\/www.europesays.com\/de\/wp-json\/wp\/v2\/types\/post"}],"author":[{"embeddable":true,"href":"https:\/\/www.europesays.com\/de\/wp-json\/wp\/v2\/users\/2"}],"replies":[{"embeddable":true,"href":"https:\/\/www.europesays.com\/de\/wp-json\/wp\/v2\/comments?post=1264622"}],"version-history":[{"count":0,"href":"https:\/\/www.europesays.com\/de\/wp-json\/wp\/v2\/posts\/1264622\/revisions"}],"wp:featuredmedia":[{"embeddable":true,"href":"https:\/\/www.europesays.com\/de\/wp-json\/wp\/v2\/media\/1264623"}],"wp:attachment":[{"href":"https:\/\/www.europesays.com\/de\/wp-json\/wp\/v2\/media?parent=1264622"}],"wp:term":[{"taxonomy":"category","embeddable":true,"href":"https:\/\/www.europesays.com\/de\/wp-json\/wp\/v2\/categories?post=1264622"},{"taxonomy":"post_tag","embeddable":true,"href":"https:\/\/www.europesays.com\/de\/wp-json\/wp\/v2\/tags?post=1264622"}],"curies":[{"name":"wp","href":"https:\/\/api.w.org\/{rel}","templated":true}]}}