{"id":1264658,"date":"2026-08-27T20:33:17","date_gmt":"2026-08-27T20:33:17","guid":{"rendered":"https:\/\/www.europesays.com\/de\/1264658\/"},"modified":"2026-08-27T20:33:17","modified_gmt":"2026-08-27T20:33:17","slug":"moffi-in-dortmund-direkt-im-hsv-kader-das-sagt-polzin","status":"publish","type":"post","link":"https:\/\/www.europesays.com\/de\/1264658\/","title":{"rendered":"Moffi in Dortmund direkt im HSV-Kader? Das sagt Polzin"},"content":{"rendered":"<p>Am Montag hat der HSV die Verpflichtung non St\u00fcrmer Terem Moffi aus Nizza offiziell gemacht. \u201eEr ist ein Spieler der viel lacht, der viel kommuniziert, sehr, sehr offen ist. Man merkt einfach, dass er Bock auf Fu\u00dfball hat nach der nicht ganz einfachen Zeit zuletzt. Er ist ein Riesengewinn f\u00fcr unsere Mannschaft, rein von der Pers\u00f6nlichkeit her\u201c, sagte HSV-Trainer Merlin Polzin am Donnerstag \u00fcber ihn. \u201eAls Spieler hat er im Training schon angedeutet, was in ihm steckt. Er hat den Riecher in der gegnerischen Box schon gezeigt.\u201c<\/p>\n<p>Wird Moffi am Samstag beim BVB (18.30 Uhr, Liveticker auf MOPO.de) direkt ins kalte Wasser geworfen? Polzin: \u201eEr wird das Abschlusstraining absolvieren und dann schauen wir, wie bereit und fit er ist und und ob es reicht f\u00fcr Dortmund oder f\u00fcr mehr&#8230;\u201c<\/p>\n","protected":false},"excerpt":{"rendered":"Am Montag hat der HSV die Verpflichtung non St\u00fcrmer Terem Moffi aus Nizza offiziell gemacht. \u201eEr ist ein&hellip;\n","protected":false},"author":2,"featured_media":11023,"comment_status":"","ping_status":"","sticky":false,"template":"","format":"standard","meta":{"footnotes":"","_share_on_mastodon":"0"},"categories":[1833],"tags":[888,403,3364,29,217,30,21300,5074,1209,261292],"class_list":["post-1264658","post","type-post","status-publish","format-standard","has-post-thumbnail","category-dortmund","tag-borussia-dortmund","tag-bvb","tag-de","tag-deutschland","tag-dortmund","tag-germany","tag-kader","tag-merlin-polzin","tag-nordrhein-westfalen","tag-terem-moffi"],"share_on_mastodon":{"url":"https:\/\/pubeurope.com\/@de\/117169383323795631","error":""},"_links":{"self":[{"href":"https:\/\/www.europesays.com\/de\/wp-json\/wp\/v2\/posts\/1264658","targetHints":{"allow":["GET"]}}],"collection":[{"href":"https:\/\/www.europesays.com\/de\/wp-json\/wp\/v2\/posts"}],"about":[{"href":"https:\/\/www.europesays.com\/de\/wp-json\/wp\/v2\/types\/post"}],"author":[{"embeddable":true,"href":"https:\/\/www.europesays.com\/de\/wp-json\/wp\/v2\/users\/2"}],"replies":[{"embeddable":true,"href":"https:\/\/www.europesays.com\/de\/wp-json\/wp\/v2\/comments?post=1264658"}],"version-history":[{"count":0,"href":"https:\/\/www.europesays.com\/de\/wp-json\/wp\/v2\/posts\/1264658\/revisions"}],"wp:featuredmedia":[{"embeddable":true,"href":"https:\/\/www.europesays.com\/de\/wp-json\/wp\/v2\/media\/11023"}],"wp:attachment":[{"href":"https:\/\/www.europesays.com\/de\/wp-json\/wp\/v2\/media?parent=1264658"}],"wp:term":[{"taxonomy":"category","embeddable":true,"href":"https:\/\/www.europesays.com\/de\/wp-json\/wp\/v2\/categories?post=1264658"},{"taxonomy":"post_tag","embeddable":true,"href":"https:\/\/www.europesays.com\/de\/wp-json\/wp\/v2\/tags?post=1264658"}],"curies":[{"name":"wp","href":"https:\/\/api.w.org\/{rel}","templated":true}]}}