{"id":1264667,"date":"2026-08-27T20:39:50","date_gmt":"2026-08-27T20:39:50","guid":{"rendered":"https:\/\/www.europesays.com\/de\/1264667\/"},"modified":"2026-08-27T20:39:50","modified_gmt":"2026-08-27T20:39:50","slug":"bpoli-s-gemeinsame-pressemitteilung-der-bundespolizeiinspektion-stuttgart-und-der","status":"publish","type":"post","link":"https:\/\/www.europesays.com\/de\/1264667\/","title":{"rendered":"BPOLI S: Gemeinsame Pressemitteilung der Bundespolizeiinspektion Stuttgart und der &#8230;"},"content":{"rendered":"<p class=\"date\">27.08.2026 \u2013 11:24<\/p>\n<p class=\"customer\">\n                        <a class=\"story-customer\" title=\"weiter zum newsroom von Bundespolizeiinspektion Stuttgart\" href=\"https:\/\/www.presseportal.de\/blaulicht\/nr\/116091\" rel=\"nofollow noopener\" target=\"_blank\">Bundespolizeiinspektion Stuttgart<\/a>\n                    <\/p>\n<p><a data-category=\"citylink-story-view\" data-action=\"click\" data-label=\"Citylink in Meldungsansicht\" class=\"story-city event-trigger\" href=\"https:\/\/www.presseportal.de\/regional\/Heilbronn\" title=\"News aus Heilbronn \" rel=\"nofollow noopener\" target=\"_blank\">Heilbronn<\/a> (ots)<\/p>\n<p>In der Nacht von Mittwoch (26.08.2026) auf Donnerstag konnten Beamte der Bundespolizei einen per Haftbefehl gesuchten Mann festnehmen. Dies war jedoch nicht die einzige Feststellung.<\/p>\n<p>Gegen 23:30 Uhr wurde eine Streife der Bundespolizei am Hauptbahnhof Heilbronn auf einen 45-J\u00e4hrigen aufmerksam und unterzog ihn einer polizeilichen Kontrolle. Bei der \u00dcberpr\u00fcfung der Personalien stellten die Einsatzkr\u00e4fte fest, dass gegen den georgischen Staatsangeh\u00f6rigen ein Vollstreckungshaftbefehl der Staatsanwaltschaft Duisburg vorlag. Demnach wurde der Gesuchte wegen des besonders schweren Falls des Diebstahls zu einer Geldstrafe von 1800EUR verurteilt. Da der Mann die geforderte Geldstrafe nicht begleichen konnte, wurde er festgenommen und zur Dienststelle verbracht. Dort stellten die Beamten fest, dass der Gesuchte zudem eine offenbar gef\u00e4lschte bulgarische Identit\u00e4tskarte mit sich f\u00fchrte.<\/p>\n<p>Nach dem Abschluss aller polizeilichen Ma\u00dfnahmen wurde der 45-J\u00e4hrige in eine Justizvollzugsanstalt eingeliefert.<\/p>\n<p class=\"contact-headline\">R\u00fcckfragen bitte an:<\/p>\n<p class=\"contact-text\">Bundespolizeiinspektion Stuttgart<br \/>Samuel Rosenberger<br \/>Telefon: 0711\/55049 1050<br \/>E-Mail: <a href=\"https:\/\/www.presseportal.de\/blaulicht\/pm\/116091\/mailto:bpoli.stuttgart.oea@polizei.bund.de\" class=\"uri-mailto\" rel=\"nofollow noopener\" target=\"_blank\">bpoli.stuttgart.oea@polizei.bund.de<\/a><br \/><a target=\"_blank\" class=\"uri-ext outbound\" rel=\"noopener nofollow\" href=\"https:\/\/www.bundespolizei.de\">www.bundespolizei.de<\/a><br \/><a target=\"_blank\" class=\"uri-ext outbound\" rel=\"noopener nofollow\" href=\"http:\/\/www.twitter.com\/bpol_bw\">http:\/\/www.twitter.com\/bpol_bw<\/a><\/p>\n<p class=\"originator\">Original-Content von: Bundespolizeiinspektion Stuttgart, \u00fcbermittelt durch news aktuell<\/p>\n<p>            <script async src=\"https:\/\/platform.twitter.com\/widgets.js\" charset=\"utf-8\"><\/script><\/p>\n","protected":false},"excerpt":{"rendered":"27.08.2026 \u2013 11:24 Bundespolizeiinspektion Stuttgart Heilbronn (ots) In der Nacht von Mittwoch (26.08.2026) auf Donnerstag konnten Beamte der&hellip;\n","protected":false},"author":2,"featured_media":1184682,"comment_status":"","ping_status":"","sticky":false,"template":"","format":"standard","meta":{"footnotes":"","_share_on_mastodon":"0"},"categories":[1830],"tags":[1634,6187,3364,29,30,177,121,178,180,179,181,1441],"class_list":["post-1264667","post","type-post","status-publish","format-standard","has-post-thumbnail","category-stuttgart","tag-baden-wuerttemberg","tag-bw","tag-de","tag-deutschland","tag-germany","tag-kriminalitt","tag-polizei","tag-presse","tag-pressemeldung","tag-pressemitteilung","tag-pressemitteilungen","tag-stuttgart"],"share_on_mastodon":{"url":"https:\/\/pubeurope.com\/@de\/117169411014173709","error":""},"_links":{"self":[{"href":"https:\/\/www.europesays.com\/de\/wp-json\/wp\/v2\/posts\/1264667","targetHints":{"allow":["GET"]}}],"collection":[{"href":"https:\/\/www.europesays.com\/de\/wp-json\/wp\/v2\/posts"}],"about":[{"href":"https:\/\/www.europesays.com\/de\/wp-json\/wp\/v2\/types\/post"}],"author":[{"embeddable":true,"href":"https:\/\/www.europesays.com\/de\/wp-json\/wp\/v2\/users\/2"}],"replies":[{"embeddable":true,"href":"https:\/\/www.europesays.com\/de\/wp-json\/wp\/v2\/comments?post=1264667"}],"version-history":[{"count":0,"href":"https:\/\/www.europesays.com\/de\/wp-json\/wp\/v2\/posts\/1264667\/revisions"}],"wp:featuredmedia":[{"embeddable":true,"href":"https:\/\/www.europesays.com\/de\/wp-json\/wp\/v2\/media\/1184682"}],"wp:attachment":[{"href":"https:\/\/www.europesays.com\/de\/wp-json\/wp\/v2\/media?parent=1264667"}],"wp:term":[{"taxonomy":"category","embeddable":true,"href":"https:\/\/www.europesays.com\/de\/wp-json\/wp\/v2\/categories?post=1264667"},{"taxonomy":"post_tag","embeddable":true,"href":"https:\/\/www.europesays.com\/de\/wp-json\/wp\/v2\/tags?post=1264667"}],"curies":[{"name":"wp","href":"https:\/\/api.w.org\/{rel}","templated":true}]}}