{"id":1264684,"date":"2026-08-27T20:50:23","date_gmt":"2026-08-27T20:50:23","guid":{"rendered":"https:\/\/www.europesays.com\/de\/1264684\/"},"modified":"2026-08-27T20:50:23","modified_gmt":"2026-08-27T20:50:23","slug":"ueberraschung-in-hamburg-vicky-leandros-rockt-mit-den-toten-hosen-unterhaltung","status":"publish","type":"post","link":"https:\/\/www.europesays.com\/de\/1264684\/","title":{"rendered":"\u00dcberraschung in Hamburg: Vicky Leandros rockt mit den Toten Hosen | Unterhaltung"},"content":{"rendered":"<p><a class=\"skip-content skip-content--link\" href=\"#in-content-skip-link-target-v-0-0\">TTS-Player \u00fcberspringen\u21b5<\/a><a id=\"in-content-skip-link-target-v-0-0\" class=\"skip-content--target-link-hidden skip-content skip-content--target-link\" href=\"#in-content-skip-link-target-v-0-0\">Artikel weiterlesen<\/a><\/p>\n<p data-32581ace=\"0-2102\">Hamburg \u2013 <b>Zwischen Bierbechern, Punk-Hymnen und 35.000 v\u00f6llig ausrastenden Toten-Hosen-Fans passiert das, womit an diesem Abend niemand gerechnet hat: In Hamburg steht am Donnerstag pl\u00f6tzlich ein Weltstar auf der B\u00fchne. Es ist Vicky Leandros (74)!<\/b><\/p>\n<p data-32581ace=\"0-2102\">Die Stimmung an diesem Abend auf der Trabrennbahn ist elektrisierend. Die \u201eTrink aus! Wir m\u00fcssen gehen\u201c-Tour gilt f\u00fcr Fans als die wom\u00f6glich letzte gro\u00dfe Reise der D\u00fcsseldorfer Punkrocker. Campino (64) dirigiert die Massen, l\u00e4sst 35.000 Fans jede Zeile mitsingen, die Menge h\u00e4ngt an seinen Lippen. Und dann setzt die Band noch einen drauf: \u201eWir h\u00e4tten nie gedacht, was hier passiert. Wir haben echt einen Wahnsinns-Besuch\u201c, k\u00fcndigt Campino an. \u201eIch muss sie nicht vorstellen, hier ist Vicky Leandros!\u201c Die Fans jubeln voller Ekstase. Aus einem ohnehin besonderen und l\u00e4ngst ausverkauften Konzert wird ein Moment f\u00fcr die Ewigkeit!<\/p>\n<p>Vicky Leandros mit Toten Hosen im Studio<\/p>\n<p data-32581ace=\"0-2102\">Gemeinsam performen Campino und Leandros ihren Klassiker \u201eIch liebe das Leben\u201c. Die Menge feiert die S\u00e4ngerin. Und BILD wei\u00df exklusiv: Die Zusammenarbeit begann bereits vor Monaten. <a href=\"https:\/\/www.bild.de\/themen\/personen\/vicky-leandros\/schlagersaengerin-aus-griechenland-21584874.bild.html\" class=\"text-link\" rel=\"nofollow noopener\" target=\"_blank\">Vicky Leandros<\/a> (singt in acht Sprachen) verr\u00e4t BILD: \u201eIch habe im Winter gemeinsam mit den Toten Hosen meinen Song \u201aIch liebe das Leben\u2019 als Duett im Studio in D\u00fcsseldorf aufgenommen. Es ist eines ihrer Lieblingslieder!\u201c<\/p>\n<p><img decoding=\"async\" width=\"992\" height=\"618\" alt=\"Die Toten Hosen sind noch bis 2027 mit ihrer Tour \u201eTrink aus! Wir m\u00fcssen gehen\u201c unterwegs\" loading=\"lazy\" src=\"https:\/\/www.europesays.com\/de\/wp-content\/uploads\/2026\/08\/4dc9a8804e50fe5401bd43516fec4f1a,f0f1309e.jpeg\"   class=\"dynamic\"\/><\/p>\n<p class=\"fig__caption__text\">Die Toten Hosen sind noch bis 2027 mit ihrer Tour \u201eTrink aus! Wir m\u00fcssen gehen\u201c unterwegs<\/p>\n<p>Foto: picture alliance\/dpa<\/p>\n<p>\u201eIch liebe Rockmusik\u201c<\/p>\n<p data-32581ace=\"0-2102\">F\u00fcr die S\u00e4ngerin war die Begegnung mit den Punk-Ikonen eine besondere Erfahrung. \u201eEs war eine tolle und fr\u00f6hliche Zusammenarbeit im Studio! F\u00fcr mich ist es ein absolutes Highlight, heute mit diesen Rocklegenden auf der Hamburger Trabrennbahn auf der B\u00fchne zu stehen und gemeinsam mit Campino ,Ich liebe das Leben\u2019 zu singen. Ich liebe Rockmusik!\u201c<\/p>\n<p>Mehr zum Thema<\/p>\n<p data-32581ace=\"0-2102\">Ein Auftritt, der auf den ersten Blick kaum zusammenpasst \u2013 hier die Grand Dame des deutschen Schlagers mit mehr als 55 Millionen verkauften Tontr\u00e4gern, dort Deutschlands erfolgreichste Punkband. Der Kontrast macht den Moment so besonders. Die Fans singen lautstark mit und verwandeln die Trabrennbahn in einen einzigen Chor. Schlager trifft Punk. Vicky trifft Campino. Und <a href=\"https:\/\/www.bild.de\/regional\/hamburg\/hamburg-regional\/home-16344102.bild.html\" class=\"text-link\" rel=\"nofollow noopener\" target=\"_blank\">Hamburg<\/a> rastet aus!<\/p>\n","protected":false},"excerpt":{"rendered":"TTS-Player \u00fcberspringen\u21b5Artikel weiterlesen Hamburg \u2013 Zwischen Bierbechern, Punk-Hymnen und 35.000 v\u00f6llig ausrastenden Toten-Hosen-Fans passiert das, womit an diesem&hellip;\n","protected":false},"author":2,"featured_media":1264685,"comment_status":"","ping_status":"","sticky":false,"template":"","format":"standard","meta":{"footnotes":"","_share_on_mastodon":"0"},"categories":[1826],"tags":[4408,29,5868,3405,30,692,1310,18662,138370,2992],"class_list":["post-1264684","post","type-post","status-publish","format-standard","has-post-thumbnail","category-hamburg","tag-campino","tag-deutschland","tag-die-toten-hosen","tag-duesseldorf","tag-germany","tag-hamburg","tag-konzert","tag-leandros-vicky","tag-team-first","tag-tournee"],"share_on_mastodon":{"url":"https:\/\/pubeurope.com\/@de\/117169450366969961","error":""},"_links":{"self":[{"href":"https:\/\/www.europesays.com\/de\/wp-json\/wp\/v2\/posts\/1264684","targetHints":{"allow":["GET"]}}],"collection":[{"href":"https:\/\/www.europesays.com\/de\/wp-json\/wp\/v2\/posts"}],"about":[{"href":"https:\/\/www.europesays.com\/de\/wp-json\/wp\/v2\/types\/post"}],"author":[{"embeddable":true,"href":"https:\/\/www.europesays.com\/de\/wp-json\/wp\/v2\/users\/2"}],"replies":[{"embeddable":true,"href":"https:\/\/www.europesays.com\/de\/wp-json\/wp\/v2\/comments?post=1264684"}],"version-history":[{"count":0,"href":"https:\/\/www.europesays.com\/de\/wp-json\/wp\/v2\/posts\/1264684\/revisions"}],"wp:featuredmedia":[{"embeddable":true,"href":"https:\/\/www.europesays.com\/de\/wp-json\/wp\/v2\/media\/1264685"}],"wp:attachment":[{"href":"https:\/\/www.europesays.com\/de\/wp-json\/wp\/v2\/media?parent=1264684"}],"wp:term":[{"taxonomy":"category","embeddable":true,"href":"https:\/\/www.europesays.com\/de\/wp-json\/wp\/v2\/categories?post=1264684"},{"taxonomy":"post_tag","embeddable":true,"href":"https:\/\/www.europesays.com\/de\/wp-json\/wp\/v2\/tags?post=1264684"}],"curies":[{"name":"wp","href":"https:\/\/api.w.org\/{rel}","templated":true}]}}