{"id":1264690,"date":"2026-08-27T20:53:19","date_gmt":"2026-08-27T20:53:19","guid":{"rendered":"https:\/\/www.europesays.com\/de\/1264690\/"},"modified":"2026-08-27T20:53:19","modified_gmt":"2026-08-27T20:53:19","slug":"berlin-linke-nutzt-bomben-evakuierung-in-neukoelln-fuer-wahlkampf-berlin","status":"publish","type":"post","link":"https:\/\/www.europesays.com\/de\/1264690\/","title":{"rendered":"Berlin: Linke nutzt Bomben-Evakuierung in Neuk\u00f6lln f\u00fcr Wahlkampf | Berlin"},"content":{"rendered":"<p>Neuk\u00f6lln \u2013 <b>Wie dreist und empathielos sind die Linken? Die Hauptstadt bangte am Mittwochabend, dass die Entsch\u00e4rfung einer Weltkriegsbombe glimpflich \u00fcber die B\u00fchne geht. Die Linke nutzte die Situation f\u00fcr Wahlkampf.<\/b><\/p>\n<p>5600 Haushalte wurden vorsorglich evakuiert. Das Bezirksamt brachte etwa 200 Betroffene in der Adolf-Reichwein-Schule unter, solange Entsch\u00e4rfung und Evakuierung dauerten. Dank des gemeinsamen Einsatzes von THW, DRK, <a href=\"https:\/\/www.bz-berlin.de\/thema\/berliner-polizei\" class=\"text-link\" rel=\"nofollow noopener\" target=\"_blank\">Polizei<\/a> und Ordnungsamt funktionierte alles sehr gut.<\/p>\n<p>Was die Helfer jedoch emp\u00f6rte: Die Linke <a href=\"https:\/\/www.bz-berlin.de\/berlin\/neukoelln\" class=\"text-link\" rel=\"nofollow noopener\" target=\"_blank\">Neuk\u00f6lln<\/a> hatte ausgerechnet in dieser Situation offenkundig nur das Thema Wahlkampf im Kopf. Selbst auf dem Gel\u00e4nde der Notunterkunft sollen Flyer verteilt worden sein, berichten Zeugen. Davor baute die Partei einen Infostand auf!<\/p>\n<p><img decoding=\"async\" width=\"992\" height=\"1309\" alt=\"Wahlkampf vor der Notunterkunft: der umstrittene Neuk\u00f6llner B\u00fcrgermeisterkandidat Ahmed Abed von der Linken (mit Basecap)\" loading=\"lazy\" src=\"https:\/\/www.europesays.com\/de\/wp-content\/uploads\/2026\/08\/6f051d94df504229e5b8154b76250703,1fae2e1d.webp\"   class=\"dynamic\"\/><\/p>\n<p class=\"fig__caption__text\">Wahlkampf vor der Notunterkunft: der umstrittene Neuk\u00f6llner B\u00fcrgermeisterkandidat Ahmed Abed von der Linken (mit Basecap)<\/p>\n<p>Foto: Privat<\/p>\n<p>Mit dabei der umstrittene Neuk\u00f6llner B\u00fcrgermeisterkandidat Ahmed Abed (<a href=\"https:\/\/www.bz-berlin.de\/thema\/die-linke\" class=\"text-link\" rel=\"nofollow noopener\" target=\"_blank\">Linke<\/a>). Er sei mittels Hausrecht vom Gel\u00e4nde verwiesen worden, hei\u00dft es aus dem Bezirksamt. Sozialstadtrat Hannes Rehfeldt (<a href=\"https:\/\/www.bz-berlin.de\/thema\/cdu-berlin\" class=\"text-link\" rel=\"nofollow noopener\" target=\"_blank\">CDU<\/a>) ist vom Verhalten der SED-Erben entsetzt. \u201eDas ist unanst\u00e4ndig und auf niedrigster moralischer Stufe\u201c, so der Politiker zur B.Z.: \u201eDie Linke Neuk\u00f6lln hat damit in einer sehr fordernden Lage f\u00fcr alle Beteiligten wertvolle Ressourcen gebunden und den Einsatz des Bezirksamtes behindert.\u201c<\/p>\n<p>Die Linke Neuk\u00f6lln lie\u00df eine Anfrage der B.Z. unbeantwortet.<\/p>\n<p>100 Kilo schwerer Sprengsatz<\/p>\n<p>Die Bombe wurde am Vormittag bei Kanalarbeiten im Neuk\u00f6llner Schifffahrtskanal gefunden. Der 100 Kilogramm schwere Sprengsatz wurde <a href=\"https:\/\/www.bz-berlin.de\/berlin\/neukoelln\/neukoelln-weltkriegsbombe-kurz-vor-mitternacht-entschaerft-6a8fc9f1518a586e18559a9d\" class=\"text-link\" rel=\"nofollow noopener\" target=\"_blank\">zur Entsch\u00e4rfung ans Ufer gebracht<\/a>. Mit einer Hochdruckwasserschneidanlage wurde der Z\u00fcnder herausgeschnitten. Ein Transport zu einem Sprengplatz war laut Polizei zu riskant.<\/p>\n<p><b>Der Kampfmittelr\u00e4umdienst war gegen 23 Uhr mit der <\/b><a href=\"https:\/\/www.bz-berlin.de\/thema\/bombenentschaerfung\" class=\"text-link\" rel=\"nofollow noopener\" target=\"_blank\"><b>Entsch\u00e4rfung<\/b><\/a><b> fertig. Kurz vor Mitternacht konnten die Menschen zur\u00fcck in ihre Wohnungen.<\/b><\/p>\n<p>Haben Sie einen Fehler in diesem Artikel entdeckt? Dann schreiben Sie uns gern: <a href=\"mailto:fehler.melden@bz.de?body=%0A%0A%0AURL%3A%20https%3A%2F%2Fwww.bz-berlin.de%2Fberlin%2Fneukoelln%2Fberlin-linke-nutzt-bomben-evakuierung-in-neukoelln-fuer-wahlkampf-6a903c9c14f40f555e0a3c38%0ADatum%3A%2027.8.2026%2C%2022%3A53%3A07%0A\" target=\"_blank\" rel=\"noopener\" class=\"anchor anchor--external\">fehler.melden@bz.de.<\/a><\/p>\n","protected":false},"excerpt":{"rendered":"Neuk\u00f6lln \u2013 Wie dreist und empathielos sind die Linken? Die Hauptstadt bangte am Mittwochabend, dass die Entsch\u00e4rfung einer&hellip;\n","protected":false},"author":2,"featured_media":1264691,"comment_status":"","ping_status":"","sticky":false,"template":"","format":"standard","meta":{"footnotes":"","_share_on_mastodon":"0"},"categories":[1825],"tags":[25017,296,64594,10922,7667,9154,199152,29,199151,6308,30,121],"class_list":["post-1264690","post","type-post","status-publish","format-standard","has-post-thumbnail","category-berlin","tag-a2","tag-berlin","tag-berlin-wahl","tag-blindgaenger","tag-bombe","tag-bombenentschaerfung","tag-cdu-berlin","tag-deutschland","tag-die-linke-berlin","tag-evakuierung","tag-germany","tag-polizei"],"share_on_mastodon":{"url":"https:\/\/pubeurope.com\/@de\/117169463560802348","error":""},"_links":{"self":[{"href":"https:\/\/www.europesays.com\/de\/wp-json\/wp\/v2\/posts\/1264690","targetHints":{"allow":["GET"]}}],"collection":[{"href":"https:\/\/www.europesays.com\/de\/wp-json\/wp\/v2\/posts"}],"about":[{"href":"https:\/\/www.europesays.com\/de\/wp-json\/wp\/v2\/types\/post"}],"author":[{"embeddable":true,"href":"https:\/\/www.europesays.com\/de\/wp-json\/wp\/v2\/users\/2"}],"replies":[{"embeddable":true,"href":"https:\/\/www.europesays.com\/de\/wp-json\/wp\/v2\/comments?post=1264690"}],"version-history":[{"count":0,"href":"https:\/\/www.europesays.com\/de\/wp-json\/wp\/v2\/posts\/1264690\/revisions"}],"wp:featuredmedia":[{"embeddable":true,"href":"https:\/\/www.europesays.com\/de\/wp-json\/wp\/v2\/media\/1264691"}],"wp:attachment":[{"href":"https:\/\/www.europesays.com\/de\/wp-json\/wp\/v2\/media?parent=1264690"}],"wp:term":[{"taxonomy":"category","embeddable":true,"href":"https:\/\/www.europesays.com\/de\/wp-json\/wp\/v2\/categories?post=1264690"},{"taxonomy":"post_tag","embeddable":true,"href":"https:\/\/www.europesays.com\/de\/wp-json\/wp\/v2\/tags?post=1264690"}],"curies":[{"name":"wp","href":"https:\/\/api.w.org\/{rel}","templated":true}]}}