{"id":1264692,"date":"2026-08-27T20:54:17","date_gmt":"2026-08-27T20:54:17","guid":{"rendered":"https:\/\/www.europesays.com\/de\/1264692\/"},"modified":"2026-08-27T20:54:17","modified_gmt":"2026-08-27T20:54:17","slug":"hessen-mt-melsungen-unterliegt-bei-golla-comeback-gegen-berlin-knapp","status":"publish","type":"post","link":"https:\/\/www.europesays.com\/de\/1264692\/","title":{"rendered":"Hessen: MT Melsungen unterliegt bei Golla-Comeback gegen Berlin knapp"},"content":{"rendered":"<p>            <img loading=\"lazy\" decoding=\"async\" class=\"ts-image\" src=\"https:\/\/www.europesays.com\/de\/wp-content\/uploads\/2026\/08\/hr-selbst-mt-rueckkehrer-johannes-golla-bekommt-berlin-nicht-gestoppt-102.jpg\" alt=\"MT Melsungen: Johannes Golla beim Spiel in Berlin\" title=\"Selbst MT-R\u00fcckkehrer Johannes Golla bekommt Berlin nicht gestoppt. | IMAGO \/ HMB-Media\"\/><\/p>\n<p class=\"metatextline\">Stand: 27.08.2026 \u2022 21:58 Uhr<\/p>\n<p class=\"article-head__shorttext\">\n        <strong>Zu Gast bei den F\u00fcchsen Berlin sieht die MT Melsungen lange Zeit wenig Land. Dabei hatten sich die Nordhessen den Start in die Handball-Bundesliga und das Comeback von Johannes Golla ganz anders vorgestellt.<\/strong>\n    <\/p>\n<p class=\"textabsatz m-ten m-offset-one l-eight l-offset-two columns twelve\">Die MT Melsungen hat ihr Auftaktspiel in der neuen Saison der Handball-Bundesliga verloren. Zu Gast bei den F\u00fcchsen Berlin unterlagen die Nordhessen am Donnerstagabend in der gut gef\u00fcllten Max-Schmeling-Halle am Ende knapp mit 31:33 (9:17).<\/p>\n<p class=\"textabsatz m-ten m-offset-one l-eight l-offset-two columns twelve\">Viele Augen waren dabei auf Johannes Golla gerichtet, denn f\u00fcr den Nationalmannschaftskapit\u00e4n war es das erste Pflichtspiel f\u00fcr die MT nach der R\u00fcckkehr an seinen ehemaligen Wohnort Melsungen. Der 28 Jahre alte Kreisl\u00e4ufer hatte zuvor <a href=\"https:\/\/www.hessenschau.de\/sport\/handball\/mt-melsungen\/johannes-golla-ich-habe-noch-nie-so-einen-trainer-wie-parrondo-erlebt-v1,interview-golla-100.html\" title=\"im gro\u00dfen Interview mit dem hr-sport\" class=\"textlink--extern\" target=\"_blank\" rel=\"noopener nofollow\">im gro\u00dfen Interview mit dem hr-sport<\/a> selbstbewusst gesagt, dass sein neues Team &#8222;die Ambitionen hat, Berlin einen schwierigen Abend zu bereiten&#8220;.<\/p>\n<p>    MT bekommt F\u00fcchse-Duo nicht gestoppt<\/p>\n<p class=\"textabsatz m-ten m-offset-one l-eight l-offset-two columns twelve\">Doch es kam zun\u00e4chst anders: Die Nordhessen liefen insbesondere im ersten Durchgang viel hinterher, dabei halfen auch die fr\u00fch genommenen Auszeiten von Trainer Roberto Garcia Parrondo wenig. Vor allem deswegen, weil Matthes Langhoff und Mathias Gidsel, der Welthandballer und Torsch\u00fctzenk\u00f6nig der vergangenen Saison, ein \u00fcberragendes Spiel f\u00fcr die F\u00fcchse ablieferten und zusammen gleich 16 Treffer beisteuerten.<\/p>\n<p class=\"textabsatz m-ten m-offset-one l-eight l-offset-two columns twelve\">Melsungen konnte sich nach der Halbzeitpause zwar deutlich berappeln, auch weil Golla mehr Einfluss aufs Spiel hatte, doch die sp\u00e4te wie starke Aufholjagd der Nordhessen blieb unbelohnt. Bereits kommenden Mittwoch (19 Uhr) kann seine MT es besser machen, denn dann steht f\u00fcr sie gegen Frisch Auf G\u00f6ppingen das erste Heimspiel der neuen Saison in der Rothenbach-Halle an.<\/p>\n<p>F\u00fcchse Berlin &#8211; MT Melsungen 33:31 (17:9)<\/p>\n<p>            <strong>Tore f\u00fcr Berlin:<\/strong> Langhoff (9), Freih\u00f6fer (7\/5 Siebenmeter), Gidsel (7), Gr\u00f6ndahl (5), Marsenic (2), West av Teigum (2), Palicka (1)<br \/><strong>Tore f\u00fcr Melsungen:<\/strong> Mensing (6), Ignatow (5), Drosten (4\/3), Stefansson (4), Golla (3), Balenciaga (2), Dujshebaev (2), Garcia (2), Kristopans (2), Schefvert (1)<br \/><strong>Zuschauer:<\/strong> 8132<\/p>\n<p>                                        <a class=\"backlink__link\" href=\"https:\/\/www.hessenschau.de\/sport\/handball\/mt-melsungen\/mt-melsungen-unterliegt-bei-golla-comeback-gegen-berlin-knapp-v1,mt-melsungen-berlin-102.html\" rel=\"nofollow noopener\" target=\"_blank\"><\/p>\n<p>                                                <img decoding=\"async\" src=\"https:\/\/images.tagesschau.de\/image\/d5dbef2b-a561-4a5d-8a3f-af75f4c80994\/AAABlap_bik\/AAABnR8VW9w\/original\/lra-hr-logo-100.svg\" alt=\"Hessischer Rundfunk\"\/><\/p>\n<p>                                        <\/a><\/p>\n","protected":false},"excerpt":{"rendered":"Stand: 27.08.2026 \u2022 21:58 Uhr Zu Gast bei den F\u00fcchsen Berlin sieht die MT Melsungen lange Zeit wenig&hellip;\n","protected":false},"author":2,"featured_media":1264693,"comment_status":"","ping_status":"","sticky":false,"template":"","format":"standard","meta":{"footnotes":"","_share_on_mastodon":"0"},"categories":[1825],"tags":[296,29,30,2052,12591],"class_list":["post-1264692","post","type-post","status-publish","format-standard","has-post-thumbnail","category-berlin","tag-berlin","tag-deutschland","tag-germany","tag-hessen","tag-hr"],"share_on_mastodon":{"url":"","error":""},"_links":{"self":[{"href":"https:\/\/www.europesays.com\/de\/wp-json\/wp\/v2\/posts\/1264692","targetHints":{"allow":["GET"]}}],"collection":[{"href":"https:\/\/www.europesays.com\/de\/wp-json\/wp\/v2\/posts"}],"about":[{"href":"https:\/\/www.europesays.com\/de\/wp-json\/wp\/v2\/types\/post"}],"author":[{"embeddable":true,"href":"https:\/\/www.europesays.com\/de\/wp-json\/wp\/v2\/users\/2"}],"replies":[{"embeddable":true,"href":"https:\/\/www.europesays.com\/de\/wp-json\/wp\/v2\/comments?post=1264692"}],"version-history":[{"count":0,"href":"https:\/\/www.europesays.com\/de\/wp-json\/wp\/v2\/posts\/1264692\/revisions"}],"wp:featuredmedia":[{"embeddable":true,"href":"https:\/\/www.europesays.com\/de\/wp-json\/wp\/v2\/media\/1264693"}],"wp:attachment":[{"href":"https:\/\/www.europesays.com\/de\/wp-json\/wp\/v2\/media?parent=1264692"}],"wp:term":[{"taxonomy":"category","embeddable":true,"href":"https:\/\/www.europesays.com\/de\/wp-json\/wp\/v2\/categories?post=1264692"},{"taxonomy":"post_tag","embeddable":true,"href":"https:\/\/www.europesays.com\/de\/wp-json\/wp\/v2\/tags?post=1264692"}],"curies":[{"name":"wp","href":"https:\/\/api.w.org\/{rel}","templated":true}]}}