{"id":1264710,"date":"2026-08-27T21:05:23","date_gmt":"2026-08-27T21:05:23","guid":{"rendered":"https:\/\/www.europesays.com\/de\/1264710\/"},"modified":"2026-08-27T21:05:23","modified_gmt":"2026-08-27T21:05:23","slug":"trauer-um-andreas-hoppe-so-reagiert-tatort-kollegin-ulrike-folkerts","status":"publish","type":"post","link":"https:\/\/www.europesays.com\/de\/1264710\/","title":{"rendered":"Trauer um Andreas Hoppe: So reagiert &#8222;Tatort&#8220;-Kollegin Ulrike Folkerts"},"content":{"rendered":"<p>\nNach Tod von Andreas Hoppe\n<\/p>\n<p>Aktualisiert am 27.08.2026, 20:53 Uhr\n<\/p>\n<p><a href=\"https:\/\/i0.web.de\/image\/268\/42658268,pd=2\/ulrike-folkerts-andreas-hoppe.jpg\" data-brain-zone=\".42658234.content.lead.1\" data-component-path=\"content.lead.1\" data-component-name=\"article-image\" rel=\"nofollow noopener\" target=\"_blank\"> <\/p>\n<p><img loading=\"lazy\" decoding=\"async\" src=\"https:\/\/www.europesays.com\/de\/wp-content\/uploads\/2026\/08\/ulrike-folkerts-andreas-hoppe.jpg\" alt=\"Ulrike Folkerts und Andreas Hoppe\" width=\"950\" height=\"534\"\/><\/p>\n<p><\/a> <\/p>\n<p>\nUlrike Folkerts und Andreas Hoppe waren jahrelang ein Team.<br \/>\n\u00a9\u00a0imago\/Future Image\/imago stock&amp;people\n<\/p>\n<p class=\"content__description\" data-speakable=\"\">Mehr als zwei Jahrzehnte verk\u00f6rperte Andreas Hoppe den Kommissar Mario Kopper im Ludwigshafener &#8222;Tatort&#8220;. Nun ist der Schauspieler unerwartet gestorben. Seine langj\u00e4hrige Kollegin Ulrike Folkerts zeigt sich ersch\u00fcttert.<\/p>\n<p data-speakable=\"\">Der Schauspieler <a data-component-name=\"link.semantic\" data-brain-zone=\".42658234.content.textlink_1\" data-component-path=\"content.textlink_1\" href=\"https:\/\/web.de\/magazine\/unterhaltung\/thema\/andreas-hoppe\" rel=\"nofollow noopener\" target=\"_blank\">Andreas Hoppe<\/a>, der als &#8222;<a data-component-name=\"link.semantic\" data-brain-zone=\".42658234.content.textlink_2\" data-component-path=\"content.textlink_2\" href=\"https:\/\/web.de\/magazine\/unterhaltung\/filme-serien-kino\/tatort\/\" rel=\"nofollow noopener\" target=\"_blank\">Tatort<\/a>&#8222;-Ermittler Mario Kopper einem Millionenpublikum vertraut war, ist mit 66 Jahren bereits am 17. August unerwartet verstorben. Der geb\u00fcrtige Berliner, der am 1. Juni 1960 zur Welt kam, hatte seinen Lebensmittelpunkt zuletzt ebenfalls in der Hauptstadt.<\/p>\n<p data-speakable=\"\">Zwischen 1996 und 2018 stand Hoppe laut SWR-Angaben f\u00fcr insgesamt 57 Folgen der Krimireihe als Kommissar Kopper vor der Kamera. An seiner Seite ermittelte stets <a data-component-name=\"link.semantic\" data-brain-zone=\".42658234.content.textlink_3\" data-component-path=\"content.textlink_3\" href=\"https:\/\/web.de\/magazine\/unterhaltung\/thema\/ulrike-folkerts\" rel=\"nofollow noopener\" target=\"_blank\">Ulrike Folkerts<\/a> in der Rolle der Lena Odenthal. <\/p>\n<p data-speakable=\"\">Die Figur Kopper \u2013 mit italienischen Wurzeln ausgestattet, leidenschaftlicher Koch und zuletzt in einer Wohngemeinschaft mit Odenthal lebend \u2013 brachte eine besondere W\u00e4rme in die Ludwigshafener F\u00e4lle. Den Auftakt bildete die Folge &#8222;Der kalte Tod&#8220;.<\/p>\n<p>Ulrike Folkerts: &#8222;Das war viel zu fr\u00fch&#8220;<\/p>\n<p data-speakable=\"\">Hoppes langj\u00e4hrige Partnerin vor der Kamera reagierte mit gro\u00dfer Best\u00fcrzung auf die Nachricht. &#8222;Ich bin zutiefst ersch\u00fcttert, dass mein Kollege und Freund Andi verstorben ist&#8220;, wird Folkerts zitiert. Die Verbindung zwischen beiden reichte weit \u00fcber den &#8222;Tatort&#8220; hinaus: Bereits von 1982 bis 1986 besuchten sie dieselbe Schauspielschule und geh\u00f6rten derselben Klasse an. Dort h\u00e4tten sie &#8222;zusammen die ersten Schritte Richtung B\u00fchne gewagt&#8220;, so Folkerts.<\/p>\n<p data-speakable=\"\">Ihre Trauer fasste die Schauspielerin in emotionale Worte: &#8222;Ich bin traurig, Andi, das war viel zu fr\u00fch, Du warst so ein besonderer Typ! Mein tiefes Mitgef\u00fchl f\u00fcr all diejenigen, die zuletzt ganz nah bei Dir waren! Ciao Kopper.&#8220;<\/p>\n<p>SWR-Intendant w\u00fcrdigt Andreas Hoppe<\/p>\n<p data-speakable=\"\">Auch SWR-Intendant Kai Gniffke \u00e4u\u00dferte sich betroffen. Hoppe sei nahbar und glaubw\u00fcrdig gewesen, stets &#8222;mit dem Herz am rechten Fleck&#8220;, erkl\u00e4rte Gniffke. Der Schauspieler habe den &#8222;Tatort&#8220; bereichert und nachhaltig gepr\u00e4gt. &#8222;Wir sind best\u00fcrzt, dass dieser gro\u00dfartige Schauspieler und K\u00fcnstler so fr\u00fch von uns gegangen ist&#8220;, so der Intendant.<\/p>\n<p><strong>Empfehlungen der Redaktion<\/strong><\/p>\n<p data-speakable=\"\">Hoppe selbst hatte das Engagement bei der Krimireihe einst als &#8222;Ritterschlag&#8220; bezeichnet. Allerdings sei die Figur Kopper vom Sender irgendwann nicht mehr gewollt oder gef\u00f6rdert worden, wie er berichtete.<\/p>\n<p>Auch abseits der Schauspielerei hinterlie\u00df Hoppe Spuren: Er verfasste ein Sizilien-Kochbuch sowie das Werk &#8222;Allein unter Gurken&#8220; (2009), das sich mit regionaler Ern\u00e4hrung befasst. In seinem autobiografischen Buch &#8222;Die Hoffnung und der Wolf&#8220; (2019) widmete er sich dem Zusammenleben von Mensch und Tier \u2013 Ausdruck seines Engagements f\u00fcr Umwelt und Natur. (red)<\/p>\n<p><strong>Verwendete Quelle:<\/strong> <\/p>\n","protected":false},"excerpt":{"rendered":"Nach Tod von Andreas Hoppe Aktualisiert am 27.08.2026, 20:53 Uhr Ulrike Folkerts und Andreas Hoppe waren jahrelang ein&hellip;\n","protected":false},"author":2,"featured_media":1264711,"comment_status":"","ping_status":"","sticky":false,"template":"","format":"standard","meta":{"footnotes":"","_share_on_mastodon":"0"},"categories":[155],"tags":[261045,29,214,30,261046,1755,218,47516,215],"class_list":["post-1264710","post","type-post","status-publish","format-standard","has-post-thumbnail","category-unterhaltung","tag-andreas-hoppe","tag-deutschland","tag-entertainment","tag-germany","tag-mario-kopper","tag-swr","tag-tatort","tag-ulrike-folkerts","tag-unterhaltung"],"share_on_mastodon":{"url":"https:\/\/pubeurope.com\/@de\/117169509417569067","error":""},"_links":{"self":[{"href":"https:\/\/www.europesays.com\/de\/wp-json\/wp\/v2\/posts\/1264710","targetHints":{"allow":["GET"]}}],"collection":[{"href":"https:\/\/www.europesays.com\/de\/wp-json\/wp\/v2\/posts"}],"about":[{"href":"https:\/\/www.europesays.com\/de\/wp-json\/wp\/v2\/types\/post"}],"author":[{"embeddable":true,"href":"https:\/\/www.europesays.com\/de\/wp-json\/wp\/v2\/users\/2"}],"replies":[{"embeddable":true,"href":"https:\/\/www.europesays.com\/de\/wp-json\/wp\/v2\/comments?post=1264710"}],"version-history":[{"count":0,"href":"https:\/\/www.europesays.com\/de\/wp-json\/wp\/v2\/posts\/1264710\/revisions"}],"wp:featuredmedia":[{"embeddable":true,"href":"https:\/\/www.europesays.com\/de\/wp-json\/wp\/v2\/media\/1264711"}],"wp:attachment":[{"href":"https:\/\/www.europesays.com\/de\/wp-json\/wp\/v2\/media?parent=1264710"}],"wp:term":[{"taxonomy":"category","embeddable":true,"href":"https:\/\/www.europesays.com\/de\/wp-json\/wp\/v2\/categories?post=1264710"},{"taxonomy":"post_tag","embeddable":true,"href":"https:\/\/www.europesays.com\/de\/wp-json\/wp\/v2\/tags?post=1264710"}],"curies":[{"name":"wp","href":"https:\/\/api.w.org\/{rel}","templated":true}]}}