{"id":1264754,"date":"2026-08-27T21:35:30","date_gmt":"2026-08-27T21:35:30","guid":{"rendered":"https:\/\/www.europesays.com\/de\/1264754\/"},"modified":"2026-08-27T21:35:30","modified_gmt":"2026-08-27T21:35:30","slug":"newsblog-ukraine-krieg-gouverneur-laesst-cherson-evakuieren","status":"publish","type":"post","link":"https:\/\/www.europesays.com\/de\/1264754\/","title":{"rendered":"Newsblog Ukraine-Krieg: Gouverneur l\u00e4sst Cherson evakuieren"},"content":{"rendered":"<p>Newsblog zum Krieg in der Ukraine <\/p>\n<p>Gouverneur: Einwohner sollen Cherson evakuieren<\/p>\n<p>Aktualisiert am 27.08.2026 &#8211; 22:29 UhrLesedauer: 17 Min.<\/p>\n<p><a href=\"#focus-0\" class=\"transition-colors block text-current relative\" data-sctrack=\"FocusGalleryImage.Reference\"><img fetchpriority=\"high\" data-testid=\"Opener.Image\"   loading=\"eager\" src=\"https:\/\/www.europesays.com\/de\/wp-content\/uploads\/2026\/08\/zwei-ukrainische-soldaten-stehen-neben-einem-schild-mit-der-aufschrift-gebiet-cherson.jpg\" alt=\"Zwei ukrainische Soldaten stehen neben einem Schild mit der Aufschrift &quot;Gebiet Cherson&quot;.\" title=\"Zwei ukrainische Soldaten stehen neben einem Schild mit der Aufschrift &quot;Gebiet Cherson&quot;.\" width=\"1386\" height=\"780\" class=\"bg-[url:var(--lqipURL)] bg-cover bg-center flex h-full w-full max-w-full\" style=\"--lqipURL:url('https:\/\/images.t-online.de\/2026\/08\/r45rBC0XCIsh\/376x363:1386x780\/fit-in\/150x0\/filters:blur(25)\/zwei-ukrainische-soldaten-stehen-neben-einem-schild-mit-der-aufschrift-gebiet-cherson.jpg')\" decoding=\"async\"\/><img loading=\"lazy\" src=\"https:\/\/www.t-online.de\/s\/paper\/_next\/static\/media\/zoom-in.f7dae02f.svg\" alt=\"Vergr\u00f6\u00dfern des Bildes\" title=\"Vergr\u00f6\u00dfern des Bildes\" class=\"block h-[calc(var(--height)_\/_16_*_1rem)] w-[calc(var(--width)_\/_16_*_1rem)] max-w-none absolute right-8 bottom-8 rounded-4 bg-snow p-8\" style=\"--width:32;--height:32\" decoding=\"async\"\/><\/a><\/p>\n<p>Zwei ukrainische Soldaten stehen neben einem Schild mit der Aufschrift &#8222;Gebiet Cherson&#8220;. (Quelle: Bernat Armangue)<\/p>\n<p class=\"font-bold text-18 leading-17 user-text-lg:text-22 user-text-xl:text-24\">Trump spricht mit Putin. Eine ukrainische Gro\u00dfstadt wird evakuiert. Alle Entwicklungen im Newsblog.<\/p>\n<p>Cherson: Gouverneur ruft zu Evakuierung auf<\/p>\n<p class=\"text-18 leading-17 user-text-lg:text-22 user-text-xl:text-24\">Angesichts der zunehmenden russischen Angriffe auf Cherson haben die Beh\u00f6rden die Einwohner der s\u00fcdukrainischen Stadt zur Evakuierung aufgerufen. &#8222;Ich wende mich erneut an die Einwohner von Cherson, insbesondere an Familien mit Kindern und \u00e4ltere Menschen: Wenn Sie die M\u00f6glichkeit haben (&#8230;), bitte verlassen Sie die Stadt&#8220;, schrieb der Gouverneur der Region Cherson, Oleksandr Prokudin, am Donnerstag im Onlinedienst Telegram.<\/p>\n<p class=\"text-18 leading-17 user-text-lg:text-22 user-text-xl:text-24\">Aufgrund der russischen Angriffe wird bef\u00fcrchtet, dass die Strom- und W\u00e4rmeversorgung in der Stadt f\u00fcr l\u00e4ngere Zeit ausfallen k\u00f6nnte. Vor dem russischen Angriffskrieg war Cherson eine Gro\u00dfstadt mit fast 300.000 Einwohnern.<\/p>\n<p>Trump: Putin &#8222;wird kein Nato-Gebiet angreifen&#8220;<\/p>\n<p class=\"text-18 leading-17 user-text-lg:text-22 user-text-xl:text-24\">US-Pr\u00e4sident <a href=\"https:\/\/www.t-online.de\/themen\/donald-trump\/\" class=\"transition-colors cursor-pointer no-underline md:hover:text-magenta md:focus:text-magenta border-b border-solid border-current text-salemsfur md:hover:border-magenta\" data-tracking=\"{&quot;action&quot;:&quot;click&quot;,&quot;category&quot;:&quot;intextLink&quot;,&quot;label&quot;:&quot;\/themen\/donald-trump\/&quot;}\" data-sctrack=\"BodyAnchor\" rel=\"nofollow noopener\" target=\"_blank\">Donald Trump<\/a> hat Medienberichte \u00fcber m\u00f6gliche Angriffspl\u00e4ne auf Nato-Territorium zur\u00fcckgewiesen. Er habe gute Gespr\u00e4che mit Kremlchef <a href=\"https:\/\/www.t-online.de\/themen\/wladimir-putin\/\" class=\"transition-colors cursor-pointer no-underline md:hover:text-magenta md:focus:text-magenta border-b border-solid border-current text-salemsfur md:hover:border-magenta\" data-tracking=\"{&quot;action&quot;:&quot;click&quot;,&quot;category&quot;:&quot;intextLink&quot;,&quot;label&quot;:&quot;\/themen\/wladimir-putin\/&quot;}\" data-sctrack=\"BodyAnchor\" rel=\"nofollow noopener\" target=\"_blank\">Wladimir Putin<\/a> gef\u00fchrt, sagte Trump am Donnerstag vor Journalisten im Wei\u00dfen Haus. &#8222;Er wird kein Nato-Gebiet angreifen.&#8220;<\/p>\n<p class=\"text-18 leading-17 user-text-lg:text-22 user-text-xl:text-24\">Hintergrund der \u00c4u\u00dferungen ist eine Reise von CIA-Chef John Ratcliffe nach <a href=\"https:\/\/www.t-online.de\/themen\/moskau\/\" class=\"transition-colors cursor-pointer no-underline md:hover:text-magenta md:focus:text-magenta border-b border-solid border-current text-salemsfur md:hover:border-magenta\" data-tracking=\"{&quot;action&quot;:&quot;click&quot;,&quot;category&quot;:&quot;intextLink&quot;,&quot;label&quot;:&quot;\/themen\/moskau\/&quot;}\" data-sctrack=\"BodyAnchor\" rel=\"nofollow noopener\" target=\"_blank\">Moskau<\/a> am Dienstag, bei der er die russische F\u00fchrung US-Medienberichten zufolge vor Angriffen auf Nato-Staaten gewarnt haben soll. Demnach h\u00e4tten Einsch\u00e4tzungen des US-Geheimdienstes darauf hingedeutet, dass Moskau versuchen k\u00f6nnte, das Verteidigungsb\u00fcndnis auf die Probe zu stellen. Der Kreml tat dies als &#8222;realit\u00e4tsfern&#8220; ab.<\/p>\n<p class=\"text-18 leading-17 user-text-lg:text-22 user-text-xl:text-24\">Auf die Berichte zu den m\u00f6glichen russischen Angriffspl\u00e4nen angesprochen, sagte Trump, er wolle sich dazu &#8222;nicht \u00e4u\u00dfern&#8220;. &#8222;Aber sie werden nicht angreifen&#8220;, f\u00fcgte er hinzu. Bereits am Mittwoch hatte Trump erkl\u00e4rt, dass Ratcliffes Reise nichts mit russischen Drohungen gegen Nato-Staaten zu tun gehabt habe. Er deutete stattdessen an, dass der Besuch im Zusammenhang mit dem Krieg in der <a href=\"https:\/\/www.t-online.de\/themen\/ukraine\/\" class=\"transition-colors cursor-pointer no-underline md:hover:text-magenta md:focus:text-magenta border-b border-solid border-current text-salemsfur md:hover:border-magenta\" data-tracking=\"{&quot;action&quot;:&quot;click&quot;,&quot;category&quot;:&quot;intextLink&quot;,&quot;label&quot;:&quot;\/themen\/ukraine\/&quot;}\" data-sctrack=\"BodyAnchor\" rel=\"nofollow noopener\" target=\"_blank\">Ukraine<\/a> stand.<\/p>\n<p>Russischer Offizier offenbar bei Autoexplosion get\u00f6tet<\/p>\n<p class=\"text-18 leading-17 user-text-lg:text-22 user-text-xl:text-24\">Bei der Explosion eines Autos in Sankt Petersburg ist einem Medienbericht zufolge ein russischer Offizier get\u00f6tet worden. Bei dem Todesopfer handele es sich um einen Oberstleutnant, berichtet die russische Online-Zeitung &#8222;Fontanka&#8220;. Seine Ehefrau, die sich ebenfalls in dem Fahrzeug befunden habe, sei verletzt in ein Krankenhaus gebracht worden.<\/p>\n<p class=\"text-18 leading-17 user-text-lg:text-22 user-text-xl:text-24\">Das russische Ermittlungskomitee teilt mit, es habe nach dem Brand eines Autos ein Strafverfahren eingeleitet. Die Beh\u00f6rde best\u00e4tigt den Tod einer Person und die Verletzung einer weiteren, macht jedoch keine Angaben dazu, ob es sich bei dem Todesopfer um einen Soldaten handelte. Eine Stellungnahme der Ukraine liegt zun\u00e4chst nicht vor.<\/p>\n<p><a href=\"#focus-1\" class=\"transition-colors block text-current relative\" data-sctrack=\"FocusGalleryImage.Reference\"><img   loading=\"lazy\" src=\"https:\/\/www.europesays.com\/de\/wp-content\/uploads\/2026\/08\/ermittler-in-sankt-petersburg-ein-russischer-offizier-ist-tot.jpg\" alt=\"Ermittler in Sankt Petersburg: Ein russischer Offizier ist tot.\" title=\"Ermittler in Sankt Petersburg: Ein russischer Offizier ist tot.\" width=\"2048\" height=\"1152\" class=\"h-full w-full max-w-full rounded-8\" decoding=\"async\"\/><img loading=\"lazy\" src=\"https:\/\/www.t-online.de\/s\/paper\/_next\/static\/media\/zoom-in.f7dae02f.svg\" alt=\"Vergr\u00f6\u00dfern des Bildes\" title=\"Vergr\u00f6\u00dfern des Bildes\" class=\"block h-[calc(var(--height)_\/_16_*_1rem)] w-[calc(var(--width)_\/_16_*_1rem)] max-w-none absolute right-8 bottom-8 rounded-4 bg-snow p-8\" style=\"--width:32;--height:32\" decoding=\"async\"\/>Ermittler in Sankt Petersburg: Ein russischer Offizier ist tot. (Quelle: Stringer\/reuters)<\/a><\/p>\n","protected":false},"excerpt":{"rendered":"Newsblog zum Krieg in der Ukraine Gouverneur: Einwohner sollen Cherson evakuieren Aktualisiert am 27.08.2026 &#8211; 22:29 UhrLesedauer: 17&hellip;\n","protected":false},"author":2,"featured_media":34014,"comment_status":"","ping_status":"","sticky":false,"template":"","format":"standard","meta":{"footnotes":"","_share_on_mastodon":"0"},"categories":[4013],"tags":[1217,326,6079,522,331,332,2140,513,12796,106,6077,444,6308,514,325,19387,13,12797,5793,5020,12256,451,308,14,1159,15,3129,261305,3186,4043,4044,850,307,41599,12,5870,6075,317,312,306],"class_list":["post-1264754","post","type-post","status-publish","format-standard","has-post-thumbnail","category-russland","tag-1217","tag-326","tag-6079","tag-522","tag-aktuelle-nachrichten","tag-aktuelle-news","tag-angriff","tag-auto","tag-cia","tag-donald-trump","tag-donezk","tag-elon-musk","tag-evakuierung","tag-fahrzeug","tag-geheimdienst","tag-grossstadt","tag-headlines","tag-john-ratcliffe","tag-kiew","tag-kreml","tag-luhansk","tag-militaer","tag-moskau","tag-nachrichten","tag-nato","tag-news","tag-newsblog","tag-oleksandr-prokudin","tag-reuters","tag-russia","tag-russian-federation","tag-russische-foederation","tag-russland","tag-sankt-petersburg","tag-schlagzeilen","tag-spacex","tag-telegram","tag-ukraine","tag-ukrainekrieg","tag-wladimir-putin"],"share_on_mastodon":{"url":"","error":"Validation failed: Text character limit of 500 exceeded"},"_links":{"self":[{"href":"https:\/\/www.europesays.com\/de\/wp-json\/wp\/v2\/posts\/1264754","targetHints":{"allow":["GET"]}}],"collection":[{"href":"https:\/\/www.europesays.com\/de\/wp-json\/wp\/v2\/posts"}],"about":[{"href":"https:\/\/www.europesays.com\/de\/wp-json\/wp\/v2\/types\/post"}],"author":[{"embeddable":true,"href":"https:\/\/www.europesays.com\/de\/wp-json\/wp\/v2\/users\/2"}],"replies":[{"embeddable":true,"href":"https:\/\/www.europesays.com\/de\/wp-json\/wp\/v2\/comments?post=1264754"}],"version-history":[{"count":0,"href":"https:\/\/www.europesays.com\/de\/wp-json\/wp\/v2\/posts\/1264754\/revisions"}],"wp:featuredmedia":[{"embeddable":true,"href":"https:\/\/www.europesays.com\/de\/wp-json\/wp\/v2\/media\/34014"}],"wp:attachment":[{"href":"https:\/\/www.europesays.com\/de\/wp-json\/wp\/v2\/media?parent=1264754"}],"wp:term":[{"taxonomy":"category","embeddable":true,"href":"https:\/\/www.europesays.com\/de\/wp-json\/wp\/v2\/categories?post=1264754"},{"taxonomy":"post_tag","embeddable":true,"href":"https:\/\/www.europesays.com\/de\/wp-json\/wp\/v2\/tags?post=1264754"}],"curies":[{"name":"wp","href":"https:\/\/api.w.org\/{rel}","templated":true}]}}