{"id":1264777,"date":"2026-08-27T21:53:20","date_gmt":"2026-08-27T21:53:20","guid":{"rendered":"https:\/\/www.europesays.com\/de\/1264777\/"},"modified":"2026-08-27T21:53:20","modified_gmt":"2026-08-27T21:53:20","slug":"roman-horlamus-wird-neuer-geschaeftsfuehrer","status":"publish","type":"post","link":"https:\/\/www.europesays.com\/de\/1264777\/","title":{"rendered":"Roman Horlamus wird neuer Gesch\u00e4ftsf\u00fchrer"},"content":{"rendered":"<p>Die N\u00fcrnberg Ice Tigers bekommen einen neuen Gesch\u00e4ftsf\u00fchrer: Der bisherige Gesch\u00e4ftsstellenleiter Roman Horlamus f\u00fchrt den fr\u00e4nkischen PENNY DEL-Club ab 1. September im kaufm\u00e4nnischen Bereich erst gemeinsam mit Wolfgang Gastner, nach einer \u00dcbergangsphase dann allein an. Die Neubesetzung der Gesch\u00e4ftsf\u00fchrerposition ist dabei der erste vollzogene Schritt einer vor einigen Monaten begonnenen Neustrukturierung der Gesellschaft, die unter anderem auch die Aufnahme weiterer Gesellschafter vorsieht.<\/p>\n<p>Roman Horlamus ist bereits seit 2007 f\u00fcr die Ice Tigers im PR-Bereich t\u00e4tig. Seit Juni 2018 fungiert der 40 Jahre alte N\u00fcrnberger in einer administrativen F\u00fchrungsfunktion als Gesch\u00e4ftsstellen- und Kommunikationsleiter. \u00a0<\/p>\n<p>\u201eMit Roman verbindet mich eine enge und vertrauensvolle Zusammenarbeit \u00fcber viele Jahre. Uns eint die Leidenschaft f\u00fcr unsere Ice Tigers und der unbedingte Wille, alles f\u00fcr eine erfolgreiche Zukunft zu tun. Ich freue mich sehr dar\u00fcber, dass Roman vor einigen Wochen auf Andi Kurzer und mich zugekommen ist und mit einem detaillierten Konzept f\u00fcr die k\u00fcnftige Aufstellung der Organisation seine Bereitschaft signalisiert hat, jetzt den n\u00e4chsten, logischen Schritt zu gehen und die Gesch\u00e4ftsf\u00fchrung zu \u00fcbernehmen\u201c, sagt Wolfgang Gastner.<\/p>\n<p>Gesellschafter Andreas Kurzer: \u201eRoman ist seit vielen Jahren ein wichtiger und vor allem verl\u00e4sslicher Bestandteil der Ice Tigers. Er kennt unsere Organisation, die Menschen und die besonderen Herausforderungen sehr genau. Wir sind deshalb fest davon \u00fcberzeugt, dass dieser Schritt zum jetzigen Zeitpunkt genau der richtige ist. Gemeinsam mit Roman wollen wir die Gesellschaft weiter stabilisieren, klare Strukturen schaffen und sie nachhaltig und erfolgreich f\u00fcr die Zukunft aufstellen.\u201c<\/p>\n<p>Im Zuge der Neustrukturierung stellen sich die N\u00fcrnberg Ice Tigers in den wichtigen Bereichen Vertrieb und Marketing k\u00fcnftig noch breiter auf. Wolfgang Gastner wechselt nach seinem Ausscheiden als Gesch\u00e4ftsf\u00fchrer in den Vertrieb und koordiniert die Sponsorengewinnung und -betreuung mit seinem Team. Im PR-Bereich \u00fcbernimmt Jennifer Ries die Position der Leiterin Kommunikation und agiert k\u00fcnftig als Ansprechpartnerin f\u00fcr Medienvertreter. Die 28-j\u00e4hrige Kommunikationswissenschaftlerin betreut seit Dezember 2024 die Social-Media-Kan\u00e4le der Ice Tigers und erweitert nun ihre T\u00e4tigkeitsbereiche.<\/p>\n","protected":false},"excerpt":{"rendered":"Die N\u00fcrnberg Ice Tigers bekommen einen neuen Gesch\u00e4ftsf\u00fchrer: Der bisherige Gesch\u00e4ftsstellenleiter Roman Horlamus f\u00fchrt den fr\u00e4nkischen PENNY DEL-Club&hellip;\n","protected":false},"author":2,"featured_media":1264778,"comment_status":"","ping_status":"","sticky":false,"template":"","format":"standard","meta":{"footnotes":"","_share_on_mastodon":"0"},"categories":[1837],"tags":[772,3364,2097,9488,29,2100,30,16734,3783,11406],"class_list":["post-1264777","post","type-post","status-publish","format-standard","has-post-thumbnail","category-nuernberg","tag-bayern","tag-de","tag-del","tag-del2","tag-deutschland","tag-eishockey","tag-germany","tag-ice-tigers","tag-nuernberg","tag-nuernberg-ice-tigers"],"share_on_mastodon":{"url":"https:\/\/pubeurope.com\/@de\/117169698047555132","error":""},"_links":{"self":[{"href":"https:\/\/www.europesays.com\/de\/wp-json\/wp\/v2\/posts\/1264777","targetHints":{"allow":["GET"]}}],"collection":[{"href":"https:\/\/www.europesays.com\/de\/wp-json\/wp\/v2\/posts"}],"about":[{"href":"https:\/\/www.europesays.com\/de\/wp-json\/wp\/v2\/types\/post"}],"author":[{"embeddable":true,"href":"https:\/\/www.europesays.com\/de\/wp-json\/wp\/v2\/users\/2"}],"replies":[{"embeddable":true,"href":"https:\/\/www.europesays.com\/de\/wp-json\/wp\/v2\/comments?post=1264777"}],"version-history":[{"count":0,"href":"https:\/\/www.europesays.com\/de\/wp-json\/wp\/v2\/posts\/1264777\/revisions"}],"wp:featuredmedia":[{"embeddable":true,"href":"https:\/\/www.europesays.com\/de\/wp-json\/wp\/v2\/media\/1264778"}],"wp:attachment":[{"href":"https:\/\/www.europesays.com\/de\/wp-json\/wp\/v2\/media?parent=1264777"}],"wp:term":[{"taxonomy":"category","embeddable":true,"href":"https:\/\/www.europesays.com\/de\/wp-json\/wp\/v2\/categories?post=1264777"},{"taxonomy":"post_tag","embeddable":true,"href":"https:\/\/www.europesays.com\/de\/wp-json\/wp\/v2\/tags?post=1264777"}],"curies":[{"name":"wp","href":"https:\/\/api.w.org\/{rel}","templated":true}]}}