{"id":1264857,"date":"2026-08-27T22:44:33","date_gmt":"2026-08-27T22:44:33","guid":{"rendered":"https:\/\/www.europesays.com\/de\/1264857\/"},"modified":"2026-08-27T22:44:33","modified_gmt":"2026-08-27T22:44:33","slug":"rechtsextreme-artgemeinschaft-durchsuchungen-auch-in-jameln","status":"publish","type":"post","link":"https:\/\/www.europesays.com\/de\/1264857\/","title":{"rendered":"Rechtsextreme &#8222;Artgemeinschaft&#8220;: Durchsuchungen auch in Jameln"},"content":{"rendered":"<p>        <img decoding=\"async\" src=\"https:\/\/www.europesays.com\/de\/wp-content\/uploads\/2026\/06\/polizei5412.webp\" alt=\"Ein Streifenwagen der Polizei als Symbolbild nach einem Unfall.\" title=\"Ein Streifenwagen der Polizei als Symbolbild nach einem Unfall. | NDR, Julius Matuschik\" class=\"responsive\"\/><\/p>\n<p>\n                Stand: 27.08.2026 19:47 Uhr<\/p>\n<p class=\"preface\">Die Polizei hat am Donnerstag Objekte mutma\u00dflicher Mitglieder der verbotenen rechtsextremen &#8222;Artgemeinschaft&#8220; durchsucht &#8211; auch in Niedersachsen. Ausgangspunkt der Ermittlungen soll eine geplante Sonnenwendefeier gewesen sein.<\/p>\n<p class=\"\">Das Bundesinnenministerium hat die <a href=\"https:\/\/www.ndr.de\/nachrichten\/niedersachsen\/verfassungsschutz-extremisten-locken-mit-kampfsport,verfassungsschutzbericht-162.html\" title=\"Verfassungsschutz: Extremisten locken mit Kampfsport\" rel=\"nofollow noopener\" target=\"_blank\">rechtsextreme<\/a> &#8222;Artgemeinschaft&#8220; 2023 verboten. Anh\u00e4nger sollen aber weiter aktiv gewesen sein. Grundlage der Durchsuchungen ist ein Verfahren gegen 15 Beschuldigte, wie die Staatsanwaltschaft Halle (Sachsen-Anhalt) mitteilte. Zuvor hatten verschiedene Medien berichtet. W\u00e4hrend der Eins\u00e4tze sei es zu keinen besonderen Vorkommnissen gekommen, teilte die Staatsanwaltschaft weiter mit. Auch Festnahmen habe es nicht gegeben. Es seien Beweismittel, unter anderem Unterlagen und Datentr\u00e4ger, sichergestellt worden. Die sollen nun ausgewertet werden. Laut Staatsanwaltschaft Halle fanden die Durchsuchungen in Sachsen-Anhalt, Berlin, Brandenburg, Niedersachsen und Nordrhein-Westfalen (NRW) statt. In Niedersachsen durchsuchte die Polizei ein Objekt in der Gemeinde Jameln (Landkreis L\u00fcchow-Dannenberg).<\/p>\n<p>    Auch zwei AfD-Politiker von Durchsuchungen betroffen<\/p>\n<p class=\"\">Die Ermittlungen hatten ihren Ausgangspunkt laut Staatsanwaltschaft Detmold in NRW. Demnach liefen gegen ein Ehepaar und einen weiteren Beschuldigten Ermittlungen wegen des Verdachts, die verbotene Organisation fortzuf\u00fchren. Es sei festgestellt worden, dass sich die drei Beschuldigten an einer sogenannten Sonnenwendefeier im Juni in Gardelegen (Sachsen-Anhalt) beteiligen wollten. Auch in Gardelegen fanden Durchsuchungen statt. Informationen der Deutschen Presse-Agentur (dpa) zufolge waren von den Durchsuchungen auch zwei AfD-Politiker in Sachsen-Anhalt betroffen: Simon Lansmann und Sebastian Koch. Beide kandidieren bei den bevorstehenden Landtagswahlen in Sachsen-Anhalt. Sie wiesen die Vorw\u00fcrfe jeweils \u00fcber ihren Anwalt zur\u00fcck. Nach Angaben des Anwalts fand auf einem von Lansmann bewirtschafteten Grundst\u00fcck in Gardelegen im Juni eine &#8222;private Sommersonnenwendfeier f\u00fcr geladene G\u00e4ste&#8220; statt. Der Durchsuchungsbeschluss stehe im Zusammenhang mit dieser Veranstaltung. Beide distanzierten sich nach Angaben des Anwalts von der Ideologie der Gruppe und seien auch nicht Mitglied.<\/p>\n<p>    &#8222;Artgemeinschaft&#8220; soll verfassungsfeindlich sein<\/p>\n<p class=\"\">Die damalige Innenministerin Nancy Faeser (SPD) bezeichnete die 2023 verbotene &#8222;Artgemeinschaft&#8220; als &#8222;sektenartige, zutiefst rassistische und antisemitische Vereinigung&#8220;. Die Gruppierung klagte gegen das Verbot, das aber im April vom Bundesverwaltungsgericht best\u00e4tigt wurde. Aus Sicht des Bundesinnenministeriums ist der Verein vor allem wegen seiner rassistischen Ideologie verfassungsfeindlich. Die &#8222;Artgemeinschaft&#8220; verbreite unter dem Deckmantel eines pseudoreligi\u00f6sen germanischen G\u00f6tterglaubens ein gegen die Menschenw\u00fcrde versto\u00dfendes Weltbild.<\/p>\n<p>    Sommersonnenwendefeier gab wohl Ausschlag<\/p>\n<p class=\"\">Grunds\u00e4tzlich ist es nicht verboten, dass Menschen, die dem Verein vor dem Verbot zugerechnet wurden, weiter privat Kontakt halten. Die Sonnenwendefeier hatte aber wohl den Ausschlag daf\u00fcr gegeben, dass der Anfangsverdacht eines Versto\u00dfes gegen das Verbot begr\u00fcndet schien &#8211; und die Durchsuchungen geplant wurden.<\/p>\n<p>        <img decoding=\"async\" src=\"https:\/\/www.europesays.com\/de\/wp-content\/uploads\/2026\/06\/kickboxen-102.webp\" alt=\"Ein Kickboxer bindet sich im Ring rote Bandagen an die H\u00e4nde.\" title=\"Ein Kickboxer bindet sich im Ring rote Bandagen an die H\u00e4nde. | picture alliance\/imageBROKER, Andy Gin\" class=\"responsive\" loading=\"lazy\"\/><\/p>\n<p>Sport spielt beim Anwerben neuer Mitglieder eine wichtige Rolle. Es gab einen deutlichen Zuwachs bei Rechtsextremisten in Niedersachen.<\/p>\n<p>        <img decoding=\"async\" src=\"https:\/\/www.europesays.com\/de\/wp-content\/uploads\/2026\/08\/rechtsextremismus-190.webp\" alt=\"Mehre junge Menschen demonstrieren auf einer rechtsextremen Protestmarsch.\" title=\"Mehre junge Menschen demonstrieren auf einer rechtsextremen Protestmarsch. | picture alliance\/dpa-Bildfunk, Jochen Tack\" class=\"responsive\" loading=\"lazy\"\/><\/p>\n<p>Laut Innenministerium geht die gr\u00f6\u00dfte Gefahr von Rechtsextremismus aus. Pr\u00e4ventionsprogrammen fehlt es an Geld und Planungssicherheit.<\/p>\n<p>        <img decoding=\"async\" src=\"https:\/\/www.europesays.com\/de\/wp-content\/uploads\/2026\/08\/generationdeutschland-100.webp\" alt=\"Ein Mann hat ein T-Shirt an, auf dem &quot;Generation Deutschland&quot; steht.\" title=\"Ein Mann hat ein T-Shirt an, auf dem &quot;Generation Deutschland&quot; steht. | dpa, ASSOCIATED PRESS | Martin Meissner\" class=\"responsive\" loading=\"lazy\"\/><\/p>\n<p>Der Nachrichtendienst sieht bereits vor der Gr\u00fcndung in Niedersachsen personelle Kontinuit\u00e4ten zur Vorg\u00e4ngerorganisation.<\/p>\n<p>        <img decoding=\"async\" src=\"https:\/\/www.europesays.com\/de\/wp-content\/uploads\/2026\/08\/tiktok240.webp\" alt=\"Eine Person hat auf einem Smartphone die TikTok-App ge\u00f6ffnet.\" title=\"Eine Person hat auf einem Smartphone die TikTok-App ge\u00f6ffnet. | picture alliance\/dpa | Hannes P Albert, Hannes P Albert\" class=\"responsive\" loading=\"lazy\"\/><\/p>\n<p>Die Radikalisierung finde vor allem auf Instagram, TikTok und in Videospielen statt, warnt der nieders\u00e4chsische Verfassungsschutz.<\/p>\n<p>        <img decoding=\"async\" src=\"https:\/\/www.europesays.com\/de\/wp-content\/uploads\/2026\/08\/razzia-308.webp\" alt=\"Zwei schwarz gekleidete Polizisten stehen mit dem R\u00fccken zur Kamera vor einem Haus\" title=\"Zwei schwarz gekleidete Polizisten stehen mit dem R\u00fccken zur Kamera vor einem Haus | picture alliance\/dpa\" class=\"responsive\" loading=\"lazy\"\/><\/p>\n<p>14 Objekte wurden in Niedersachsen durchsucht &#8211; unter den Beschuldigten ist auch ein aktiver Bundespolizist.<\/p>\n<p>        <img decoding=\"async\" src=\"https:\/\/www.europesays.com\/de\/wp-content\/uploads\/2026\/08\/munition436.webp\" alt=\"Eine Pistole mit Patronen (Themenbild zu &quot;Waffen&quot; \/ &quot;Munition&quot;).\" title=\"Eine Pistole mit Patronen (Themenbild zu &quot;Waffen&quot; \/ &quot;Munition&quot;). | picture alliance\/APA\/picturedesk.com, Hans Klaus Techt\" class=\"responsive\" loading=\"lazy\"\/><\/p>\n<p>Laut Innenministerium handelt es sich \u00fcberwiegend um Rechtsextremisten. Wie viele Waffen sie besitzen, ist nicht bekannt.<\/p>\n<p>        <img decoding=\"async\" src=\"https:\/\/www.europesays.com\/de\/wp-content\/uploads\/2026\/08\/reichsbuerger496.webp\" alt=\"Teilnehmer auf einer Demonstration von Rechtsextremen und Reichsb\u00fcrgern halten eine Fahne, die an die Reichsflagge erinnert.\" title=\"Teilnehmer auf einer Demonstration von Rechtsextremen und Reichsb\u00fcrgern halten eine Fahne, die an die Reichsflagge erinnert. | picture alliance\/Geisler-Fotopress, Jean MW\/Geisler-Fotopress\" class=\"responsive\" loading=\"lazy\"\/><\/p>\n<p>Die Demokratie w\u00fcrde dadurch nach wie vor am st\u00e4rksten gef\u00e4hrdet, hei\u00dft es im nieders\u00e4chsischen Jahresbericht 2024.<\/p>\n<p>        <img decoding=\"async\" src=\"https:\/\/www.europesays.com\/de\/wp-content\/uploads\/2026\/08\/eschede516.webp\" alt=\"Menschen stehen in Eschede im Landkreis Celle mit Fackeln und Trommeln in einem Kreis um eine brennende Rune aus Holz.\" title=\"Menschen stehen in Eschede im Landkreis Celle mit Fackeln und Trommeln in einem Kreis um eine brennende Rune aus Holz. | Recherche Nord\" class=\"responsive\" loading=\"lazy\"\/><\/p>\n<p>Auf einem Bauernhof bei Celle treffen sich Neonazis der &#8222;Jungen Nationalisten&#8220;. Werden dort auch Kinder indoktriniert?<\/p>\n","protected":false},"excerpt":{"rendered":"Stand: 27.08.2026 19:47 Uhr Die Polizei hat am Donnerstag Objekte mutma\u00dflicher Mitglieder der verbotenen rechtsextremen &#8222;Artgemeinschaft&#8220; durchsucht &#8211;&hellip;\n","protected":false},"author":2,"featured_media":1188214,"comment_status":"","ping_status":"","sticky":false,"template":"","format":"standard","meta":{"footnotes":"","_share_on_mastodon":"0"},"categories":[2],"tags":[186,261320,29,6978,30,13,261321,14,15,1411,121,15688,770,12,10,8,9,11,857],"class_list":["post-1264857","post","type-post","status-publish","format-standard","has-post-thumbnail","category-deutschland","tag-afd","tag-artgemeinschaft","tag-deutschland","tag-durchsuchungen","tag-germany","tag-headlines","tag-jameln","tag-nachrichten","tag-news","tag-niedersachsen","tag-polizei","tag-rechtsextrem","tag-rechtsextremismus","tag-schlagzeilen","tag-top-news","tag-top-meldungen","tag-topmeldungen","tag-topnews","tag-verbot"],"share_on_mastodon":{"url":"https:\/\/pubeurope.com\/@de\/117169902165395083","error":""},"_links":{"self":[{"href":"https:\/\/www.europesays.com\/de\/wp-json\/wp\/v2\/posts\/1264857","targetHints":{"allow":["GET"]}}],"collection":[{"href":"https:\/\/www.europesays.com\/de\/wp-json\/wp\/v2\/posts"}],"about":[{"href":"https:\/\/www.europesays.com\/de\/wp-json\/wp\/v2\/types\/post"}],"author":[{"embeddable":true,"href":"https:\/\/www.europesays.com\/de\/wp-json\/wp\/v2\/users\/2"}],"replies":[{"embeddable":true,"href":"https:\/\/www.europesays.com\/de\/wp-json\/wp\/v2\/comments?post=1264857"}],"version-history":[{"count":0,"href":"https:\/\/www.europesays.com\/de\/wp-json\/wp\/v2\/posts\/1264857\/revisions"}],"wp:featuredmedia":[{"embeddable":true,"href":"https:\/\/www.europesays.com\/de\/wp-json\/wp\/v2\/media\/1188214"}],"wp:attachment":[{"href":"https:\/\/www.europesays.com\/de\/wp-json\/wp\/v2\/media?parent=1264857"}],"wp:term":[{"taxonomy":"category","embeddable":true,"href":"https:\/\/www.europesays.com\/de\/wp-json\/wp\/v2\/categories?post=1264857"},{"taxonomy":"post_tag","embeddable":true,"href":"https:\/\/www.europesays.com\/de\/wp-json\/wp\/v2\/tags?post=1264857"}],"curies":[{"name":"wp","href":"https:\/\/api.w.org\/{rel}","templated":true}]}}