{"id":1264858,"date":"2026-08-27T22:46:18","date_gmt":"2026-08-27T22:46:18","guid":{"rendered":"https:\/\/www.europesays.com\/de\/1264858\/"},"modified":"2026-08-27T22:46:18","modified_gmt":"2026-08-27T22:46:18","slug":"spanische-exklave-bewohner-von-ceuta-legen-feuer-in-lager-von-migranten","status":"publish","type":"post","link":"https:\/\/www.europesays.com\/de\/1264858\/","title":{"rendered":"Spanische Exklave: Bewohner von Ceuta legen Feuer in Lager von Migranten"},"content":{"rendered":"<p class=\"paragraph article__item\">Bewohner <a href=\"https:\/\/www.zeit.de\/thema\/ceuta\" target=\"_blank\" rel=\"nofollow noopener\">der spanischen Nordafrika-Exklave Ceuta<\/a> haben in einem Lager von Migranten Feuer gelegt und die sofortige R\u00fcckf\u00fchrung der Menschen nach <a class=\"rtr-entity\" href=\"https:\/\/www.zeit.de\/thema\/marokko\" rel=\"nofollow noopener\" target=\"_blank\">Marokko<\/a> gefordert. Aufnahmen des spanischen Fernsehens zeigen, wie Polizisten am Strand gegen Protestierende vorgehen, die zu einem Schlafplatz der Gefl\u00fcchteten vorgedrungen waren.\n<\/p>\n<p class=\"paragraph article__item\">Polizisten trennten die Bewohner von den Migranten, die sich auf eine Mole zur\u00fcckgezogen hatten. Zuvor hatten Bewohner versucht, Fahrzeuge des <a class=\"rtr-entity\" href=\"https:\/\/www.zeit.de\/thema\/rotes-kreuz\" rel=\"nofollow noopener\" target=\"_blank\">Roten Kreuzes<\/a> mit Lebensmitteln und Wasser f\u00fcr die Migranten zu stoppen. Dutzende Bewohner hatten Helfer mit einer Sitzblockade daran gehindert, Lebensmittel zu verteilen. Viele Protestierende schwenkten spanische Flaggen und skandierten \u00bbSie sollen gehen!\u00ab und \u00bbRaus mit dem Roten Kreuz!\u00ab.\n<\/p>\n<p class=\"paragraph article__item\">Ende Juli waren rund 80.000 Migranten von Marokko nach <a class=\"rtr-entity\" href=\"https:\/\/www.zeit.de\/thema\/ceuta\" rel=\"nofollow noopener\" target=\"_blank\">Ceuta<\/a> gekommen, viele schwimmend. Mindestens 96 von ihnen starben dabei nach offiziellen Angaben. Die meisten der Migranten kehrten kurz darauf zur\u00fcck, aber mehrere Tausend harren nach wie vor in der Exklave aus.\n<\/p>\n<p>            Unbegleitete Kinder und Jugendliche            <\/p>\n<p class=\"paragraph article__item\">Die konservative Opposition in Spanien fordert, die Menschen zur\u00fcckzuschicken. Internationale Vertr\u00e4ge und spanische Gerichtsurteile untersagen aber Kollektivabschiebungen und schreiben eine Einzelfallpr\u00fcfung vor. Besonderen Schutz genie\u00dfen unbegleitete Minderj\u00e4hrige. Es soll sich um etwa 1.500 Kinder und Jugendliche handeln. 500 besonders gef\u00e4hrdete von ihnen, vor allem M\u00e4dchen, sollen auf das spanische Festland gebracht werden.\n<\/p>\n<p class=\"paragraph article__item\">Die linke spanische Regierung von Ministerpr\u00e4sident Pedro S\u00e1nchez steht wegen ihrer Migrationspolitik unter Druck. Die Opposition wirft ihr vor, die Bewohner Ceutas im Stich zu lassen.\n<\/p>\n<p>Mehr zum Thema<\/p>\n<p>            Ceuta        <\/p>\n<p>                <a href=\"https:\/\/www.zeit.de\/gesellschaft\/zeitgeschehen\/2026-07\/migration-ceuta-melilla-spanien-marokko-grenze-liveblog\" data-ct-label=\"Spanien und Marokko: Die Lage in Ceuta\" data-uuid=\"59ecfd40-cdd7-4986-94d2-03c7073d25bc\" rel=\"nofollow noopener\" target=\"_blank\"><\/p>\n<p>                        Liveblog: Spanien und Marokko:<br \/>\n                        Die Lage in Ceuta<\/p>\n<p>                <\/a><\/p>\n<p>                <a href=\"https:\/\/www.zeit.de\/politik\/ausland\/2026-08\/ceuta-krise-lage-menschen-migration\" data-ct-label=\"Ceuta: Schlafen am Strand, Warten auf Schutz\" data-uuid=\"6745d361-bc3c-46b2-a171-46c06bf9a4af\" rel=\"nofollow noopener\" target=\"_blank\"><\/p>\n<p>                        Ceuta:<br \/>\n                        Schlafen am Strand, Warten auf Schutz<\/p>\n<p>                <\/a><\/p>\n<p>                <a href=\"https:\/\/www.zeit.de\/feuilleton\/2026-08\/ceuta-eu-asylsystem-migration-recht\" data-ct-label=\"Ceuta: Europa schwimmt\" data-uuid=\"509627c8-b088-49a8-9f3e-e6dfe7fcf048\" rel=\"nofollow noopener\" target=\"_blank\"><\/p>\n<p>        Z+ (abopflichtiger Inhalt);<\/p>\n<p>    Ceuta:<br \/>\n                        Europa schwimmt<\/p>\n<p>                <\/a><\/p>\n","protected":false},"excerpt":{"rendered":"Bewohner der spanischen Nordafrika-Exklave Ceuta haben in einem Lager von Migranten Feuer gelegt und die sofortige R\u00fcckf\u00fchrung der&hellip;\n","protected":false},"author":2,"featured_media":1264859,"comment_status":"","ping_status":"","sticky":false,"template":"","format":"standard","meta":{"footnotes":"","_share_on_mastodon":"0"},"categories":[5],"tags":[5100,513,250953,244459,12241,1724,13,702,3876,14,15,12,251279,10,8,9,11],"class_list":["post-1264858","post","type-post","status-publish","format-standard","has-post-thumbnail","category-nachrichten","tag-rotes-kreuz","tag-auto","tag-ceuta","tag-exklave","tag-gefluechtete","tag-gesellschaft","tag-headlines","tag-lebensmittel","tag-marokko","tag-nachrichten","tag-news","tag-schlagzeilen","tag-spanische-exklave","tag-top-news","tag-top-meldungen","tag-topmeldungen","tag-topnews"],"share_on_mastodon":{"url":"","error":""},"_links":{"self":[{"href":"https:\/\/www.europesays.com\/de\/wp-json\/wp\/v2\/posts\/1264858","targetHints":{"allow":["GET"]}}],"collection":[{"href":"https:\/\/www.europesays.com\/de\/wp-json\/wp\/v2\/posts"}],"about":[{"href":"https:\/\/www.europesays.com\/de\/wp-json\/wp\/v2\/types\/post"}],"author":[{"embeddable":true,"href":"https:\/\/www.europesays.com\/de\/wp-json\/wp\/v2\/users\/2"}],"replies":[{"embeddable":true,"href":"https:\/\/www.europesays.com\/de\/wp-json\/wp\/v2\/comments?post=1264858"}],"version-history":[{"count":0,"href":"https:\/\/www.europesays.com\/de\/wp-json\/wp\/v2\/posts\/1264858\/revisions"}],"wp:featuredmedia":[{"embeddable":true,"href":"https:\/\/www.europesays.com\/de\/wp-json\/wp\/v2\/media\/1264859"}],"wp:attachment":[{"href":"https:\/\/www.europesays.com\/de\/wp-json\/wp\/v2\/media?parent=1264858"}],"wp:term":[{"taxonomy":"category","embeddable":true,"href":"https:\/\/www.europesays.com\/de\/wp-json\/wp\/v2\/categories?post=1264858"},{"taxonomy":"post_tag","embeddable":true,"href":"https:\/\/www.europesays.com\/de\/wp-json\/wp\/v2\/tags?post=1264858"}],"curies":[{"name":"wp","href":"https:\/\/api.w.org\/{rel}","templated":true}]}}