{"id":1264863,"date":"2026-08-27T22:51:32","date_gmt":"2026-08-27T22:51:32","guid":{"rendered":"https:\/\/www.europesays.com\/de\/1264863\/"},"modified":"2026-08-27T22:51:32","modified_gmt":"2026-08-27T22:51:32","slug":"saisonauftakt-nach-mass-thw-kiel-besiegt-tbv-lemgo-lippe","status":"publish","type":"post","link":"https:\/\/www.europesays.com\/de\/1264863\/","title":{"rendered":"Saisonauftakt nach Ma\u00df: THW Kiel besiegt TBV Lemgo Lippe"},"content":{"rendered":"<p class=\"topline\">Handball-Bundesliga<\/p>\n<p>\n                Stand: 27.08.2026 22:16 Uhr<\/p>\n<p class=\"preface\">Perfekter Saisonstart f\u00fcr den THW Kiel! Der deutsche Handball-Rekordmeister setzte sich am Donnerstagabend im Er\u00f6ffnungsspiel der neuen Bundesliga-Saison zu Hause gegen den TBV Lemgo Lippe mit 35:27 (17:15) durch. Es war der erste Erfolg unter dem neuen Trainer B\u00f6rge Lund.<\/p>\n<p class=\"textauthor\">von Christian G\u00f6rtzen<\/p>\n<p class=\"\">F\u00fcr das Publikum in der Ostseehalle war es ein Saisonauftakt ohne Zittern. Schon weit vor der Schlusssirene stand fest, dass die &#8222;Zebras&#8220; gegen den F\u00fcnftplatzierten der vergangenen Spielzeit nicht stolpern w\u00fcrden. Klares Saisonziel der Schleswig-Holsteiner ist die R\u00fcckkehr in den internationalen Wettbewerb. Unter <a href=\"https:\/\/www.ndr.de\/sport\/handball\/nach-enttaeuschender-saison-thw-kiel-trennt-sich-von-trainer-jicha,thw-kiel-490.html\" title=\"Nach entt\u00e4uschender Saison - THW Kiel trennt sich von Trainer Jicha\" rel=\"nofollow noopener\" target=\"_blank\">Filip Jicha<\/a>, dem Vorg\u00e4nger des Norwegers <a href=\"https:\/\/www.ndr.de\/sport\/handball\/thw-kiel-mit-neu-trainer-lund-spass-ist-da-und-bald-auch-wieder-erfolg,thw-kiel-496.html\" title=\"THW Kiel startet mit Neu-Trainer B\u00f6rge Lund in die Vorbereitung auf die neue Saison\" rel=\"nofollow noopener\" target=\"_blank\">Lund<\/a>, hatten sich die Kieler erstmals seit 33 Jahren nicht f\u00fcr den Europapokal qualifizieren k\u00f6nnen.<\/p>\n<blockquote><p>\n        <strong>Es hat richtig Bock gemacht, in die Halle einzulaufen.&#8220;<\/strong><\/p>\n<p>                THW-Zugang Julian K\u00f6ster<\/p>\n<\/blockquote>\n<p class=\"\">Ein erster Schritt auf dem langen Weg ist durch den Sieg gegen den TBV somit gemacht. Nationalspieler <a href=\"https:\/\/www.ndr.de\/sport\/handball\/Handball-Nationalspieler-Koester-wechselt-2026-zum-THW-Kiel,kiel8210.html\" title=\"Handball-Nationalspieler K\u00f6ster wechselt 2026 zum THW Kiel\" rel=\"nofollow noopener\" target=\"_blank\">Julian K\u00f6ster<\/a>, der im Sommer vom VfL Gummersbach an die Kieler F\u00f6rde gekommen war, feierte nicht nur den erhofften Erfolg beim Pflichtspieldeb\u00fct f\u00fcr den THW, er genoss auch die besonderen Momente. &#8222;Die Halle hat richtig Spa\u00df gemacht &#8211; also dass sie nicht gegen mich war, sondern f\u00fcr mich. Und als ich hier stand, da hat es richtig Bock gemacht, in die Halle einzulaufen&#8220;, sagte der Nationalspieler im Interview mit dem NDR.<\/p>\n<p class=\"\">Auch sein Teamkollege Lukas Zerbe, mit sieben Toren erfolgreichster THW-Profi, war mit der Vorstellung des Teams im ersten Saisonspiel hochzufrieden. &#8222;Wir hatten uns vorgenommen, mit Energie, mit hundert Prozent Leidenschaft auf die Platte zu gehen, die Fans mitzunehmen. Es hat heute nicht alles funktioniert. Aber ich bin stolz auf die Mannschaft, die auch in schwierigen Phasen cool geblieben ist&#8220;, sagte der 30-J\u00e4hrige.<\/p>\n<p>    Zerbe sorgt f\u00fcr das erste Saisontor<\/p>\n<p class=\"\">Die &#8222;Zebras&#8220; begannen vor 9.975 Zuschauern gegen Lemgo Lippe mit Elias Ellefsen \u00e1 Skipag\u00f6tu auf der Mitte, der vom Champions-League-Sieger FC Barcelona gekommene slowenische Nationalspieler <a href=\"https:\/\/www.ndr.de\/sport\/handball\/thw-kiel-setzt-sich-hohe-ziele-makuc-kommt-2026-aus-barcelona,thw-kiel-220.html\" title=\"THW Kiel setzt sich hohe Ziele - Makuc kommt 2026 aus Barcelona\" rel=\"nofollow noopener\" target=\"_blank\">Domen Makuc<\/a> nahm zun\u00e4chst auf der Ersatzbank Platz. 49 Sekunden dauerte es, bis Zerbe f\u00fcr das erste Saisontor sorgte. K\u00f6ster verpasste dagegen nach acht Minuten die Top-Chance, sich erstmals als Torsch\u00fctze in der THW-Statistik zu verewigen. Der Nationalspieler scheiterte beim Stand von 4:2 nach einem Tempo-Gegensto\u00df an TBV-Torh\u00fcter Constantin M\u00f6stl.<\/p>\n<p>    Kieler kommen gut in die Partie<\/p>\n<p class=\"\">W\u00e4hrend THW-Coach Lund in der f\u00fcnfw\u00f6chigen Vorbereitung in der Abwehr gerne mal auf ein 3-2-1-System gesetzt hatte, agierten die Norddeutschen gegen das Team von TBV-Coach Florian Kehrmann zu Beginn in einer 6-0-Deckung. Und das ging zun\u00e4chst ganz gut: Linksau\u00dfen Rune Dahmke sorgte f\u00fcr die erste Vier-Tore-F\u00fchrung (7:3, 10.). Nur: So lief es nicht weiter. In der Offensive kamen P\u00e4sse nicht an, und hinten taten sich nun einige L\u00fccken auf &#8211; wie etwa beim 9:9 durch Jo\u00ebl Willecke (15.).<\/p>\n<p>        <img decoding=\"async\" src=\"https:\/\/www.europesays.com\/de\/wp-content\/uploads\/2026\/03\/handball2560.webp.webp\" alt=\"Ein Handball liegt im Tornetz.\" title=\"Ein Handball liegt im Tornetz. | picture-alliance, Frank Hoermann \/ Sven Simon\" class=\"responsive\" loading=\"lazy\"\/><\/p>\n<p>Ergebnisse, Tabellenst\u00e4nde und die Spieltage im \u00dcberblick.<\/p>\n<p class=\"\">In der 18. Minute brachte Lund dann Makuc ins Spiel, und nur Sekunden sp\u00e4ter erzielte K\u00f6ster sein erstes Tor im THW-Trikot &#8211; 12:10. Kurz darauf kam auch der d\u00e4nische Linksh\u00e4nder Emil Madsen nach seiner schweren Knieverletzung und 330 Tagen Leidenszeit endlich zu seinem Comeback. Lund verteilte weiterhin die Aufgaben auf vielen Schultern. In der 26. Minute kam der 19 Jahre alte Rasmus Ankermann, der von Ex-Trainer Filip Jicha stark gef\u00f6rdert wurde, in die Partie. Er deckte im Abwehrzentrum und nicht wie bei Jicha auf Halblinks.<\/p>\n<p class=\"\">THW-Keeper Andreas Wolff, der vom Anpfiff an zwischen den Pfosten gestanden hatte, sorgte mit einem Wurf ins leere Tor wieder f\u00fcr eine Drei-Tore-F\u00fchrung (16:13, 28.). Zur Pause lag Kiel mit 17:15 vorne.<\/p>\n<p>    THW setzt sich nach der Pause entscheidend ab<\/p>\n<p class=\"\">Sieben Minuten nach Wiederbeginn trug sich dann auch Makuc erstmals als Torsch\u00fctze in die Statistik ein. Zerbe sorgte wenig sp\u00e4ter erneut f\u00fcr eine Vier-Tore-F\u00fchrung (22:18, 40.). Und nachdem Wolff zun\u00e4chst einen Siebenmeter von Samuel Zehnder und dann auch noch einen freien Wurf von Hendrik Wagner abwehrt hatte, waren die Kieler erstmals mit sechs Treffern vorne (24:18). Und das war schon der entscheidende Schritt auf dem Weg zum Gewinn der ersten beiden Punkte in dieser Saison.<\/p>\n<p><strong>Tore Kiel: <\/strong>Zerbe (7\/5 Siebenmeter), Makuc (6), Ellefsen \u00e1 Skipag\u00f6tu (4), K\u00f6ster (4), Johansson (4), Dahmke (3), Nacinovic (3), Reinkind (2), Szilagyi (1), Wolff (1)<br \/><strong>Tore Lemgo Lippe: <\/strong>Willecke (8\/1), Suton (4), S. Zehnder (4\/1), Valkovskis (3), Wanner (3), Hutecek (1), Nyf\u00e4ll (1), O&#8217;Sullivan (1), Versteijnen (1), Wagner (1)<br \/><strong>Zuschauer:<\/strong> 9.955. <\/p>\n<p class=\"\">Letztlich wurde es eine sehr stimmungsvolle Angelegenheit, wozu auch Wolff mit einem weiteren gehaltenen Siebenmeter gegen Zehnder seinen Beitrag leistete. Am Ende war es ein \u00fcberraschend deutlicher Erfolg f\u00fcr das auf einigen Positionen ver\u00e4nderte THW-Team.<\/p>\n<p>        <img decoding=\"async\" src=\"https:\/\/www.europesays.com\/de\/wp-content\/uploads\/2026\/08\/thw-250.webp\" alt=\"THW-Coach B\u00f6rge Lund (3.v.r.) mit seinen Neuzug\u00e4ngen zur Saiosn 26\/27\" title=\"THW-Coach B\u00f6rge Lund (3.v.r.) mit seinen Neuzug\u00e4ngen zur Saiosn 26\/27 | NDR\" class=\"responsive\" loading=\"lazy\"\/><\/p>\n<p>Handball-Bundesliga<\/p>\n<p>Nach einer entt\u00e4uschenden Saison hofft der deutsche Rekordmeister mit prominenten Neuzug\u00e4ngen auf ein deutlich besseres Abschneiden.<\/p>\n<p>        <img decoding=\"async\" src=\"https:\/\/www.europesays.com\/de\/wp-content\/uploads\/2026\/08\/thw-168.webp\" alt=\"Kiels Gesch\u00e4ftsf\u00fchrer Viktor Szilagyi\" title=\"Kiels Gesch\u00e4ftsf\u00fchrer Viktor Szilagyi | Imago Images\/Lobeca Jan Kirschner\" class=\"responsive\" loading=\"lazy\"\/><\/p>\n<p>Beim THW Kiel hat sich in der Sommerpause einiges ge\u00e4ndert. Nicht zur Disposition stand jedoch Sport-Gesch\u00e4ftsf\u00fchrer Viktor Szilagyi.<\/p>\n<p>        <img decoding=\"async\" src=\"https:\/\/www.europesays.com\/de\/wp-content\/uploads\/2026\/08\/lund-104.webp\" alt=\"Handball-Trainer B\u00f6rge Lund\" title=\"Handball-Trainer B\u00f6rge Lund | picture alliance \/ NTB | Tor Erik Schroeder\" class=\"responsive\" loading=\"lazy\"\/><\/p>\n<p>&#8222;Reset&#8220; beim Rekordmeister<\/p>\n<p>Der norwegische Coach B\u00f6rge Lund kommt in den ersten Trainingstagen gut beim Handball-Rekordmeister aus Kiel an &#8211; und setzt neue Impulse.<\/p>\n<p>        Schlagw\u00f6rter zu diesem Artikel<\/p>\n<p>            <a href=\"https:\/\/www.ndr.de\/sport\/handball\/THW-Kiel-News-Spielplan-und-Ergebnisse,thwkiel783.html\" rel=\"nofollow noopener\" target=\"_blank\">THW Kiel<\/a><\/p>\n","protected":false},"excerpt":{"rendered":"Handball-Bundesliga Stand: 27.08.2026 22:16 Uhr Perfekter Saisonstart f\u00fcr den THW Kiel! Der deutsche Handball-Rekordmeister setzte sich am Donnerstagabend&hellip;\n","protected":false},"author":2,"featured_media":1264864,"comment_status":"","ping_status":"","sticky":false,"template":"","format":"standard","meta":{"footnotes":"","_share_on_mastodon":"0"},"categories":[1852],"tags":[3364,29,548,663,3934,30,1391,5009,13,4949,14,15,12,1971,7748],"class_list":["post-1264863","post","type-post","status-publish","format-standard","has-post-thumbnail","category-kiel","tag-de","tag-deutschland","tag-eu","tag-europa","tag-europe","tag-germany","tag-handball","tag-hbl","tag-headlines","tag-kiel","tag-nachrichten","tag-news","tag-schlagzeilen","tag-schleswig-holstein","tag-thw-kiel"],"share_on_mastodon":{"url":"https:\/\/pubeurope.com\/@de\/117169928427266417","error":""},"_links":{"self":[{"href":"https:\/\/www.europesays.com\/de\/wp-json\/wp\/v2\/posts\/1264863","targetHints":{"allow":["GET"]}}],"collection":[{"href":"https:\/\/www.europesays.com\/de\/wp-json\/wp\/v2\/posts"}],"about":[{"href":"https:\/\/www.europesays.com\/de\/wp-json\/wp\/v2\/types\/post"}],"author":[{"embeddable":true,"href":"https:\/\/www.europesays.com\/de\/wp-json\/wp\/v2\/users\/2"}],"replies":[{"embeddable":true,"href":"https:\/\/www.europesays.com\/de\/wp-json\/wp\/v2\/comments?post=1264863"}],"version-history":[{"count":0,"href":"https:\/\/www.europesays.com\/de\/wp-json\/wp\/v2\/posts\/1264863\/revisions"}],"wp:featuredmedia":[{"embeddable":true,"href":"https:\/\/www.europesays.com\/de\/wp-json\/wp\/v2\/media\/1264864"}],"wp:attachment":[{"href":"https:\/\/www.europesays.com\/de\/wp-json\/wp\/v2\/media?parent=1264863"}],"wp:term":[{"taxonomy":"category","embeddable":true,"href":"https:\/\/www.europesays.com\/de\/wp-json\/wp\/v2\/categories?post=1264863"},{"taxonomy":"post_tag","embeddable":true,"href":"https:\/\/www.europesays.com\/de\/wp-json\/wp\/v2\/tags?post=1264863"}],"curies":[{"name":"wp","href":"https:\/\/api.w.org\/{rel}","templated":true}]}}