{"id":1264912,"date":"2026-08-27T23:23:23","date_gmt":"2026-08-27T23:23:23","guid":{"rendered":"https:\/\/www.europesays.com\/de\/1264912\/"},"modified":"2026-08-27T23:23:23","modified_gmt":"2026-08-27T23:23:23","slug":"premierminister-le-minh-hung-vietnam-schaetzt-seine-beziehungen-zu-frankreich-sehr","status":"publish","type":"post","link":"https:\/\/www.europesays.com\/de\/1264912\/","title":{"rendered":"Premierminister Le Minh Hung: Vietnam sch\u00e4tzt seine Beziehungen zu Frankreich sehr."},"content":{"rendered":"<p><img decoding=\"async\" style=\"cursor:pointer\" src=\"https:\/\/www.europesays.com\/de\/wp-content\/uploads\/2026\/08\/1787869476518_6a901ea25986b1590d4432b9.png\"\/><\/p>\n<p class=\"editor-text-align-justify\"> Am Nachmittag des 27. August empfing Premierminister <a class=\"data-link\" data-org-href=\"https:\/\/www.vietnam.vn\/de\/tag\/le-minh-hung\" href=\"https:\/\/www.vietnam.vn\/de\/tag\/le-minh-hung\" title=\"Le Minh Hung\" target=\"_blank\" rel=\"nofollow noopener\">Le Minh Hung<\/a> den Botschafter der Republik Frankreich in Vietnam, Olivier Brochet, der ihm nach Beendigung seiner Amtszeit in Vietnam einen Abschiedsbesuch abstattete.<\/p>\n<p class=\"editor-text-align-justify\"> Ebenfalls anwesend beim Empfang waren Au\u00dfenminister <a class=\"data-link\" data-org-href=\"https:\/\/www.vietnam.vn\/de\/tag\/le-hoai-trung\" href=\"https:\/\/www.vietnam.vn\/de\/tag\/le-hoai-trung\" title=\"Le Hoai Trung\" target=\"_blank\" rel=\"nofollow noopener\">Le Hoai Trung<\/a> , Leiter des Regierungsb\u00fcros und des Ministeriums f\u00fcr Wissenschaft und Technologie.<\/p>\n<p class=\"editor-text-align-justify\"> W\u00e4hrend des Treffens gratulierte <a class=\"data-link\" data-org-href=\"https:\/\/www.vietnam.vn\/de\/tag\/thu-tuong\" href=\"https:\/\/www.vietnam.vn\/de\/tag\/thu-tuong\" title=\"Premierminister\" target=\"_blank\" rel=\"nofollow noopener\">Premierminister<\/a> Le Minh Hung Botschafter Olivier Brochet zum erfolgreichen Abschluss seiner Dienstzeit in Vietnam.<\/p>\n<p class=\"editor-text-align-justify\"> Der Premierminister w\u00fcrdigte die positiven und engagierten Beitr\u00e4ge des Botschafters zur F\u00f6rderung der Entwicklung der Beziehungen zwischen Vietnam und Frankreich auf umfassende, substanzielle und effektive Weise, insbesondere den Meilenstein der Aufwertung der Beziehungen zu einer umfassenden strategischen Partnerschaft (Oktober 2024) sowie die F\u00f6rderung und Vorbereitung von Besuchen und Delegationsaustauschen auf allen Ebenen.<\/p>\n<p class=\"editor-text-align-justify\"> <a class=\"data-link\" data-org-href=\"https:\/\/www.vietnam.vn\/de\/tag\/chinh-phu\" href=\"https:\/\/www.vietnam.vn\/de\/tag\/chinh-phu\" title=\"Regierung\" target=\"_blank\" rel=\"nofollow noopener\">Premierminister<\/a> Le Minh Hung bekr\u00e4ftigte, dass Vietnam seine Beziehungen zu Frankreich, einem der wichtigsten Partner Vietnams in Europa und dem ersten umfassenden strategischen Partner Vietnams in der Europ\u00e4ischen Union (EU), stets hoch sch\u00e4tzt.<\/p>\n<p>Das k\u00f6nnte Sie interessieren<\/p>\n<p class=\"editor-text-align-justify\"> Der Premierminister zeigte sich erfreut \u00fcber die positive Entwicklung der bilateralen Beziehungen: <a class=\"data-link\" data-org-href=\"https:\/\/www.vietnam.vn\/de\/category\/chinh-tri\" href=\"https:\/\/www.vietnam.vn\/de\/category\/chinh-tri\" title=\"Politik\" target=\"_blank\" rel=\"nofollow noopener\">Das politische<\/a> Vertrauen werde zunehmend gest\u00e4rkt; die Zusammenarbeit in den Bereichen Wirtschaft, Handel und Investitionen werde stetig ausgebaut; und insbesondere die Zusammenarbeit in Wissenschaft, Technologie und Innovation habe sich zu einer neuen S\u00e4ule entwickelt.<\/p>\n<p class=\"editor-text-align-justify\"> Aufbauend auf den bestehenden engen Beziehungen schlug der Premierminister vor, dass beide Seiten die umfassende Zusammenarbeit weiter vertiefen. Er bat den Botschafter au\u00dferdem, in seiner neuen Position die St\u00e4rkung der bilateralen Beziehungen weiterhin zu f\u00f6rdern und zu unterst\u00fctzen, insbesondere in Bereichen mit erheblichem Potenzial f\u00fcr beide Seiten, wie Wissenschaft und Technologie, Innovation, hochwertige Ausbildung von Fachkr\u00e4ften sowie der Ausbau der traditionellen Zusammenarbeit in den Bereichen Gesundheitswesen, Bildung und Ausbildung, Kultur und Denkmalpflege.<\/p>\n<p class=\"editor-text-align-justify\"> Botschafter Olivier Brochet seinerseits dankte Premierminister Le Minh Hung herzlich f\u00fcr die Zeit, die er sich f\u00fcr ihn genommen hatte; er brachte seine Dankbarkeit f\u00fcr die Aufmerksamkeit und Unterst\u00fctzung zum Ausdruck, die ihm pers\u00f6nlich von der vietnamesischen Regierung, den Ministerien und lokalen Beh\u00f6rden sowie von der franz\u00f6sischen Botschaft w\u00e4hrend seiner gesamten Amtszeit zuteil wurde.<\/p>\n<p class=\"editor-text-align-justify\"> Botschafter Olivier Brochet brachte seinen Stolz dar\u00fcber zum Ausdruck, Zeuge der starken und historischen Entwicklung der Beziehungen zwischen den beiden L\u00e4ndern gewesen zu sein und dazu beigetragen zu haben.<\/p>\n<p class=\"editor-text-align-justify\"> Der Botschafter bekr\u00e4ftigte, dass Frankreich Vietnams zunehmend wichtige Rolle und Stellung in der Region und auf der internationalen B\u00fchne stets gesch\u00e4tzt habe.<\/p>\n<p class=\"editor-text-align-justify\"> Der Botschafter bekr\u00e4ftigte seinen Wunsch, weiterhin zur Entwicklung der umfassenden strategischen Partnerschaft zwischen den beiden L\u00e4ndern beizutragen, indem er praktische Kooperationsprogramme und -projekte f\u00f6rdert, insbesondere in den Bereichen Wirtschaft, Infrastruktur, Luft- und Raumfahrt, Kernenergie, Bildung und Ausbildung sowie Kultur.<\/p>\n<p>Das k\u00f6nnte Sie interessieren<\/p>\n<p class=\"editor-text-align-justify\"> Botschafter Olivier Brochet brachte seine tiefe Zuneigung zu Vietnam und seinen Menschen zum Ausdruck und bekr\u00e4ftigte, dass er, unabh\u00e4ngig von seiner zuk\u00fcnftigen Position, weiterhin seine Aufmerksamkeit der St\u00e4rkung der Freundschaft und Zusammenarbeit zwischen den beiden L\u00e4ndern und ihren V\u00f6lkern widmen und einen positiven Beitrag dazu leisten werde.<\/p>\n<p class=\"editor-text-align-justify\"> Am Ende des Treffens brachte Premierminister Le Minh Hung seine Zuversicht zum Ausdruck, dass Botschafter Olivier Brochet seine Rolle als Br\u00fccke der Freundschaft zwischen den V\u00f6lkern beider L\u00e4nder weiterhin wahrnehmen und so zur Weiterentwicklung der umfassenden strategischen Partnerschaft zwischen Vietnam und Frankreich beitragen werde, um diese zu st\u00e4rken, substanzieller und nachhaltiger zu gestalten.<\/p>\n<p class=\"mb-0\"> Quelle: https:\/\/thanhtra.com.vn\/doi-ngoai-97D2D2A31\/thu-tuong-le-minh-hung-viet-nam-luon-coi-trong-quan-he-voi-phap-90d4432aa.html<\/p>\n","protected":false},"excerpt":{"rendered":"Am Nachmittag des 27. August empfing Premierminister Le Minh Hung den Botschafter der Republik Frankreich in Vietnam, Olivier&hellip;\n","protected":false},"author":2,"featured_media":1264913,"comment_status":"","ping_status":"","sticky":false,"template":"","format":"standard","meta":{"footnotes":"","_share_on_mastodon":"0"},"categories":[3933],"tags":[331,332,3886,1149,548,663,158,3934,3935,156,181847,13,5544,63474,80,11638,14,15,11329,12,594,10649,55,2036],"class_list":["post-1264912","post","type-post","status-publish","format-standard","has-post-thumbnail","category-eu","tag-aktuelle-nachrichten","tag-aktuelle-news","tag-ausbildung","tag-energie","tag-eu","tag-europa","tag-europaeische-union","tag-europe","tag-european-union","tag-frankreich","tag-franzoesischer-botschafter","tag-headlines","tag-infrastruktur","tag-kernenergie","tag-kultur","tag-luft","tag-nachrichten","tag-news","tag-premierminister","tag-schlagzeilen","tag-universum","tag-vietnam","tag-wirtschaft","tag-zug"],"share_on_mastodon":{"url":"https:\/\/pubeurope.com\/@de\/117170053550456374","error":""},"_links":{"self":[{"href":"https:\/\/www.europesays.com\/de\/wp-json\/wp\/v2\/posts\/1264912","targetHints":{"allow":["GET"]}}],"collection":[{"href":"https:\/\/www.europesays.com\/de\/wp-json\/wp\/v2\/posts"}],"about":[{"href":"https:\/\/www.europesays.com\/de\/wp-json\/wp\/v2\/types\/post"}],"author":[{"embeddable":true,"href":"https:\/\/www.europesays.com\/de\/wp-json\/wp\/v2\/users\/2"}],"replies":[{"embeddable":true,"href":"https:\/\/www.europesays.com\/de\/wp-json\/wp\/v2\/comments?post=1264912"}],"version-history":[{"count":0,"href":"https:\/\/www.europesays.com\/de\/wp-json\/wp\/v2\/posts\/1264912\/revisions"}],"wp:featuredmedia":[{"embeddable":true,"href":"https:\/\/www.europesays.com\/de\/wp-json\/wp\/v2\/media\/1264913"}],"wp:attachment":[{"href":"https:\/\/www.europesays.com\/de\/wp-json\/wp\/v2\/media?parent=1264912"}],"wp:term":[{"taxonomy":"category","embeddable":true,"href":"https:\/\/www.europesays.com\/de\/wp-json\/wp\/v2\/categories?post=1264912"},{"taxonomy":"post_tag","embeddable":true,"href":"https:\/\/www.europesays.com\/de\/wp-json\/wp\/v2\/tags?post=1264912"}],"curies":[{"name":"wp","href":"https:\/\/api.w.org\/{rel}","templated":true}]}}