{"id":1264916,"date":"2026-08-27T23:26:38","date_gmt":"2026-08-27T23:26:38","guid":{"rendered":"https:\/\/www.europesays.com\/de\/1264916\/"},"modified":"2026-08-27T23:26:38","modified_gmt":"2026-08-27T23:26:38","slug":"mondfinsternis-2026-heute-wann-vollmond-im-august-ueber-deutschland-ist","status":"publish","type":"post","link":"https:\/\/www.europesays.com\/de\/1264916\/","title":{"rendered":"Mondfinsternis 2026 heute: Wann Vollmond im August \u00fcber Deutschland ist"},"content":{"rendered":"<p><a href=\"#focus-2\" class=\"transition-colors block text-current relative\" data-sctrack=\"FocusGalleryImage.Reference\"><img   loading=\"lazy\" src=\"https:\/\/www.europesays.com\/de\/wp-content\/uploads\/2026\/08\/1787873195_301_image.png\" alt=\"Ablauf der partiellen Mondfinsternis am 28. August.\" title=\"Ablauf der partiellen Mondfinsternis am 28. August.\" width=\"2250\" height=\"2235\" class=\"h-full w-full max-w-full rounded-8\" decoding=\"async\"\/><img loading=\"lazy\" src=\"https:\/\/www.t-online.de\/s\/paper\/_next\/static\/media\/zoom-in.f7dae02f.svg\" alt=\"Vergr\u00f6\u00dfern des Bildes\" title=\"Vergr\u00f6\u00dfern des Bildes\" class=\"block h-[calc(var(--height)_\/_16_*_1rem)] w-[calc(var(--width)_\/_16_*_1rem)] max-w-none absolute right-8 bottom-8 rounded-4 bg-snow p-8\" style=\"--width:32;--height:32\" decoding=\"async\"\/>Ablauf der partiellen Mondfinsternis am 28. August. (Quelle: A\u00dfmann)<\/a><\/p>\n<p class=\"text-18 leading-17 user-text-lg:text-22 user-text-xl:text-24\"><a href=\"https:\/\/muenchen.t-online.de\/region\/muenchen\/id_101402882\/mondfinsternis-ueber-muenchen-am-freitag-28-august-uhrzeit-dauer-orten.html\" class=\"transition-colors cursor-pointer no-underline md:hover:text-magenta md:focus:text-magenta border-b border-solid border-current text-salemsfur md:hover:border-magenta\" data-tracking=\"{&quot;action&quot;:&quot;click&quot;,&quot;category&quot;:&quot;intextLink&quot;,&quot;label&quot;:&quot;https:\/\/muenchen.t-online.de\/region\/muenchen\/id_101402882\/mondfinsternis-ueber-muenchen-am-freitag-28-august-uhrzeit-dauer-orten.html&quot;}\" data-sctrack=\"BodyAnchor\" rel=\"nofollow noopener\" target=\"_blank\">In M\u00fcnchen<\/a> sind die Bedingungen etwas g\u00fcnstiger: Dort bleibt der Mond bis etwa 6.32 Uhr \u00fcber dem Horizont. Auch dort ist er noch verfinstert, wenn er untergeht.<\/p>\n<p class=\"text-18 leading-17 user-text-lg:text-22 user-text-xl:text-24\">Besonders wichtig ist deshalb ein m\u00f6glichst freier Blick nach Westen bis S\u00fcdwesten. Geb\u00e4ude, B\u00e4ume oder H\u00fcgel k\u00f6nnen den tief stehenden Mond schnell verdecken.<\/p>\n<p class=\"text-18 leading-17 user-text-lg:text-22 user-text-xl:text-24\">Wer das Maximum sehen m\u00f6chte, sollte au\u00dferdem nicht erst um sechs Uhr nach drau\u00dfen gehen. Denn zu diesem Zeitpunkt steht der Mond schon unmittelbar vor seinem Untergang. Besser ist es, sich bereits gegen 5.30 Uhr einen geeigneten Beobachtungsplatz zu suchen.<\/p>\n<p>Warum wird der Mond bei einer Mondfinsternis rot?<\/p>\n<p class=\"text-18 leading-17 user-text-lg:text-22 user-text-xl:text-24\">Bei einer tiefen Mondfinsternis kann sich der Mond dunkelrot, kupferfarben oder orange verf\u00e4rben. Daher kommt auch die Bezeichnung Blutmond.<\/p>\n<p class=\"text-18 leading-17 user-text-lg:text-22 user-text-xl:text-24\">Der Grund daf\u00fcr ist die Erdatmosph\u00e4re. Obwohl die Erde das direkte Sonnenlicht blockiert, gelangt ein Teil des Sonnenlichts durch die Atmosph\u00e4re und wird dabei abgelenkt. Blaues Licht wird st\u00e4rker gestreut, w\u00e4hrend langwelliges rotes und oranges Licht die Atmosph\u00e4re besser durchquert und in den Erdschatten gelangt.<\/p>\n<p><a href=\"#focus-3\" class=\"transition-colors block text-current relative\" data-sctrack=\"FocusGalleryImage.Reference\"><img   loading=\"lazy\" src=\"https:\/\/www.europesays.com\/de\/wp-content\/uploads\/2026\/08\/mondfinsternis-vollmond-blutmond-nach-einer-totalen-mondfinsternis-erscheint-der-mond-kurz-nach-sein.jpeg\" alt=\"imago images 0832847433\" title=\"imago images 0832847433\" width=\"3500\" height=\"1969\" class=\"h-full w-full max-w-full rounded-8\" decoding=\"async\"\/><img loading=\"lazy\" src=\"https:\/\/www.t-online.de\/s\/paper\/_next\/static\/media\/zoom-in.f7dae02f.svg\" alt=\"Vergr\u00f6\u00dfern des Bildes\" title=\"Vergr\u00f6\u00dfern des Bildes\" class=\"block h-[calc(var(--height)_\/_16_*_1rem)] w-[calc(var(--width)_\/_16_*_1rem)] max-w-none absolute right-8 bottom-8 rounded-4 bg-snow p-8\" style=\"--width:32;--height:32\" decoding=\"async\"\/>Blutmond: Der Mond erscheint durch das von der Erdatmosph\u00e4re r\u00f6tlich gefilterte Sonnenlicht kupferrot. (Quelle: IMAGO\/Florian Gaul\/imago)<\/a><\/p>\n<p class=\"text-18 leading-17 user-text-lg:text-22 user-text-xl:text-24\">Das gleiche Prinzip sorgt daf\u00fcr, dass Sonnenauf- und -unterg\u00e4nge h\u00e4ufig r\u00f6tlich eingef\u00e4rbt erscheinen. Bei einer totalen Mondfinsternis wird dieser Effekt besonders deutlich. Bei der partiellen Finsternis am 28. August wird allerdings nur der Teil des Mondes r\u00f6tlich oder sehr dunkel erscheinen, der in den Kernschatten der Erde ger\u00e4t.<\/p>\n<p class=\"text-18 leading-17 user-text-lg:text-22 user-text-xl:text-24\">Wie intensiv die F\u00e4rbung ausf\u00e4llt, h\u00e4ngt unter anderem vom Zustand der Erdatmosph\u00e4re ab. Staub und andere Partikel k\u00f6nnen die Farbe und Helligkeit des verfinsterten Mondes beeinflussen.<\/p>\n<p>Was sollten Beobachter der Mondfinsternis beachten?<\/p>\n<p class=\"text-18 leading-17 user-text-lg:text-22 user-text-xl:text-24\">Anders als bei einer Sonnenfinsternis braucht man bei einer Mondfinsternis keine spezielle Schutzbrille. Der Mond kann problemlos mit blo\u00dfem Auge beobachtet werden.<\/p>\n<p class=\"text-18 leading-17 user-text-lg:text-22 user-text-xl:text-24\">Auch ein Fernglas oder Teleskop kann verwendet werden. Dadurch lassen sich die verschiedenen Bereiche des Erdschattens besonders gut erkennen.<\/p>\n<p class=\"text-18 leading-17 user-text-lg:text-22 user-text-xl:text-24\">F\u00fcr die Beobachtung ist vor allem ein freier Blick zum westlichen Horizont wichtig. Weil der Mond w\u00e4hrend der Finsternis immer tiefer sinkt, k\u00f6nnen selbst relativ kleine Hindernisse die Sicht versperren.<\/p>\n<p>Loading&#8230;<\/p>\n<p>Loading&#8230;<\/p>\n<p>Loading&#8230;<\/p>\n","protected":false},"excerpt":{"rendered":"Ablauf der partiellen Mondfinsternis am 28. August. (Quelle: A\u00dfmann) In M\u00fcnchen sind die Bedingungen etwas g\u00fcnstiger: Dort bleibt&hellip;\n","protected":false},"author":2,"featured_media":1264917,"comment_status":"","ping_status":"","sticky":false,"template":"","format":"standard","meta":{"footnotes":"","_share_on_mastodon":"0"},"categories":[2],"tags":[331,3924,332,3922,3364,29,30,13,46334,91265,14,3923,15,3921,12,61015],"class_list":["post-1264916","post","type-post","status-publish","format-standard","has-post-thumbnail","category-deutschland","tag-aktuelle-nachrichten","tag-aktuelle-nachrichten-aus-deutschland","tag-aktuelle-news","tag-aktuelle-news-aus-deutschland","tag-de","tag-deutschland","tag-germany","tag-headlines","tag-mond","tag-mondfinsternis","tag-nachrichten","tag-nachrichten-aus-deutschland","tag-news","tag-news-aus-deutschland","tag-schlagzeilen","tag-vollmond"],"share_on_mastodon":{"url":"","error":""},"_links":{"self":[{"href":"https:\/\/www.europesays.com\/de\/wp-json\/wp\/v2\/posts\/1264916","targetHints":{"allow":["GET"]}}],"collection":[{"href":"https:\/\/www.europesays.com\/de\/wp-json\/wp\/v2\/posts"}],"about":[{"href":"https:\/\/www.europesays.com\/de\/wp-json\/wp\/v2\/types\/post"}],"author":[{"embeddable":true,"href":"https:\/\/www.europesays.com\/de\/wp-json\/wp\/v2\/users\/2"}],"replies":[{"embeddable":true,"href":"https:\/\/www.europesays.com\/de\/wp-json\/wp\/v2\/comments?post=1264916"}],"version-history":[{"count":0,"href":"https:\/\/www.europesays.com\/de\/wp-json\/wp\/v2\/posts\/1264916\/revisions"}],"wp:featuredmedia":[{"embeddable":true,"href":"https:\/\/www.europesays.com\/de\/wp-json\/wp\/v2\/media\/1264917"}],"wp:attachment":[{"href":"https:\/\/www.europesays.com\/de\/wp-json\/wp\/v2\/media?parent=1264916"}],"wp:term":[{"taxonomy":"category","embeddable":true,"href":"https:\/\/www.europesays.com\/de\/wp-json\/wp\/v2\/categories?post=1264916"},{"taxonomy":"post_tag","embeddable":true,"href":"https:\/\/www.europesays.com\/de\/wp-json\/wp\/v2\/tags?post=1264916"}],"curies":[{"name":"wp","href":"https:\/\/api.w.org\/{rel}","templated":true}]}}