{"id":1265009,"date":"2026-08-28T00:22:20","date_gmt":"2026-08-28T00:22:20","guid":{"rendered":"https:\/\/www.europesays.com\/de\/1265009\/"},"modified":"2026-08-28T00:22:20","modified_gmt":"2026-08-28T00:22:20","slug":"live-ticker-zu-koenig-harald-v-von-norwegen-bleibt-haakon-die-ganze-nacht-am-krankenbett","status":"publish","type":"post","link":"https:\/\/www.europesays.com\/de\/1265009\/","title":{"rendered":"Live Ticker zu K\u00f6nig Harald V. von Norwegen: Bleibt Haakon die ganze Nacht am Krankenbett?"},"content":{"rendered":"<p>Norwegens Ministerpr\u00e4sident im Interview: Seine Worte klingen fast schon nach Abschied von K\u00f6nig Harald V.<br \/>Der Ministerpr\u00e4sidentJonas Gahr St\u00f8re war nach den besorgniserregenden Nachrichten nach Oslo zur\u00fcckgekehrt. Das Interview mit dem Sender TV2 Norway geben wir hier wider:<\/p>\n<p>&#8211; Reporter: Der Gesundheitszustand des K\u00f6nigs ist sehr ernst. Wie war dieser Tag f\u00fcr Sie?<\/p>\n<p>&#8211; Ministerpr\u00e4sident: Ich glaube, er war f\u00fcr mich \u00e4hnlich wie f\u00fcr sehr viele Menschen in Norwegen. Es ber\u00fchrt mich tief, dass der Gesundheitszustand des K\u00f6nigs so ernst ist. Seine Familie ist bei ihm versammelt, und ich glaube, heute war ein Tag, an dem das ganze Land an der Seite des K\u00f6nigs stand und \u00fcber ihn gewacht hat. Es war also ein Tag, an dem wir mehrere Termine abgesagt und hier etwas gearbeitet haben, aber unsere Gedanken waren bei K\u00f6nig Harald.<\/p>\n<p>&#8211; Reporter: Ja, denn Sie haben Ihre Reise nach Deutschland abgesagt, und der Pr\u00e4sident des Stortings, Masud Gharahkhani, ist heute aus Island nach Hause zur\u00fcckgekehrt. Warum haben Sie sich dazu entschieden?<\/p>\n<p>&#8211; Ministerpr\u00e4sident: Es f\u00fchlte sich v\u00f6llig selbstverst\u00e4ndlich an. Wenn unser K\u00f6nig so krank und die Situation so ernst ist, dann ist das einmal mehr eine gro\u00dfe und wichtige Angelegenheit in unserem Land. Und das hat man heute bei den Menschen gesehen, die hier in der Stadt rund um das Schloss sind. Aber aus allen Teilen des Landes treffen Gr\u00fc\u00dfe und sehr gro\u00dfe Anteilnahme ein. Und das ist ein Ausdruck daf\u00fcr, welchen Platz der K\u00f6nig in unserem Leben, in unserem Land einnimmt und welche Anteilnahme die Menschen heute zeigen.<\/p>\n<p>&#8211; Reporter: Wie w\u00fcrden Sie beschreiben, was Sie heute gesehen haben? Unter anderem waren wir auf dem Schlossplatz, wo Menschen Blumen niedergelegt und Gr\u00fc\u00dfe gebracht haben.<\/p>\n<p>&#8211; Ministerpr\u00e4sident: Ich finde es bewegend, und ich glaube, es ist einfach eine weitere Best\u00e4tigung daf\u00fcr, welche Stellung K\u00f6nig Harald beim norwegischen Volk hat. Es ist ein sehr starkes \u2013 ich glaube, die Menschen haben empfunden, dass er uns sehr nahe gewesen ist, und im Gegenzug gibt es ein starkes Gef\u00fchl, dass wir ihm in der Situation, in der er sich gerade befindet, nahe sein wollen.<\/p>\n<p>&#8211; Reporter: Und wie w\u00fcrden Sie beschreiben, was K\u00f6nig Harald f\u00fcr Norwegen ist?<\/p>\n<p>&#8211; Ministerpr\u00e4sident: Nun, im Moment glaube ich, dass wir diesen Tag nutzen sollten, um unsere Anteilnahme auszudr\u00fccken, seine Situation zu verfolgen und zu hoffen, dass er die bestm\u00f6gliche Behandlung erh\u00e4lt. Und die erh\u00e4lt er im Rikshospitalet. Anteilnahme f\u00fcr die Familie, seine engste Familie. Und dann glaube ich, dass wir einmal mehr daran erinnert werden, dass K\u00f6nig Harald in unserem Land und f\u00fcr sehr viele Menschen einen wirklich besonderen Platz einnimmt. Er ist an so vielen Orten einer unglaublichen Zahl von Menschen begegnet, sodass es wahrscheinlich keinen einzelnen Menschen gibt, der eine solche N\u00e4he zu den Menschen in Norwegen hat wie er.<\/p>\n<p>&#8211; Reporter: Wie geht es Ihnen im Moment?<\/p>\n<p>&#8211; Ministerpr\u00e4sident: Das ber\u00fchrt mich. Mich ber\u00fchrt sowohl, wie ernst die Situation f\u00fcr den K\u00f6nig ist, als auch, zu sehen, wie sehr dies die Menschen ber\u00fchrt. Es ist bewegend, das zu sehen, und es ist auch ermutigend zu sehen, denn dies ist ein Moment, der unser Land sehr stark vereint.<\/p>\n","protected":false},"excerpt":{"rendered":"Norwegens Ministerpr\u00e4sident im Interview: Seine Worte klingen fast schon nach Abschied von K\u00f6nig Harald V.Der Ministerpr\u00e4sidentJonas Gahr St\u00f8re&hellip;\n","protected":false},"author":2,"featured_media":1265010,"comment_status":"","ping_status":"","sticky":false,"template":"","format":"standard","meta":{"footnotes":"","_share_on_mastodon":"0"},"categories":[5],"tags":[57296,34937,214,13,261352,261349,261351,565,261350,14,15,913,84059,5276,34935,34933,34934,34936,8206,12,10,8,9,11,215],"class_list":["post-1265009","post","type-post","status-publish","format-standard","has-post-thumbnail","category-nachrichten","tag-arzt-und-krankenhaus","tag-ems_unterhaltung_royals","tag-entertainment","tag-headlines","tag-koenig-harald-v","tag-koenigin-sonja","tag-koenigshaus-norwegen","tag-koenigshaeuser","tag-kronprinz-haakon-von-norwegen","tag-nachrichten","tag-news","tag-norwegen","tag-norwegisches-koenigshaus","tag-promi-news","tag-royal-baby","tag-royal-news","tag-royal-wedding","tag-royale-hochzeit","tag-royals","tag-schlagzeilen","tag-top-news","tag-top-meldungen","tag-topmeldungen","tag-topnews","tag-unterhaltung"],"share_on_mastodon":{"url":"https:\/\/pubeurope.com\/@de\/117170284324445683","error":""},"_links":{"self":[{"href":"https:\/\/www.europesays.com\/de\/wp-json\/wp\/v2\/posts\/1265009","targetHints":{"allow":["GET"]}}],"collection":[{"href":"https:\/\/www.europesays.com\/de\/wp-json\/wp\/v2\/posts"}],"about":[{"href":"https:\/\/www.europesays.com\/de\/wp-json\/wp\/v2\/types\/post"}],"author":[{"embeddable":true,"href":"https:\/\/www.europesays.com\/de\/wp-json\/wp\/v2\/users\/2"}],"replies":[{"embeddable":true,"href":"https:\/\/www.europesays.com\/de\/wp-json\/wp\/v2\/comments?post=1265009"}],"version-history":[{"count":0,"href":"https:\/\/www.europesays.com\/de\/wp-json\/wp\/v2\/posts\/1265009\/revisions"}],"wp:featuredmedia":[{"embeddable":true,"href":"https:\/\/www.europesays.com\/de\/wp-json\/wp\/v2\/media\/1265010"}],"wp:attachment":[{"href":"https:\/\/www.europesays.com\/de\/wp-json\/wp\/v2\/media?parent=1265009"}],"wp:term":[{"taxonomy":"category","embeddable":true,"href":"https:\/\/www.europesays.com\/de\/wp-json\/wp\/v2\/categories?post=1265009"},{"taxonomy":"post_tag","embeddable":true,"href":"https:\/\/www.europesays.com\/de\/wp-json\/wp\/v2\/tags?post=1265009"}],"curies":[{"name":"wp","href":"https:\/\/api.w.org\/{rel}","templated":true}]}}