{"id":1265036,"date":"2026-08-28T00:41:38","date_gmt":"2026-08-28T00:41:38","guid":{"rendered":"https:\/\/www.europesays.com\/de\/1265036\/"},"modified":"2026-08-28T00:41:38","modified_gmt":"2026-08-28T00:41:38","slug":"sprayer-hinterlassen-im-bielefelder-westen-27-politische-graffiti","status":"publish","type":"post","link":"https:\/\/www.europesays.com\/de\/1265036\/","title":{"rendered":"Sprayer hinterlassen im Bielefelder Westen 27 politische Graffiti"},"content":{"rendered":"<p id=\"absatz1\">Bielefeld. Die Polizei sucht zwei Sprayer, die im Bielefelder Westen mindestens 27 Graffiti mit Slogans an W\u00e4nden, Haust\u00fcren und Stromk\u00e4sten hinterlassen haben. Nach Angaben der Polizei waren die T\u00e4ter am Mittwoch, 26. August, unterwegs. Betroffen waren die Friedrichstra\u00dfe, Turmstra\u00dfe, Schlo\u00dfhofstra\u00dfe, Weststra\u00dfe und Siegfriedstra\u00dfe.<\/p>\n<p id=\"absatz2\" class=\"em_text\">Aufgefallen war das Duo gegen 6 Uhr. Ein Zeuge beobachtete die beiden M\u00e4nner dabei, wie sie einen ihrer Slogans auf eine T\u00fcr an der Friedrichstra\u00dfe spr\u00fchten. Er alarmierte daraufhin die Polizei. Als die Beamten wenig sp\u00e4ter eintrafen, waren die Sprayer allerdings bereits verschwunden.<\/p>\n<p id=\"absatz3\" class=\"em_text\">Daf\u00fcr zeigte sich in der n\u00e4heren Umgebung schnell, dass es offenbar nicht bei einer einzelnen Schmiererei geblieben war. Insgesamt z\u00e4hlten die Beamten 27 mit Farbe beschmierte Fl\u00e4chen. Da die Graffiti linksextreme Botschaften beinhalteten, hat der Staatsschutz die Ermittlungen aufgenommen. Die Polizei versucht nun, die beiden M\u00e4nner zu identifizieren, und hofft dabei auch auf weitere Zeugen.<\/p>\n<p>Einer der Sprayer hat auff\u00e4llig lockige Haare<\/p>\n<p><b class=\"bold\">Der Staatsschutz ermittelt<\/b>: <a href=\"https:\/\/www.nw.de\/lokal\/bielefeld\/mitte\/24230472_Staatsschutz-ermittelt-in-Bielefeld-Weihnachtsmarkt-Fake-sorgt-fuer-Verunsicherung-v3.html\" rel=\"nofollow noopener\" target=\"_blank\">Bielefelder Weihnachtsmarkt-Fake sorgt f\u00fcr Verunsicherung<\/a><\/p>\n<p id=\"absatz5\" class=\"em_text\">Nach der bisherigen Beschreibung sollen die T\u00e4ter etwa 25 Jahre alt und unterschiedlich gro\u00df sein. Beide trugen dunkle Kleidung. Einer der M\u00e4nner f\u00e4llt nach Angaben des Zeugen zudem durch auff\u00e4llig lockige Haare auf.<\/p>\n<p id=\"absatz6\" class=\"em_text\">Wer die beiden am fr\u00fchen Mittwochmorgen in dem Bereich gesehen hat oder Hinweise zu ihrer Identit\u00e4t geben kann, wird gebeten, sich bei der Polizei zu melden unter Tel. 0521 5450. <\/p>\n","protected":false},"excerpt":{"rendered":"Bielefeld. Die Polizei sucht zwei Sprayer, die im Bielefelder Westen mindestens 27 Graffiti mit Slogans an W\u00e4nden, Haust\u00fcren&hellip;\n","protected":false},"author":2,"featured_media":1265037,"comment_status":"","ping_status":"","sticky":false,"template":"","format":"standard","meta":{"footnotes":"","_share_on_mastodon":"0"},"categories":[1841],"tags":[1605,102404,3364,29,1951,30,12530,32968,198079,736,164252,16384,1613,1209,121,16722,16721,223990,61665,3447,261358,142290],"class_list":["post-1265036","post","type-post","status-publish","format-standard","has-post-thumbnail","category-bielefeld","tag-bielefeld","tag-cnt_top-artikel","tag-de","tag-deutschland","tag-friedrichstrasse","tag-germany","tag-graffiti","tag-linksextrem","tag-meta_artikelklasse_seo","tag-meta_copyrights_nw","tag-meta_eo_zusammenfassung","tag-meta_themen_blaulicht_sicherheit","tag-meta_userneeds_informieremich","tag-nordrhein-westfalen","tag-polizei","tag-polizei-bielefeld","tag-polizeibericht-bielefeld","tag-schlosshofstrasse","tag-sprayer","tag-staatsschutz","tag-staatsschutz-bielefeld","tag-stromkasten"],"share_on_mastodon":{"url":"https:\/\/pubeurope.com\/@de\/117170358599592761","error":""},"_links":{"self":[{"href":"https:\/\/www.europesays.com\/de\/wp-json\/wp\/v2\/posts\/1265036","targetHints":{"allow":["GET"]}}],"collection":[{"href":"https:\/\/www.europesays.com\/de\/wp-json\/wp\/v2\/posts"}],"about":[{"href":"https:\/\/www.europesays.com\/de\/wp-json\/wp\/v2\/types\/post"}],"author":[{"embeddable":true,"href":"https:\/\/www.europesays.com\/de\/wp-json\/wp\/v2\/users\/2"}],"replies":[{"embeddable":true,"href":"https:\/\/www.europesays.com\/de\/wp-json\/wp\/v2\/comments?post=1265036"}],"version-history":[{"count":0,"href":"https:\/\/www.europesays.com\/de\/wp-json\/wp\/v2\/posts\/1265036\/revisions"}],"wp:featuredmedia":[{"embeddable":true,"href":"https:\/\/www.europesays.com\/de\/wp-json\/wp\/v2\/media\/1265037"}],"wp:attachment":[{"href":"https:\/\/www.europesays.com\/de\/wp-json\/wp\/v2\/media?parent=1265036"}],"wp:term":[{"taxonomy":"category","embeddable":true,"href":"https:\/\/www.europesays.com\/de\/wp-json\/wp\/v2\/categories?post=1265036"},{"taxonomy":"post_tag","embeddable":true,"href":"https:\/\/www.europesays.com\/de\/wp-json\/wp\/v2\/tags?post=1265036"}],"curies":[{"name":"wp","href":"https:\/\/api.w.org\/{rel}","templated":true}]}}