{"id":1265042,"date":"2026-08-28T00:46:22","date_gmt":"2026-08-28T00:46:22","guid":{"rendered":"https:\/\/www.europesays.com\/de\/1265042\/"},"modified":"2026-08-28T00:46:22","modified_gmt":"2026-08-28T00:46:22","slug":"urlaub-und-ausfluege-im-bergischen-land-solingen-wuppertal-remscheid","status":"publish","type":"post","link":"https:\/\/www.europesays.com\/de\/1265042\/","title":{"rendered":"Urlaub und Ausfl\u00fcge im Bergischen Land, Solingen, Wuppertal, Remscheid"},"content":{"rendered":"<p class=\"text_ohne_einzug richtext text-em-55 !leading-serif mx-6 desktop:mx-0\"> Den Valentin h\u00e4tte das Bergische Land schon mal f\u00fcr sich gewonnen. Der Neunj\u00e4hrige macht auf seiner dreit\u00e4gigen Radtour mit Papa Julian (38) Rast unter der <a href=\"https:\/\/rp-online.de\/thema\/muengstener-bruecke\/\" rel=\"nofollow noopener\" target=\"_blank\">M\u00fcngstener Br\u00fccke<\/a>. \u201eDas war super bisher, besonders die weite Aussicht manchmal und die Tunnel haben mir gefallen\u201c, erz\u00e4hlt der k\u00f6lsche Jung. Vater und Sohn machen den Bergischen Panorama-Radweg von Hattingen nach Olpe, insgesamt 133 Kilometer lang. Auf der Mitteletappe werden sie von Oma (65) und Opa (68) aus <a href=\"https:\/\/rp-online.de\/thema\/haan\/\" rel=\"nofollow noopener\" target=\"_blank\">Haan<\/a> begleitet.<\/p>\n","protected":false},"excerpt":{"rendered":"Den Valentin h\u00e4tte das Bergische Land schon mal f\u00fcr sich gewonnen. Der Neunj\u00e4hrige macht auf seiner dreit\u00e4gigen Radtour&hellip;\n","protected":false},"author":2,"featured_media":1265043,"comment_status":"","ping_status":"","sticky":false,"template":"","format":"standard","meta":{"footnotes":"","_share_on_mastodon":"0"},"categories":[1840],"tags":[28106,3364,29,30,1209,4418,8682],"class_list":["post-1265042","post","type-post","status-publish","format-standard","has-post-thumbnail","category-wuppertal","tag-buga","tag-de","tag-deutschland","tag-germany","tag-nordrhein-westfalen","tag-wuppertal","tag-xxx"],"share_on_mastodon":{"url":"","error":""},"_links":{"self":[{"href":"https:\/\/www.europesays.com\/de\/wp-json\/wp\/v2\/posts\/1265042","targetHints":{"allow":["GET"]}}],"collection":[{"href":"https:\/\/www.europesays.com\/de\/wp-json\/wp\/v2\/posts"}],"about":[{"href":"https:\/\/www.europesays.com\/de\/wp-json\/wp\/v2\/types\/post"}],"author":[{"embeddable":true,"href":"https:\/\/www.europesays.com\/de\/wp-json\/wp\/v2\/users\/2"}],"replies":[{"embeddable":true,"href":"https:\/\/www.europesays.com\/de\/wp-json\/wp\/v2\/comments?post=1265042"}],"version-history":[{"count":0,"href":"https:\/\/www.europesays.com\/de\/wp-json\/wp\/v2\/posts\/1265042\/revisions"}],"wp:featuredmedia":[{"embeddable":true,"href":"https:\/\/www.europesays.com\/de\/wp-json\/wp\/v2\/media\/1265043"}],"wp:attachment":[{"href":"https:\/\/www.europesays.com\/de\/wp-json\/wp\/v2\/media?parent=1265042"}],"wp:term":[{"taxonomy":"category","embeddable":true,"href":"https:\/\/www.europesays.com\/de\/wp-json\/wp\/v2\/categories?post=1265042"},{"taxonomy":"post_tag","embeddable":true,"href":"https:\/\/www.europesays.com\/de\/wp-json\/wp\/v2\/tags?post=1265042"}],"curies":[{"name":"wp","href":"https:\/\/api.w.org\/{rel}","templated":true}]}}