{"id":1265063,"date":"2026-08-28T01:02:27","date_gmt":"2026-08-28T01:02:27","guid":{"rendered":"https:\/\/www.europesays.com\/de\/1265063\/"},"modified":"2026-08-28T01:02:27","modified_gmt":"2026-08-28T01:02:27","slug":"ende-der-rente-mit-63-merz-fuer-uebergangszeiten","status":"publish","type":"post","link":"https:\/\/www.europesays.com\/de\/1265063\/","title":{"rendered":"Ende der &#8222;Rente mit 63&#8220;: Merz f\u00fcr \u00dcbergangszeiten"},"content":{"rendered":"<p>            <img loading=\"lazy\" decoding=\"async\" class=\"ts-image\" src=\"https:\/\/www.europesays.com\/de\/wp-content\/uploads\/2026\/08\/merz-1510.jpg\" alt=\"Friedrich Merz\" title=\"Friedrich Merz | Sebastian Christoph Gollnow\/dpa\"\/><\/p>\n<p class=\"metatextline\">Stand: 27.08.2026 \u2022 20:12 Uhr<\/p>\n<p class=\"article-head__shorttext\">\n        <strong>Die Regierung will die abschlagsfreie Rente nach 45 Beitragsjahren abschaffen &#8211; aber Kanzler Merz kann sich \u00dcbergangszeiten vorstellen. Die Fraktionschefs von Union und SPD erkl\u00e4ren, \u00c4nderungen am Reformkonzept seien nicht ausgeschlossen.<\/strong>\n    <\/p>\n<p class=\"textabsatz m-ten m-offset-one l-eight l-offset-two columns twelve\">Das Thema Rente sorgt weiterhin f\u00fcr Diskussionen in der schwarz-roten Koalition. Kanzler Friedrich Merz hat \u00dcbergangszeiten bei der Abschaffung der abschlagsfreien Rente nach 45 Beitragsjahren vorgeschlagen. &#8222;Ich m\u00f6chte die Anreize zur Fr\u00fchverrentung im zuk\u00fcnftigen Rentensystem nicht mehr haben&#8220;, sagte der CDU-Vorsitzende in der RTL-Sendung <a href=\"https:\/\/www.rtl.de\/news\/am-tisch-mit-friedrich-merz-diese-buerger-stellen-dem-kanzler-bei-rtl-unbequeme-fragen-id31235114.html\" title=\"Link zu RTL\" class=\"textlink--extern js-link-dialog\" rel=\"noopener noreferrer nofollow\" target=\"_blank\" data-type=\"external\">&#8222;Am Tisch mit Friedrich Merz&#8220;<\/a>.<\/p>\n<p class=\"textabsatz m-ten m-offset-one l-eight l-offset-two columns twelve\">Aber er wies auch darauf hin, <a href=\"https:\/\/www.tagesschau.de\/inland\/rentenkommission-renteneintrittsalter-fonds-100.html\" title=\"Vorschl\u00e4ge an Bundesregierung: Das sind die Empfehlungen der Rentenkommission\" rel=\"nofollow noopener\" target=\"_blank\">die Rentenkommission selbst<\/a> habe vorgeschlagen, &#8222;dass wir \u00dcbergangszeiten brauchen. Wir machen das nicht von einem Tag auf den anderen.&#8220; Es sei v\u00f6llig klar, dass es im Gesetzgebungsverfahren Verbesserungsvorschl\u00e4ge gebe, sagte Merz. &#8222;Nur an der grunds\u00e4tzlichen Ausrichtung dieser Reform wollen wir und d\u00fcrfen wir auch nichts \u00e4ndern.&#8220;<\/p>\n<p>            <img loading=\"lazy\" decoding=\"async\" class=\"ts-image\" src=\"https:\/\/www.europesays.com\/de\/wp-content\/uploads\/2026\/08\/rente-454.jpg\" alt=\"\u00c4ltere Paare vor einem Schaufenster.\" title=\"\u00c4ltere Paare vor einem Schaufenster. | picture alliance \/ NurPhoto\"\/><\/p>\n<p>&#8222;Rente mit 63&#8220;<\/p>\n<p>        Nach einer Versicherungszeit von 45 Jahren k\u00f6nnen Besch\u00e4ftigte grunds\u00e4tzlich &#8211; in der Regel 24 Monate &#8211; fr\u00fcher in Rente gehen. Die Altersrente f\u00fcr diese &#8222;besonders langj\u00e4hrig Versicherten&#8220; wird oft noch &#8222;Rente mit 63&#8220; genannt, weil alle vor 1953 Geborenen ohne Abschl\u00e4ge mit 63 Jahren in Rente gehen konnten. <\/p>\n<p>Das gilt inzwischen nicht mehr f\u00fcr alle, die zwischen 1953 und 1963 geboren sind. Da das Rentenalter schrittweise angehoben wird, verschiebt sich auch das Eintrittsalter mit dem Geburtsjahr nach oben. Aktuell liegt das Regelrentenalter bei 66 Jahren und vier Monaten. <\/p>\n<p>Die &#8222;Rente mit 63&#8220; ist also derzeit eine &#8222;Rente mit 64&#8220;. Beitragszahler, die 1964 oder sp\u00e4ter geboren wurden, k\u00f6nnen theoretisch mit 65 Jahren in Rente gehen. Rund 30 Prozent aller neuen Altersrenten sind solche f\u00fcr &#8222;besonders langj\u00e4hrig Versicherte&#8220;.<\/p>\n<p>Quellen: Deutsche Rentenversicherung, Bertelsmann Stiftung, DIW\n    <\/p>\n<p>    Fraktionsspitzen schlie\u00dfen \u00c4nderungen nicht aus<\/p>\n<p class=\"textabsatz m-ten m-offset-one l-eight l-offset-two columns twelve\">Die Rentenreform ist auch Thema bei einer gemeinsamen Klausurtagung der SPD- und CDU-Fraktionen in M\u00fcnster. \u00c4nderungen am Rentenkonzept seien nicht ausgeschlossen, erkl\u00e4rten die Fraktionschefs Thorsten Frei und Matthias Miersch vor dem Beginn der Klausur.<\/p>\n<p class=\"textabsatz m-ten m-offset-one l-eight l-offset-two columns twelve\">Kein Gesetz gehe so aus dem Bundestag, wie es hineinkomme, sagte Unionsfraktionschef Frei. Gleichzeitig betonte der CDU-Politiker aber, man m\u00fcsse dabei sehr vorsichtig vorgehen, &#8222;dass man nicht an einer Stelle Ver\u00e4nderungen vornimmt, die m\u00f6glicherweise das Gesamtkonstrukt ins Wanken bringen k\u00f6nnten&#8220;. Die Vorschl\u00e4ge der Rentenkommission st\u00fcnden &#8222;in einer Wechselbeziehung&#8220;.<\/p>\n<p>    Mit Empathie zum Kompromiss?<\/p>\n<p class=\"textabsatz m-ten m-offset-one l-eight l-offset-two columns twelve\">SPD-Fraktionschef Matthias Miersch erkl\u00e4rte, die Koalitionsfraktionen g\u00e4ben gerade beim Thema Rente das Denken im Parlament ja nicht auf. Der Kontakt mit den B\u00fcrgern und der Diskurs mit den Ministerpr\u00e4sidenten zeige, dass die Rente wichtig und auch ein Gerechtigkeitsthema sei. &#8222;Am Ende denke ich, mit einer gro\u00dfen Portion Empathie kriegen wir auch einen guten Kompromiss hin&#8220;, sagte Miersch.<\/p>\n<p class=\"textabsatz m-ten m-offset-one l-eight l-offset-two columns twelve\">Die Klausurtagung soll morgen mit einem Beschluss zu Resilienz und Innerer Sicherheit sowie einem Fahrplan f\u00fcr die Reformen von Rente, Pflege und Einkommensteuer zu Ende gehen.<\/p>\n<p class=\"textabsatz m-ten m-offset-one l-eight l-offset-two columns twelve\">Am geplanten Ende der abschlagsfreien Rente nach 45 Beitragsjahren hatte es zuletzt massiv Kritik gegeben &#8211; auch aus der schwarz-roten Koalition. Vor allem die drei ostdeutschen CDU-Ministerpr\u00e4sidenten Sven Schulze (Sachsen-Anhalt), Michael Kretschmer (Sachsen) und Mario Voigt (Th\u00fcringen) hatten sich gemeinsam gegen die Reform gestellt, ebenso wie Mecklenburg-Vorpommerns Ministerpr\u00e4sidentin Manuela Schwesig und andere SPD-Regierungschefs.<\/p>\n","protected":false},"excerpt":{"rendered":"Stand: 27.08.2026 \u2022 20:12 Uhr Die Regierung will die abschlagsfreie Rente nach 45 Beitragsjahren abschaffen &#8211; aber Kanzler&hellip;\n","protected":false},"author":2,"featured_media":1265064,"comment_status":"","ping_status":"","sticky":false,"template":"","format":"standard","meta":{"footnotes":"","_share_on_mastodon":"0"},"categories":[5],"tags":[331,332,1173,3364,29,30,13,44,182,14,15,379,12,14188],"class_list":["post-1265063","post","type-post","status-publish","format-standard","has-post-thumbnail","category-nachrichten","tag-aktuelle-nachrichten","tag-aktuelle-news","tag-bundesregierung","tag-de","tag-deutschland","tag-germany","tag-headlines","tag-koalition","tag-merz","tag-nachrichten","tag-news","tag-rente","tag-schlagzeilen","tag-schwarz-rot"],"share_on_mastodon":{"url":"https:\/\/pubeurope.com\/@de\/117170442934654586","error":""},"_links":{"self":[{"href":"https:\/\/www.europesays.com\/de\/wp-json\/wp\/v2\/posts\/1265063","targetHints":{"allow":["GET"]}}],"collection":[{"href":"https:\/\/www.europesays.com\/de\/wp-json\/wp\/v2\/posts"}],"about":[{"href":"https:\/\/www.europesays.com\/de\/wp-json\/wp\/v2\/types\/post"}],"author":[{"embeddable":true,"href":"https:\/\/www.europesays.com\/de\/wp-json\/wp\/v2\/users\/2"}],"replies":[{"embeddable":true,"href":"https:\/\/www.europesays.com\/de\/wp-json\/wp\/v2\/comments?post=1265063"}],"version-history":[{"count":0,"href":"https:\/\/www.europesays.com\/de\/wp-json\/wp\/v2\/posts\/1265063\/revisions"}],"wp:featuredmedia":[{"embeddable":true,"href":"https:\/\/www.europesays.com\/de\/wp-json\/wp\/v2\/media\/1265064"}],"wp:attachment":[{"href":"https:\/\/www.europesays.com\/de\/wp-json\/wp\/v2\/media?parent=1265063"}],"wp:term":[{"taxonomy":"category","embeddable":true,"href":"https:\/\/www.europesays.com\/de\/wp-json\/wp\/v2\/categories?post=1265063"},{"taxonomy":"post_tag","embeddable":true,"href":"https:\/\/www.europesays.com\/de\/wp-json\/wp\/v2\/tags?post=1265063"}],"curies":[{"name":"wp","href":"https:\/\/api.w.org\/{rel}","templated":true}]}}