{"id":1265076,"date":"2026-08-28T01:11:20","date_gmt":"2026-08-28T01:11:20","guid":{"rendered":"https:\/\/www.europesays.com\/de\/1265076\/"},"modified":"2026-08-28T01:11:20","modified_gmt":"2026-08-28T01:11:20","slug":"mondfinsternis-heute-nacht-ueber-nuernberg-blutmond-nur-20-minuten-zu-sehen","status":"publish","type":"post","link":"https:\/\/www.europesays.com\/de\/1265076\/","title":{"rendered":"Mondfinsternis heute Nacht \u00fcber N\u00fcrnberg: Blutmond nur 20 Minuten zu sehen"},"content":{"rendered":"<p>Seltene Mondfinsternis <\/p>\n<p>\u00dcber N\u00fcrnberg verschwindet fast der ganze Vollmond<\/p>\n<p>Aktualisiert am 28.08.2026 &#8211; 02:37 UhrLesedauer: 2 Min.<\/p>\n<p><a href=\"#focus-0\" class=\"transition-colors block text-current relative\" data-sctrack=\"FocusGalleryImage.Reference\"><img fetchpriority=\"high\" data-testid=\"Opener.Image\"   loading=\"eager\" src=\"https:\/\/www.europesays.com\/de\/wp-content\/uploads\/2026\/08\/wer-die-partielle-mondfinsternis-sehen-will-muss-frueh-aufstehen-archivbild.jpg\" alt=\"Mondfinsternis in Baden-W\u00fcrttemberg\" title=\"Mondfinsternis in Baden-W\u00fcrttemberg\" width=\"2048\" height=\"1152\" class=\"bg-[url:var(--lqipURL)] bg-cover bg-center flex h-full w-full max-w-full\" style=\"--lqipURL:url('https:\/\/images.t-online.de\/2026\/08\/SDjInbeuPtnJ\/0x97:2048x1152\/fit-in\/150x0\/filters:blur(25)\/wer-die-partielle-mondfinsternis-sehen-will-muss-frueh-aufstehen-archivbild.jpg')\" decoding=\"async\"\/><img loading=\"lazy\" src=\"https:\/\/nuernberg.t-online.de\/s\/paper\/_next\/static\/media\/zoom-in.f7dae02f.svg\" alt=\"Vergr\u00f6\u00dfern des Bildes\" title=\"Vergr\u00f6\u00dfern des Bildes\" class=\"block h-[calc(var(--height)_\/_16_*_1rem)] w-[calc(var(--width)_\/_16_*_1rem)] max-w-none absolute right-8 bottom-8 rounded-4 bg-snow p-8\" style=\"--width:32;--height:32\" decoding=\"async\"\/><\/a><\/p>\n<p>Eine partielle Mondfinsternis (Archivbild): Wer das Schauspiel sehen will, muss fr\u00fch aufstehen. (Quelle: Thomas Warnack\/dpa\/dpa-bilder)<\/p>\n<p><img loading=\"lazy\" src=\"https:\/\/nuernberg.t-online.de\/s\/paper\/_next\/static\/media\/audio-volume.6689034c.svg\" alt=\"\" title=\"\" class=\"block h-[calc(var(--height)_\/_16_*_1rem)] w-[calc(var(--width)_\/_16_*_1rem)] max-w-none group-hover:brightness-0 group-hover:invert\" style=\"--width:16;--height:16\" decoding=\"async\"\/>Vorlesen<\/p>\n<p>Aktuelle Zeit:0:00Gesamtdauer:0:00<\/p>\n<p>1x<img loading=\"lazy\" src=\"https:\/\/nuernberg.t-online.de\/s\/paper\/_next\/static\/media\/font-sizes.32942e33.svg\" alt=\"\" title=\"\" class=\"block h-[calc(var(--height)_\/_16_*_1rem)] w-[calc(var(--width)_\/_16_*_1rem)] max-w-none group-hover:hidden group-aria-expanded:hidden\" style=\"--width:16;--height:16\" decoding=\"async\"\/><img loading=\"lazy\" src=\"https:\/\/nuernberg.t-online.de\/s\/paper\/_next\/static\/media\/font-sizes-dark-mode.e382645c.svg\" alt=\"\" title=\"\" class=\"block h-[calc(var(--height)_\/_16_*_1rem)] w-[calc(var(--width)_\/_16_*_1rem)] max-w-none hidden group-hover:block group-aria-expanded:block\" style=\"--width:16;--height:16\" decoding=\"async\"\/><img loading=\"lazy\" src=\"https:\/\/nuernberg.t-online.de\/s\/paper\/_next\/static\/media\/sharing-menu-icon.1eb71368.svg\" alt=\"\" title=\"\" class=\"block h-[calc(var(--height)_\/_16_*_1rem)] w-[calc(var(--width)_\/_16_*_1rem)] max-w-none group-hover:brightness-0 group-hover:invert\" style=\"--width:16;--height:16\" decoding=\"async\"\/>Artikel teilen<\/p>\n<p class=\"font-bold text-18 leading-17 user-text-lg:text-22 user-text-xl:text-24\"><strong class=\"font-bold\">Am Freitagmorgen verdunkelt der Erdschatten fast den gesamten Mond. Wer den H\u00f6hepunkt sehen will, muss fr\u00fch aufstehen und freie Sicht nach Wests\u00fcdwesten haben.<\/strong><\/p>\n<p class=\"text-18 leading-17 user-text-lg:text-22 user-text-xl:text-24\"><a href=\"https:\/\/nuernberg.t-online.de\/region\/nuernberg\/id_101384420\/sonnenfinsternis-in-nuernberg-hier-gibt-es-noch-schutzbrillen.html\" class=\"transition-colors cursor-pointer no-underline md:hover:text-magenta md:focus:text-magenta border-b border-solid border-current text-salemsfur md:hover:border-magenta\" data-tracking=\"{&quot;action&quot;:&quot;click&quot;,&quot;category&quot;:&quot;intextLink&quot;,&quot;label&quot;:&quot;\/region\/nuernberg\/id_101384420\/sonnenfinsternis-in-nuernberg-hier-gibt-es-noch-schutzbrillen.html&quot;}\" data-sctrack=\"BodyAnchor\" rel=\"nofollow noopener\" target=\"_blank\">Nach der Sonnenfinsternis am 12. August<\/a> steht \u00fcber N\u00fcrnberg bereits das n\u00e4chste Himmelsschauspiel bevor. Am fr\u00fchen Morgen des 28. August zieht der Vollmond tief durch den Erdschatten. Es handelt sich nicht um eine totale, sondern um eine sehr tiefe partielle Mondfinsternis.<\/p>\n<p class=\"text-18 leading-17 user-text-lg:text-22 user-text-xl:text-24\">Beim H\u00f6hepunkt befinden sich etwa 93 Prozent des Monddurchmessers im Kernschatten der Erde. Damit bleibt nur eine schmale helle Sichel zur\u00fcck. Der verdunkelte Teil kann r\u00f6tlich oder kupferfarben erscheinen \u2013 ein vollst\u00e4ndig verfinsterter &#8222;Blutmond&#8220; entsteht \u00fcber N\u00fcrnberg jedoch nicht.<\/p>\n<p>Wann die Mondfinsternis \u00fcber N\u00fcrnberg beginnt<\/p>\n<p class=\"text-18 leading-17 user-text-lg:text-22 user-text-xl:text-24\">Die Halbschattenphase beginnt in N\u00fcrnberg gegen 3.23 Uhr. Anfangs ist die Ver\u00e4nderung mit blo\u00dfem Auge kaum zu erkennen. Deutlich interessanter wird es ab 4.33 Uhr: Dann erreicht der Kernschatten den Mond und die partielle Finsternis beginnt.<\/p>\n<p class=\"text-18 leading-17 user-text-lg:text-22 user-text-xl:text-24\">Das Maximum wird gegen 6.12 Uhr erreicht. Zu diesem Zeitpunkt steht der Mond in N\u00fcrnberg nur noch rund 2,3 Grad \u00fcber dem Horizont im Wests\u00fcdwesten. Bereits um 6.32 Uhr geht er unter. Nach dem H\u00f6hepunkt bleiben damit lediglich etwa 20 Minuten.<\/p>\n<p class=\"text-18 leading-17 user-text-lg:text-22 user-text-xl:text-24\">Wer das Schauspiel beobachten m\u00f6chte, sollte nicht zu lange warten. Um 4.33 Uhr steht der Mond noch rund 15,6 Grad hoch im S\u00fcdwesten. Dann ist der Himmel dunkler und die Gefahr geringer, dass H\u00e4user, B\u00e4ume oder Dunst den Blick versperren.<\/p>\n<p><a href=\"#focus-1\" class=\"transition-colors block text-current relative\" data-sctrack=\"FocusGalleryImage.Reference\"><img   loading=\"lazy\" src=\"https:\/\/www.europesays.com\/de\/wp-content\/uploads\/2026\/08\/reisen-tourismus-urlaub-ferien-ostsee-travemuende-herbst-blutmond-ueber-der-ostsee-bei-travemuende-t.jpeg\" alt=\"imago images 0832846862\" title=\"imago images 0832846862\" width=\"2362\" height=\"1329\" class=\"h-full w-full max-w-full rounded-8\" decoding=\"async\"\/><img loading=\"lazy\" src=\"https:\/\/nuernberg.t-online.de\/s\/paper\/_next\/static\/media\/zoom-in.f7dae02f.svg\" alt=\"Vergr\u00f6\u00dfern des Bildes\" title=\"Vergr\u00f6\u00dfern des Bildes\" class=\"block h-[calc(var(--height)_\/_16_*_1rem)] w-[calc(var(--width)_\/_16_*_1rem)] max-w-none absolute right-8 bottom-8 rounded-4 bg-snow p-8\" style=\"--width:32;--height:32\" decoding=\"async\"\/>Mondfinsternis am Nachthimmel: In N\u00fcrnberg bleibt beim Maximum nur eine schmale Sichel. (Quelle: IMAGO\/Susanne H\u00fcbner, Susanne Huebner\/imago)<\/a><\/p>\n<p>Warum \u00fcber N\u00fcrnberg der Horizont entscheidet<\/p>\n<p class=\"text-18 leading-17 user-text-lg:text-22 user-text-xl:text-24\">Zum Beobachten des Schauspiels bietet sich der obere Rechenberg an. Die Stadt N\u00fcrnberg hat dort unter anderem einen Aussichtspunkt und das obere Plateau der Rechenberganlage aufgewertet. Direkt daneben liegen der N\u00fcrnberger Planetenweg und die Sternwarte.<\/p>\n<p class=\"text-18 leading-17 user-text-lg:text-22 user-text-xl:text-24\">Von der Regiomontanus-Sternwarte aus soll die Sicht nach Westen gut, aber nicht vollst\u00e4ndig frei sein. Weil der Mond beim Maximum extrem tief steht, sollte die konkrete Sichtachse nach Wests\u00fcdwesten bereits bei Tageslicht gepr\u00fcft werden. Eine Sonder\u00f6ffnung der Sternwarte zur Mondfinsternis ist im aktuellen Veranstaltungskalender bislang nicht angek\u00fcndigt.<\/p>\n<p class=\"text-18 leading-17 user-text-lg:text-22 user-text-xl:text-24\">Der Schmausenbuck-Aussichtsturm ist dagegen keine verl\u00e4ssliche Alternative. Nach Angaben der Stadt bleibt der Turm au\u00dferhalb weniger Sonderveranstaltungen geschlossen.<\/p>\n<p>Welche Ausr\u00fcstung Beobachter brauchen<\/p>\n<p class=\"text-18 leading-17 user-text-lg:text-22 user-text-xl:text-24\">Eine Schutzbrille ist bei einer Mondfinsternis nicht erforderlich. Das Ereignis kann gefahrlos mit blo\u00dfem Auge verfolgt werden. Ein Fernglas macht die Grenze zwischen dem hellen und dem verdunkelten Teil deutlicher.<\/p>\n","protected":false},"excerpt":{"rendered":"Seltene Mondfinsternis \u00dcber N\u00fcrnberg verschwindet fast der ganze Vollmond Aktualisiert am 28.08.2026 &#8211; 02:37 UhrLesedauer: 2 Min. Eine&hellip;\n","protected":false},"author":2,"featured_media":1265077,"comment_status":"","ping_status":"","sticky":false,"template":"","format":"standard","meta":{"footnotes":"","_share_on_mastodon":"0"},"categories":[1837],"tags":[722,229052,772,3364,29,30,46334,91265,3783,61015,261362],"class_list":["post-1265076","post","type-post","status-publish","format-standard","has-post-thumbnail","category-nuernberg","tag-722","tag-229052","tag-bayern","tag-de","tag-deutschland","tag-germany","tag-mond","tag-mondfinsternis","tag-nuernberg","tag-vollmond","tag-westsuedwesten"],"share_on_mastodon":{"url":"https:\/\/pubeurope.com\/@de\/117170478583809769","error":""},"_links":{"self":[{"href":"https:\/\/www.europesays.com\/de\/wp-json\/wp\/v2\/posts\/1265076","targetHints":{"allow":["GET"]}}],"collection":[{"href":"https:\/\/www.europesays.com\/de\/wp-json\/wp\/v2\/posts"}],"about":[{"href":"https:\/\/www.europesays.com\/de\/wp-json\/wp\/v2\/types\/post"}],"author":[{"embeddable":true,"href":"https:\/\/www.europesays.com\/de\/wp-json\/wp\/v2\/users\/2"}],"replies":[{"embeddable":true,"href":"https:\/\/www.europesays.com\/de\/wp-json\/wp\/v2\/comments?post=1265076"}],"version-history":[{"count":0,"href":"https:\/\/www.europesays.com\/de\/wp-json\/wp\/v2\/posts\/1265076\/revisions"}],"wp:featuredmedia":[{"embeddable":true,"href":"https:\/\/www.europesays.com\/de\/wp-json\/wp\/v2\/media\/1265077"}],"wp:attachment":[{"href":"https:\/\/www.europesays.com\/de\/wp-json\/wp\/v2\/media?parent=1265076"}],"wp:term":[{"taxonomy":"category","embeddable":true,"href":"https:\/\/www.europesays.com\/de\/wp-json\/wp\/v2\/categories?post=1265076"},{"taxonomy":"post_tag","embeddable":true,"href":"https:\/\/www.europesays.com\/de\/wp-json\/wp\/v2\/tags?post=1265076"}],"curies":[{"name":"wp","href":"https:\/\/api.w.org\/{rel}","templated":true}]}}