{"id":1265108,"date":"2026-08-28T01:35:30","date_gmt":"2026-08-28T01:35:30","guid":{"rendered":"https:\/\/www.europesays.com\/de\/1265108\/"},"modified":"2026-08-28T01:35:30","modified_gmt":"2026-08-28T01:35:30","slug":"partielle-mondfinsternis-2026-so-ist-das-spektakel-in-frankfurt-zusehen","status":"publish","type":"post","link":"https:\/\/www.europesays.com\/de\/1265108\/","title":{"rendered":"Partielle Mondfinsternis 2026: So ist das Spektakel in Frankfurt zusehen"},"content":{"rendered":"<p>Ende August <\/p>\n<p>Fast totale Mondfinsternis \u00fcber Frankfurt \u2013 so ist sie zu sehen<\/p>\n<p>Aktualisiert am 28.08.2026 &#8211; 03:02 UhrLesedauer: 2 Min.<\/p>\n<p><a href=\"#focus-0\" class=\"transition-colors block text-current relative\" data-sctrack=\"FocusGalleryImage.Reference\"><img fetchpriority=\"high\" data-testid=\"Opener.Image\"   loading=\"eager\" src=\"https:\/\/www.europesays.com\/de\/wp-content\/uploads\/2026\/08\/mondfinsternis-hinter-dem-westendtower-in-frankfurt-der-vollmond-ist-durch-den-schatten-der-erde-abg.jpeg\" alt=\"Mondfinsternis hinter dem Westendtower in Frankfurt: Rund vier F\u00fcnftel des Mondes sind durch den Schatten der Erde abgedunkelt.\" title=\"Mondfinsternis hinter dem Westendtower in Frankfurt: Rund vier F\u00fcnftel des Mondes sind durch den Schatten der Erde abgedunkelt.\" width=\"2048\" height=\"1152\" class=\"bg-[url:var(--lqipURL)] bg-cover bg-center flex h-full w-full max-w-full\" style=\"--lqipURL:url('https:\/\/images.t-online.de\/2025\/09\/WYzC3pOuusM-\/0x107:2048x1152\/fit-in\/150x0\/filters:blur(25)\/mondfinsternis-hinter-dem-westendtower-in-frankfurt-der-vollmond-ist-durch-den-schatten-der-erde-abgedunkelt.jpg')\" decoding=\"async\"\/><img loading=\"lazy\" src=\"https:\/\/frankfurt.t-online.de\/s\/paper\/_next\/static\/media\/zoom-in.f7dae02f.svg\" alt=\"Vergr\u00f6\u00dfern des Bildes\" title=\"Vergr\u00f6\u00dfern des Bildes\" class=\"block h-[calc(var(--height)_\/_16_*_1rem)] w-[calc(var(--width)_\/_16_*_1rem)] max-w-none absolute right-8 bottom-8 rounded-4 bg-snow p-8\" style=\"--width:32;--height:32\" decoding=\"async\"\/><\/a><\/p>\n<p>Mondfinsternis hinter dem Westendtower in Frankfurt (Archivbild): Bald l\u00e4sst sich das Himmelsspektakel wieder \u00fcber der Mainmetropole beobachten. (Quelle: AP Photo\/Michael Probst)<\/p>\n<p><img loading=\"lazy\" src=\"https:\/\/frankfurt.t-online.de\/s\/paper\/_next\/static\/media\/audio-volume.6689034c.svg\" alt=\"\" title=\"\" class=\"block h-[calc(var(--height)_\/_16_*_1rem)] w-[calc(var(--width)_\/_16_*_1rem)] max-w-none group-hover:brightness-0 group-hover:invert\" style=\"--width:16;--height:16\" decoding=\"async\"\/>Vorlesen<\/p>\n<p>Aktuelle Zeit:0:00Gesamtdauer:0:00<\/p>\n<p>1x<img loading=\"lazy\" src=\"https:\/\/frankfurt.t-online.de\/s\/paper\/_next\/static\/media\/font-sizes.32942e33.svg\" alt=\"\" title=\"\" class=\"block h-[calc(var(--height)_\/_16_*_1rem)] w-[calc(var(--width)_\/_16_*_1rem)] max-w-none group-hover:hidden group-aria-expanded:hidden\" style=\"--width:16;--height:16\" decoding=\"async\"\/><img loading=\"lazy\" src=\"https:\/\/frankfurt.t-online.de\/s\/paper\/_next\/static\/media\/font-sizes-dark-mode.e382645c.svg\" alt=\"\" title=\"\" class=\"block h-[calc(var(--height)_\/_16_*_1rem)] w-[calc(var(--width)_\/_16_*_1rem)] max-w-none hidden group-hover:block group-aria-expanded:block\" style=\"--width:16;--height:16\" decoding=\"async\"\/><img loading=\"lazy\" src=\"https:\/\/frankfurt.t-online.de\/s\/paper\/_next\/static\/media\/sharing-menu-icon.1eb71368.svg\" alt=\"\" title=\"\" class=\"block h-[calc(var(--height)_\/_16_*_1rem)] w-[calc(var(--width)_\/_16_*_1rem)] max-w-none group-hover:brightness-0 group-hover:invert\" style=\"--width:16;--height:16\" decoding=\"async\"\/>Artikel teilen<\/p>\n<p class=\"font-bold text-18 leading-17 user-text-lg:text-22 user-text-xl:text-24\">Am fr\u00fchen Morgen des 28. August bietet sich \u00fcber Frankfurt ein seltenes Himmelsschauspiel. Der Mond verschwindet zu 94 Prozent im Kernschatten der Erde.<\/p>\n<p class=\"text-18 leading-17 user-text-lg:text-22 user-text-xl:text-24\">Frankfurter Fr\u00fchaufsteher k\u00f6nnen am Freitag (28. August) eine ungew\u00f6hnlich starke partielle Mondfinsternis beobachten. Nur 16 Tage nach der Sonnenfinsternis wandert der Vollmond durch den Kernschatten der Erde. Zum H\u00f6hepunkt der Finsternis sind 94 Prozent seines scheinbaren Durchmessers verdunkelt \u2013 damit fehlt nicht viel zu einer totalen Mondfinsternis.<\/p>\n<p class=\"text-18 leading-17 user-text-lg:text-22 user-text-xl:text-24\">Die ersten Ver\u00e4nderungen beginnen bereits um 3.23 Uhr. Dann tritt der Mond in den Halbschatten der Erde ein. Diese Phase ist mit blo\u00dfem Auge allerdings nur schwer zu erkennen.<\/p>\n<p class=\"text-18 leading-17 user-text-lg:text-22 user-text-xl:text-24\">Deutlich sichtbar wird das Himmelsschauspiel ab 4.33 Uhr: Dann erreicht der Kernschatten die Mondscheibe und die eigentliche partielle Finsternis beginnt. Der verdunkelte Teil des Mondes kann dabei r\u00f6tlich erscheinen.<\/p>\n<p>Mondfinsternis \u00fcber Frankfurt: Maximum kurz nach 6 Uhr<\/p>\n<p class=\"text-18 leading-17 user-text-lg:text-22 user-text-xl:text-24\">Ihren H\u00f6hepunkt erreicht die Finsternis gegen 6.12 Uhr. Dann befinden sich 94 Prozent des scheinbaren Monddurchmessers im Kernschatten der Erde. Es handelt sich damit beinahe um eine totale Mondfinsternis.<\/p>\n<p><a href=\"#focus-1\" class=\"transition-colors block text-current relative\" data-sctrack=\"FocusGalleryImage.Reference\"><img   loading=\"lazy\" src=\"https:\/\/www.europesays.com\/de\/wp-content\/uploads\/2026\/08\/mondfinsternis-ueber-frankfurt.jpg\" alt=\"Germany Lunar Eclipse\" title=\"Germany Lunar Eclipse\" width=\"2048\" height=\"1152\" class=\"h-full w-full max-w-full rounded-8\" decoding=\"async\"\/><img loading=\"lazy\" src=\"https:\/\/frankfurt.t-online.de\/s\/paper\/_next\/static\/media\/zoom-in.f7dae02f.svg\" alt=\"Vergr\u00f6\u00dfern des Bildes\" title=\"Vergr\u00f6\u00dfern des Bildes\" class=\"block h-[calc(var(--height)_\/_16_*_1rem)] w-[calc(var(--width)_\/_16_*_1rem)] max-w-none absolute right-8 bottom-8 rounded-4 bg-snow p-8\" style=\"--width:32;--height:32\" decoding=\"async\"\/>Mondfinsternis \u00fcber Frankfurt (Archivbild): Der Vollmond ist durch den Schatten der Erde abgedunkelt. (Quelle: AP Photo\/Michael Probst)<\/a><\/p>\n<p class=\"text-18 leading-17 user-text-lg:text-22 user-text-xl:text-24\">F\u00fcr Beobachter in Frankfurt kommt das Maximum allerdings kurz vor knapp. Zu diesem Zeitpunkt steht der Mond nur noch rund 3,5 Grad \u00fcber dem Horizont im Wests\u00fcdwesten. Um 6.41 Uhr geht er schlie\u00dflich unter. Das Ende der partiellen Finsternis um 7.51 Uhr ist von Frankfurt aus deshalb nicht mehr zu sehen.<\/p>\n<p class=\"text-18 leading-17 user-text-lg:text-22 user-text-xl:text-24\">Von Beginn der partiellen Phase bis zum Monduntergang bleiben in Frankfurt damit gut zwei Stunden Zeit. Wer das Maximum sehen m\u00f6chte, hat danach noch knapp eine halbe Stunde, bevor der Mond unter dem Horizont verschwindet.<\/p>\n<p>Freie Sicht nach Wests\u00fcdwesten wichtig<\/p>\n<p class=\"text-18 leading-17 user-text-lg:text-22 user-text-xl:text-24\">Gerade w\u00e4hrend der st\u00e4rksten Verdunkelung kann die geringe H\u00f6he \u00fcber dem Horizont die Beobachtung erschweren. H\u00e4user, B\u00e4ume oder Dunst k\u00f6nnen den Blick auf den Mond versperren. Sinnvoll ist deshalb ein m\u00f6glichst hoch gelegener oder unverbauter Standort mit freier Sicht nach Wests\u00fcdwesten.<\/p>\n<p class=\"text-18 leading-17 user-text-lg:text-22 user-text-xl:text-24\">Eine besonders dunkle Umgebung ist f\u00fcr die Beobachtung dagegen nicht zwingend erforderlich. Anders als bei einer Sonnenfinsternis braucht es zudem keine Schutzbrille: Eine Mondfinsternis l\u00e4sst sich gefahrlos mit blo\u00dfem Auge verfolgen. Auch Ferngl\u00e4ser oder Teleskope k\u00f6nnen ohne spezielle Filter verwendet werden.<\/p>\n<p class=\"text-18 leading-17 user-text-lg:text-22 user-text-xl:text-24\">Entscheidend d\u00fcrfte am Ende vor allem das Wetter sein. Ob Wolken oder Dunst den Blick auf die Mondfinsternis \u00fcber Frankfurt verhindern, l\u00e4sst sich erst kurzfristig verl\u00e4sslich absch\u00e4tzen.<\/p>\n","protected":false},"excerpt":{"rendered":"Ende August Fast totale Mondfinsternis \u00fcber Frankfurt \u2013 so ist sie zu sehen Aktualisiert am 28.08.2026 &#8211; 03:02&hellip;\n","protected":false},"author":2,"featured_media":1243755,"comment_status":"","ping_status":"","sticky":false,"template":"","format":"standard","meta":{"footnotes":"","_share_on_mastodon":"0"},"categories":[1829],"tags":[722,29,2050,2051,30,2052,19188,19190,46334,91265,61015,257711],"class_list":["post-1265108","post","type-post","status-publish","format-standard","has-post-thumbnail","category-frankfurt-am-main","tag-722","tag-deutschland","tag-frankfurt","tag-frankfurt-am-main","tag-germany","tag-hessen","tag-himmelsschauspiel","tag-himmelsspektakel","tag-mond","tag-mondfinsternis","tag-vollmond","tag-westendtower"],"share_on_mastodon":{"url":"https:\/\/pubeurope.com\/@de\/117170574346541149","error":""},"_links":{"self":[{"href":"https:\/\/www.europesays.com\/de\/wp-json\/wp\/v2\/posts\/1265108","targetHints":{"allow":["GET"]}}],"collection":[{"href":"https:\/\/www.europesays.com\/de\/wp-json\/wp\/v2\/posts"}],"about":[{"href":"https:\/\/www.europesays.com\/de\/wp-json\/wp\/v2\/types\/post"}],"author":[{"embeddable":true,"href":"https:\/\/www.europesays.com\/de\/wp-json\/wp\/v2\/users\/2"}],"replies":[{"embeddable":true,"href":"https:\/\/www.europesays.com\/de\/wp-json\/wp\/v2\/comments?post=1265108"}],"version-history":[{"count":0,"href":"https:\/\/www.europesays.com\/de\/wp-json\/wp\/v2\/posts\/1265108\/revisions"}],"wp:featuredmedia":[{"embeddable":true,"href":"https:\/\/www.europesays.com\/de\/wp-json\/wp\/v2\/media\/1243755"}],"wp:attachment":[{"href":"https:\/\/www.europesays.com\/de\/wp-json\/wp\/v2\/media?parent=1265108"}],"wp:term":[{"taxonomy":"category","embeddable":true,"href":"https:\/\/www.europesays.com\/de\/wp-json\/wp\/v2\/categories?post=1265108"},{"taxonomy":"post_tag","embeddable":true,"href":"https:\/\/www.europesays.com\/de\/wp-json\/wp\/v2\/tags?post=1265108"}],"curies":[{"name":"wp","href":"https:\/\/api.w.org\/{rel}","templated":true}]}}