{"id":1265155,"date":"2026-08-28T02:02:23","date_gmt":"2026-08-28T02:02:23","guid":{"rendered":"https:\/\/www.europesays.com\/de\/1265155\/"},"modified":"2026-08-28T02:02:23","modified_gmt":"2026-08-28T02:02:23","slug":"ceuta-demonstranten-legen-feuer-in-notlager-migranten-muessen-sich-zurueckziehen","status":"publish","type":"post","link":"https:\/\/www.europesays.com\/de\/1265155\/","title":{"rendered":"Ceuta: Demonstranten legen Feuer in Notlager \u2013 Migranten m\u00fcssen sich zur\u00fcckziehen"},"content":{"rendered":"<p>Es sind verst\u00f6rende Bilder: Zuerst versuchen Demonstranten, Hilfsg\u00fctertransporte in ein Migrantenlager zu stoppen, dann legen sie ein Feuer. Die Polizei muss einschreiten.<\/p>\n<p class=\"c-inline-alert__description\">Klicken Sie hier, um sich Artikel von WELT in der Google-Suche bevorzugt anzeigen zu lassen.<\/p>\n<p class=\"is-first-paragraph\" data-external=\"Article.FirstParagraph\">Demonstranten haben in einem Lager von Migranten in der spanischen Nordafrika-Exklave Ceuta Feuer gelegt und die sofortige R\u00fcckf\u00fchrung der Menschen nach Marokko gefordert. Am Strand Ben\u00edtez, wo Migranten seit Wochen campieren, waren <a class=\"is-link c-block-items__link is-external c-link--rich-text-renderer\" href=\"https:\/\/www.rtve.es\/noticias\/20260827\/crisis-ceuta-directo-ultima-hora-congreso-hoy-resumen\/17203179.shtml\" target=\"_blank\" title=\"Link wird in einem neuen Tab ge\u00f6ffnet\" rel=\"nofollow noopener\" data-internal-tracking-enabled=\"true\" data-internal-tracking=\"{&quot;action&quot;:&quot;click&quot;,&quot;label&quot;:&quot;link&quot;,&quot;name&quot;:&quot;Inline Element&quot;,&quot;data&quot;:{&quot;source&quot;:&quot;&quot;,&quot;target&quot;:&quot;https:\/\/www.rtve.es\/noticias\/20260827\/crisis-ceuta-directo-ultima-hora-congreso-hoy-resumen\/17203179.shtml&quot;,&quot;trackingName&quot;:&quot;&quot;,&quot;trackingLabel&quot;:&quot;&quot;}}\">in Fernsehbildern<\/a> Personen zu sehen, die immer wieder Gegenst\u00e4nde ins Feuer warfen.<\/p>\n<p>Polizisten trennten die Demonstranten von den Migranten, die sich auf eine Mole zur\u00fcckgezogen hatten. Zuvor hatten Demonstranten bereits versucht, Fahrzeuge des Roten Kreuzes mit Lebensmitteln und Wasser f\u00fcr die Migranten zu stoppen.<\/p>\n<p>Ende Juli waren bei einem Massenandrang bis zu 80.000 Migranten von Marokko aus nach Ceuta gekommen, viele schwimmend. Mindestens 96 von ihnen kamen dabei nach offiziellen Angaben ums Leben. Die meisten der Migranten kehrten kurz darauf zur\u00fcck, aber mehrere Tausend harren weiter in der Exklave aus.<\/p>\n<p>Die konservative spanische Opposition fordert, die Menschen zur\u00fcckzuschicken. Internationale Vertr\u00e4ge und spanische Gerichtsurteile untersagen aber Kollektivabschiebungen und schreiben eine Einzelfallpr\u00fcfung vor. Besonderen Schutz genie\u00dfen unbegleitete Minderj\u00e4hrige. Es soll sich um etwa 1.500 Kinder und Jugendliche handeln. 500 besonders gef\u00e4hrdete von ihnen, vor allem M\u00e4dchen, sollen auf das spanische Festland gebracht werden.<\/p>\n<p>Die linke spanische Regierung von Ministerpr\u00e4sident Pedro S\u00e1nchez steht wegen der Krise unter starkem Druck. Die Opposition wirft ihr Versagen vor und dass sie die Bewohner Ceutas im Stich l\u00e4sst. Zudem gibt es aus der Regierung widerspr\u00fcchliche Angaben, ob es eine Warnung vor dem Massenandrang gab.<\/p>\n<p>W\u00e4hrend Verteidigungsministerin Margarita Robles betonte, der ihrem Ministerium unterstehende Geheimdienst CNI habe die Beh\u00f6rden einen Tag vor dem Massenandrang gewarnt, betonten Innenminister Fernando Grande-Marlaska und andere Regierungsmitglieder, es habe keine Warnung vor einem Andrang dieses Ausma\u00dfes gegeben. Am 3. September will sich S\u00e1nchez im Parlament zu der Krise erkl\u00e4ren.<\/p>\n<p>dpa\/rct<\/p>\n","protected":false},"excerpt":{"rendered":"Es sind verst\u00f6rende Bilder: Zuerst versuchen Demonstranten, Hilfsg\u00fctertransporte in ein Migrantenlager zu stoppen, dann legen sie ein Feuer.&hellip;\n","protected":false},"author":2,"featured_media":1265156,"comment_status":"","ping_status":"","sticky":false,"template":"","format":"standard","meta":{"footnotes":"","_share_on_mastodon":"0"},"categories":[5],"tags":[251068,13,3876,48612,14,15,250153,110,12,4026,45,10,8,9,11],"class_list":["post-1265155","post","type-post","status-publish","format-standard","has-post-thumbnail","category-nachrichten","tag-ceuta-und-melilla-exklaven","tag-headlines","tag-marokko","tag-migration-ks","tag-nachrichten","tag-news","tag-newsos-import-welt","tag-newsteam","tag-schlagzeilen","tag-spanien","tag-texttospeech","tag-top-news","tag-top-meldungen","tag-topmeldungen","tag-topnews"],"share_on_mastodon":{"url":"https:\/\/pubeurope.com\/@de\/117170677031289584","error":""},"_links":{"self":[{"href":"https:\/\/www.europesays.com\/de\/wp-json\/wp\/v2\/posts\/1265155","targetHints":{"allow":["GET"]}}],"collection":[{"href":"https:\/\/www.europesays.com\/de\/wp-json\/wp\/v2\/posts"}],"about":[{"href":"https:\/\/www.europesays.com\/de\/wp-json\/wp\/v2\/types\/post"}],"author":[{"embeddable":true,"href":"https:\/\/www.europesays.com\/de\/wp-json\/wp\/v2\/users\/2"}],"replies":[{"embeddable":true,"href":"https:\/\/www.europesays.com\/de\/wp-json\/wp\/v2\/comments?post=1265155"}],"version-history":[{"count":0,"href":"https:\/\/www.europesays.com\/de\/wp-json\/wp\/v2\/posts\/1265155\/revisions"}],"wp:featuredmedia":[{"embeddable":true,"href":"https:\/\/www.europesays.com\/de\/wp-json\/wp\/v2\/media\/1265156"}],"wp:attachment":[{"href":"https:\/\/www.europesays.com\/de\/wp-json\/wp\/v2\/media?parent=1265155"}],"wp:term":[{"taxonomy":"category","embeddable":true,"href":"https:\/\/www.europesays.com\/de\/wp-json\/wp\/v2\/categories?post=1265155"},{"taxonomy":"post_tag","embeddable":true,"href":"https:\/\/www.europesays.com\/de\/wp-json\/wp\/v2\/tags?post=1265155"}],"curies":[{"name":"wp","href":"https:\/\/api.w.org\/{rel}","templated":true}]}}