{"id":1265160,"date":"2026-08-28T02:07:20","date_gmt":"2026-08-28T02:07:20","guid":{"rendered":"https:\/\/www.europesays.com\/de\/1265160\/"},"modified":"2026-08-28T02:07:20","modified_gmt":"2026-08-28T02:07:20","slug":"seltene-mondfinsternis-kiel-hat-heute-nacht-nur-15-minuten-eine-chance","status":"publish","type":"post","link":"https:\/\/www.europesays.com\/de\/1265160\/","title":{"rendered":"Seltene Mondfinsternis: Kiel hat heute Nacht nur 15 Minuten eine Chance"},"content":{"rendered":"<p>Fast ein Blutmond <\/p>\n<p>Mondfinsternis \u00fcber Kiel: Diese Zeit ist entscheidend<\/p>\n<p>Aktualisiert am 28.08.2026 &#8211; 02:31 UhrLesedauer: 2 Min.<\/p>\n<p><a href=\"#focus-0\" class=\"transition-colors block text-current relative\" data-sctrack=\"FocusGalleryImage.Reference\"><img fetchpriority=\"high\" data-testid=\"Opener.Image\"   loading=\"eager\" src=\"https:\/\/www.europesays.com\/de\/wp-content\/uploads\/2026\/08\/blutmond-absolute-mondfinsternis-blutmond-ueber-dem-schoenberger-strand-in-schleswig-holstein-fpr-bl.jpeg\" alt=\"imago images 0832816148\" title=\"imago images 0832816148\" width=\"3543\" height=\"1993\" class=\"bg-[url:var(--lqipURL)] bg-cover bg-center flex h-full w-full max-w-full\" style=\"--lqipURL:url('https:\/\/images.t-online.de\/2026\/08\/i8Oiqnw17PT4\/0x0:3543x1993\/fit-in\/150x0\/filters:blur(25)\/blutmond-absolute-mondfinsternis-blutmond-ueber-dem-schoenberger-strand-in-schleswig-holstein-fpr-blutmond-8185-blood-moon-absolute-lunar-eclipse-blood-moon-over-schoenberg-beach-in-schleswig-holstein-fpr-blood-moon-8185.jpg')\" decoding=\"async\"\/><img loading=\"lazy\" src=\"https:\/\/www.t-online.de\/s\/paper\/_next\/static\/media\/zoom-in.f7dae02f.svg\" alt=\"Vergr\u00f6\u00dfern des Bildes\" title=\"Vergr\u00f6\u00dfern des Bildes\" class=\"block h-[calc(var(--height)_\/_16_*_1rem)] w-[calc(var(--width)_\/_16_*_1rem)] max-w-none absolute right-8 bottom-8 rounded-4 bg-snow p-8\" style=\"--width:32;--height:32\" decoding=\"async\"\/><\/a><\/p>\n<p>Mondfinsternis \u00fcber dem Sch\u00f6nberger Strand in Schleswig-Holstein (Archivbild): Diesmal wird der Erdbegleiter nicht ganz verdeckt. (Quelle: IMAGO\/Frank Peter\/imago)<\/p>\n<p><img loading=\"lazy\" src=\"https:\/\/www.t-online.de\/s\/paper\/_next\/static\/media\/audio-volume.6689034c.svg\" alt=\"\" title=\"\" class=\"block h-[calc(var(--height)_\/_16_*_1rem)] w-[calc(var(--width)_\/_16_*_1rem)] max-w-none group-hover:brightness-0 group-hover:invert\" style=\"--width:16;--height:16\" decoding=\"async\"\/>Vorlesen<\/p>\n<p>Aktuelle Zeit:0:00Gesamtdauer:0:00<\/p>\n<p>1x<img loading=\"lazy\" src=\"https:\/\/www.t-online.de\/s\/paper\/_next\/static\/media\/font-sizes.32942e33.svg\" alt=\"\" title=\"\" class=\"block h-[calc(var(--height)_\/_16_*_1rem)] w-[calc(var(--width)_\/_16_*_1rem)] max-w-none group-hover:hidden group-aria-expanded:hidden\" style=\"--width:16;--height:16\" decoding=\"async\"\/><img loading=\"lazy\" src=\"https:\/\/www.t-online.de\/s\/paper\/_next\/static\/media\/font-sizes-dark-mode.e382645c.svg\" alt=\"\" title=\"\" class=\"block h-[calc(var(--height)_\/_16_*_1rem)] w-[calc(var(--width)_\/_16_*_1rem)] max-w-none hidden group-hover:block group-aria-expanded:block\" style=\"--width:16;--height:16\" decoding=\"async\"\/><img loading=\"lazy\" src=\"https:\/\/www.t-online.de\/s\/paper\/_next\/static\/media\/sharing-menu-icon.1eb71368.svg\" alt=\"\" title=\"\" class=\"block h-[calc(var(--height)_\/_16_*_1rem)] w-[calc(var(--width)_\/_16_*_1rem)] max-w-none group-hover:brightness-0 group-hover:invert\" style=\"--width:16;--height:16\" decoding=\"async\"\/>Artikel teilen<\/p>\n<p class=\"font-bold text-18 leading-17 user-text-lg:text-22 user-text-xl:text-24\"><strong class=\"font-bold\">Am 28. August verschwindet fast die gesamte Mondfl\u00e4che im Erdschatten. Beim H\u00f6hepunkt steht der Mond \u00fcber Kiel nur noch 1,4 Grad hoch \u2013 15 Minuten sp\u00e4ter ist er untergegangen.<\/strong><\/p>\n<p class=\"text-18 leading-17 user-text-lg:text-22 user-text-xl:text-24\">\u00dcber Kiel steht am fr\u00fchen Freitagmorgen ein seltenes Himmelsschauspiel bevor. Der Vollmond zieht am 28. August durch den Erdschatten und wird dabei fast vollst\u00e4ndig verdunkelt. Es handelt sich allerdings nicht um eine totale, sondern um eine besonders tiefe partielle Mondfinsternis.<\/p>\n<p class=\"text-18 leading-17 user-text-lg:text-22 user-text-xl:text-24\">Beim H\u00f6hepunkt befinden sich rund 93 Prozent des Monddurchmessers und etwa 96 Prozent der sichtbaren Fl\u00e4che im Kernschatten der Erde. Vom hellen Vollmond bleibt damit nur eine schmale Sichel \u00fcbrig. Der verdunkelte Bereich kann r\u00f6tlich oder kupferfarben erscheinen \u2013 ein vollst\u00e4ndig verfinsterter Blutmond entsteht jedoch nicht.<\/p>\n<p>Wann die Mondfinsternis \u00fcber Kiel beginnt<\/p>\n<p class=\"text-18 leading-17 user-text-lg:text-22 user-text-xl:text-24\">Die Halbschattenphase beginnt in Kiel um 3.23 Uhr. Zun\u00e4chst ist die Verdunkelung kaum zu erkennen. Ab 4.33 Uhr erreicht der Kernschatten den Mond und die deutlich sichtbare partielle Phase beginnt.<\/p>\n<p class=\"text-18 leading-17 user-text-lg:text-22 user-text-xl:text-24\">Zu diesem Zeitpunkt steht der Mond noch rund 13 Grad hoch im S\u00fcdwesten. Das Maximum wird gegen 6.12 Uhr erreicht. Dann befindet er sich nur noch 1,4 Grad \u00fcber dem Horizont im Wests\u00fcdwesten. Bereits um 6.27 Uhr geht der Mond unter.<\/p>\n<p class=\"text-18 leading-17 user-text-lg:text-22 user-text-xl:text-24\">Wer erst zum H\u00f6hepunkt nach drau\u00dfen geht, d\u00fcrfte damit zu sp\u00e4t kommen. H\u00e4user, B\u00e4ume oder eine d\u00fcnne Dunstschicht k\u00f6nnen den extrem tief stehenden Mond vollst\u00e4ndig verdecken. Die besseren Chancen bestehen deutlich vor 6 Uhr, wenn der Mond h\u00f6her steht und der Himmel noch dunkler ist.<\/p>\n<p>Warum die Kieler F\u00f6rde nicht automatisch den besten Blick bietet<\/p>\n<p class=\"text-18 leading-17 user-text-lg:text-22 user-text-xl:text-24\">Anders als bei vielen Sonnenaufg\u00e4ngen hilft ein Platz direkt an der Kieler F\u00f6rde nicht zwangsl\u00e4ufig. Der Mond steht im Wests\u00fcdwesten und geht damit \u00fcber der Landseite unter. Von der Kiellinie oder dem Falckensteiner Strand richtet sich der freie Blick \u00fcber das Wasser dagegen \u00fcberwiegend nach Osten beziehungsweise Nordosten.<\/p>\n<p class=\"text-18 leading-17 user-text-lg:text-22 user-text-xl:text-24\">Geeigneter ist deshalb eine erh\u00f6hte oder offene Fl\u00e4che mit unverstelltem Blick nach Wests\u00fcdwesten. Die Sichtachse sollte vorher bei Tageslicht kontrolliert werden. Schon eine H\u00e4userzeile kann den Mond beim Maximum verdecken.<\/p>\n<p class=\"text-18 leading-17 user-text-lg:text-22 user-text-xl:text-24\">Die Sternwarte der Hochschule f\u00fcr Angewandte Wissenschaften ist am fr\u00fchen Morgen nicht regul\u00e4r ge\u00f6ffnet. Zuf\u00e4llig findet am Abend desselben Tages jedoch die Kieler Museumsnacht statt. Dann \u00f6ffnen auch die Sternwarte und der Mediendom auf dem Campus \u2013 die Mondfinsternis ist zu diesem Zeitpunkt allerdings l\u00e4ngst vorbei.<\/p>\n<p>Wetter k\u00f6nnte Kiel einen Strich durch die Rechnung machen<\/p>\n<p class=\"text-18 leading-17 user-text-lg:text-22 user-text-xl:text-24\">Ob das Schauspiel tats\u00e4chlich sichtbar wird, h\u00e4ngt vollst\u00e4ndig von der Bew\u00f6lkung ab. Im aktuellen Modellvergleich f\u00fcr Kiel rechnen mehrere Wettermodelle f\u00fcr Freitag mit Regen. Ob die Wolken bereits w\u00e4hrend der Finsternis zwischen 4.33 und 6.27 Uhr \u00fcber der Stadt liegen, l\u00e4sst sich noch nicht zuverl\u00e4ssig bestimmen.<\/p>\n<p class=\"text-18 leading-17 user-text-lg:text-22 user-text-xl:text-24\">Eine Schutzbrille ist bei einer Mondfinsternis nicht erforderlich. Ein Fernglas macht die Grenze zwischen der hellen Sichel und dem verdunkelten Bereich deutlicher. F\u00fcr Fotos helfen ein Stativ, ein Teleobjektiv und verschiedene Belichtungszeiten.<\/p>\n","protected":false},"excerpt":{"rendered":"Fast ein Blutmond Mondfinsternis \u00fcber Kiel: Diese Zeit ist entscheidend Aktualisiert am 28.08.2026 &#8211; 02:31 UhrLesedauer: 2 Min.&hellip;\n","protected":false},"author":2,"featured_media":1265161,"comment_status":"","ping_status":"","sticky":false,"template":"","format":"standard","meta":{"footnotes":"","_share_on_mastodon":"0"},"categories":[1852],"tags":[722,91653,3364,29,548,663,3934,30,13,4949,31705,46334,91265,261374,14,15,12,1971,61015],"class_list":["post-1265160","post","type-post","status-publish","format-standard","has-post-thumbnail","category-kiel","tag-722","tag-blutmond","tag-de","tag-deutschland","tag-eu","tag-europa","tag-europe","tag-germany","tag-headlines","tag-kiel","tag-kieler-foerde","tag-mond","tag-mondfinsternis","tag-mondflaeche","tag-nachrichten","tag-news","tag-schlagzeilen","tag-schleswig-holstein","tag-vollmond"],"share_on_mastodon":{"url":"https:\/\/pubeurope.com\/@de\/117170698851629205","error":""},"_links":{"self":[{"href":"https:\/\/www.europesays.com\/de\/wp-json\/wp\/v2\/posts\/1265160","targetHints":{"allow":["GET"]}}],"collection":[{"href":"https:\/\/www.europesays.com\/de\/wp-json\/wp\/v2\/posts"}],"about":[{"href":"https:\/\/www.europesays.com\/de\/wp-json\/wp\/v2\/types\/post"}],"author":[{"embeddable":true,"href":"https:\/\/www.europesays.com\/de\/wp-json\/wp\/v2\/users\/2"}],"replies":[{"embeddable":true,"href":"https:\/\/www.europesays.com\/de\/wp-json\/wp\/v2\/comments?post=1265160"}],"version-history":[{"count":0,"href":"https:\/\/www.europesays.com\/de\/wp-json\/wp\/v2\/posts\/1265160\/revisions"}],"wp:featuredmedia":[{"embeddable":true,"href":"https:\/\/www.europesays.com\/de\/wp-json\/wp\/v2\/media\/1265161"}],"wp:attachment":[{"href":"https:\/\/www.europesays.com\/de\/wp-json\/wp\/v2\/media?parent=1265160"}],"wp:term":[{"taxonomy":"category","embeddable":true,"href":"https:\/\/www.europesays.com\/de\/wp-json\/wp\/v2\/categories?post=1265160"},{"taxonomy":"post_tag","embeddable":true,"href":"https:\/\/www.europesays.com\/de\/wp-json\/wp\/v2\/tags?post=1265160"}],"curies":[{"name":"wp","href":"https:\/\/api.w.org\/{rel}","templated":true}]}}