{"id":1265166,"date":"2026-08-28T02:10:17","date_gmt":"2026-08-28T02:10:17","guid":{"rendered":"https:\/\/www.europesays.com\/de\/1265166\/"},"modified":"2026-08-28T02:10:17","modified_gmt":"2026-08-28T02:10:17","slug":"extrem-froh-polanski-begruesst-kleindienst-zurueck","status":"publish","type":"post","link":"https:\/\/www.europesays.com\/de\/1265166\/","title":{"rendered":"Extrem froh\u201c: Polanski begr\u00fc\u00dft Kleindienst zur\u00fcck"},"content":{"rendered":"<p>F\u00fcr Tim Kleindienst kann die Pflichtspielsaison starten. Nachdem der St\u00fcrmer von Borussia M\u00f6nchengladbach in der ersten Pokalrunde (5:0 gegen Schott Mainz) vorsichtshalber nicht ber\u00fccksichtigt wurde, kehrt er im Bundesliga-Spiel bei RB Leipzig (Samstag, 15:30 Uhr) nun in den Kader zur\u00fcck.<br \/>\u00a0<br \/>Fohlen-Coach Eugen Polanski findet derzeit eine gute Personalsituation vor. Ihm stehen alles in allem dieselben Spieler wie im Pokal zur Verf\u00fcgung, \u201eplus Tim Kleindienst\u201c, was er als \u201esehr gute Nachricht\u201c empfindet. Der in der vergangenen Saison lange verletzte Routinier habe in dieser Woche sogar eine Einheit mehr gehabt als die Kollegen, weshalb es keine Bedenken im Hinblick auf die Fitness gibt.<br \/>\u00a0<br \/>Der 30-J\u00e4hrige bringe eine Menge \u201eQualit\u00e4t in der Box\u201c und pushe das Team mit seiner Art und Weise auf dem Platz sowie in der Kabine. Dementsprechend ist Polanski \u00fcberzeugt, dass die R\u00fcckkehr nicht nur ihn als Cheftrainer, sondern das ganze Team \u201eextrem froh\u201c macht.<\/p>\n","protected":false},"excerpt":{"rendered":"F\u00fcr Tim Kleindienst kann die Pflichtspielsaison starten. Nachdem der St\u00fcrmer von Borussia M\u00f6nchengladbach in der ersten Pokalrunde (5:0&hellip;\n","protected":false},"author":2,"featured_media":864011,"comment_status":"","ping_status":"","sticky":false,"template":"","format":"standard","meta":{"footnotes":"","_share_on_mastodon":"0"},"categories":[1849],"tags":[4808,135737,2217,815,3364,29,548,663,3934,347,30,13,4455,14,15,1209,5422,12,265,924,9095,14338,1288,2627,5421],"class_list":["post-1265166","post","type-post","status-publish","format-standard","has-post-thumbnail","category-moenchengladbach","tag-1-bundesliga","tag-2026-27","tag-bilanz","tag-borussia-moenchengladbach","tag-de","tag-deutschland","tag-eu","tag-europa","tag-europe","tag-fussball","tag-germany","tag-headlines","tag-moenchengladbach","tag-nachrichten","tag-news","tag-nordrhein-westfalen","tag-quote","tag-schlagzeilen","tag-sport","tag-statistik","tag-stuermer","tag-tim-kleindienst","tag-transfers","tag-verletzungen","tag-wechsel"],"share_on_mastodon":{"url":"","error":""},"_links":{"self":[{"href":"https:\/\/www.europesays.com\/de\/wp-json\/wp\/v2\/posts\/1265166","targetHints":{"allow":["GET"]}}],"collection":[{"href":"https:\/\/www.europesays.com\/de\/wp-json\/wp\/v2\/posts"}],"about":[{"href":"https:\/\/www.europesays.com\/de\/wp-json\/wp\/v2\/types\/post"}],"author":[{"embeddable":true,"href":"https:\/\/www.europesays.com\/de\/wp-json\/wp\/v2\/users\/2"}],"replies":[{"embeddable":true,"href":"https:\/\/www.europesays.com\/de\/wp-json\/wp\/v2\/comments?post=1265166"}],"version-history":[{"count":0,"href":"https:\/\/www.europesays.com\/de\/wp-json\/wp\/v2\/posts\/1265166\/revisions"}],"wp:featuredmedia":[{"embeddable":true,"href":"https:\/\/www.europesays.com\/de\/wp-json\/wp\/v2\/media\/864011"}],"wp:attachment":[{"href":"https:\/\/www.europesays.com\/de\/wp-json\/wp\/v2\/media?parent=1265166"}],"wp:term":[{"taxonomy":"category","embeddable":true,"href":"https:\/\/www.europesays.com\/de\/wp-json\/wp\/v2\/categories?post=1265166"},{"taxonomy":"post_tag","embeddable":true,"href":"https:\/\/www.europesays.com\/de\/wp-json\/wp\/v2\/tags?post=1265166"}],"curies":[{"name":"wp","href":"https:\/\/api.w.org\/{rel}","templated":true}]}}