{"id":1265187,"date":"2026-08-28T02:31:38","date_gmt":"2026-08-28T02:31:38","guid":{"rendered":"https:\/\/www.europesays.com\/de\/1265187\/"},"modified":"2026-08-28T02:31:38","modified_gmt":"2026-08-28T02:31:38","slug":"deutscher-vizeadmiral-russland-in-der-ostsee-aggressiv","status":"publish","type":"post","link":"https:\/\/www.europesays.com\/de\/1265187\/","title":{"rendered":"Deutscher Vizeadmiral: Russland in der Ostsee &#8222;aggressiv&#8220;"},"content":{"rendered":"<p>&#8222;Aggressiv auf See&#8220; <\/p>\n<p>Vizeadmiral warnt vor russischer Bedrohung in der Ostsee<\/p>\n<p>28.08.2026 &#8211; 00:37 UhrLesedauer: 2 Min.<\/p>\n<p><a href=\"#focus-0\" class=\"transition-colors block text-current relative\" data-sctrack=\"FocusGalleryImage.Reference\"><img fetchpriority=\"high\" data-testid=\"Opener.Image\"   loading=\"eager\" src=\"https:\/\/www.europesays.com\/de\/wp-content\/uploads\/2026\/08\/russia-august-11-2026-servicemen-on-board-a-a-pacific-fleet-warship-practice-naval-combat-maneuvers-.jpeg\" alt=\"imago images 0863828822\" title=\"imago images 0863828822\" width=\"2468\" height=\"1389\" class=\"bg-[url:var(--lqipURL)] bg-cover bg-center flex h-full w-full max-w-full\" style=\"--lqipURL:url('https:\/\/images.t-online.de\/2026\/08\/4ehbwlvQXLE9\/424x303:2468x1389\/fit-in\/150x0\/filters:blur(25)\/russia-august-11-2026-servicemen-on-board-a-a-pacific-fleet-warship-practice-naval-combat-maneuvers-against-a-simulated-enemy-during-exercises-in-the-sea-of-okhotsk-russian-pacific-fleet-tass-publicationxnotxinxrusxsui-96014242.jpg')\" decoding=\"async\"\/><img loading=\"lazy\" src=\"https:\/\/www.t-online.de\/s\/paper\/_next\/static\/media\/zoom-in.f7dae02f.svg\" alt=\"Vergr\u00f6\u00dfern des Bildes\" title=\"Vergr\u00f6\u00dfern des Bildes\" class=\"block h-[calc(var(--height)_\/_16_*_1rem)] w-[calc(var(--width)_\/_16_*_1rem)] max-w-none absolute right-8 bottom-8 rounded-4 bg-snow p-8\" style=\"--width:32;--height:32\" decoding=\"async\"\/><\/a><\/p>\n<p>Russische Marinesoldaten bei einer \u00dcbung: In der Ostsee f\u00fchrt Russland zunehmend Waffen mit sich, so der deutsche Marineinspekteur Jan Christian Kaack. (Quelle: IMAGO\/Russian Pacific Fleet\/imago)<\/p>\n<p><img loading=\"lazy\" src=\"https:\/\/www.t-online.de\/s\/paper\/_next\/static\/media\/audio-volume.6689034c.svg\" alt=\"\" title=\"\" class=\"block h-[calc(var(--height)_\/_16_*_1rem)] w-[calc(var(--width)_\/_16_*_1rem)] max-w-none group-hover:brightness-0 group-hover:invert\" style=\"--width:16;--height:16\" decoding=\"async\"\/>Vorlesen<\/p>\n<p>Aktuelle Zeit:0:00Gesamtdauer:0:00<\/p>\n<p>1x<img loading=\"lazy\" src=\"https:\/\/www.t-online.de\/s\/paper\/_next\/static\/media\/font-sizes.32942e33.svg\" alt=\"\" title=\"\" class=\"block h-[calc(var(--height)_\/_16_*_1rem)] w-[calc(var(--width)_\/_16_*_1rem)] max-w-none group-hover:hidden group-aria-expanded:hidden\" style=\"--width:16;--height:16\" decoding=\"async\"\/><img loading=\"lazy\" src=\"https:\/\/www.t-online.de\/s\/paper\/_next\/static\/media\/font-sizes-dark-mode.e382645c.svg\" alt=\"\" title=\"\" class=\"block h-[calc(var(--height)_\/_16_*_1rem)] w-[calc(var(--width)_\/_16_*_1rem)] max-w-none hidden group-hover:block group-aria-expanded:block\" style=\"--width:16;--height:16\" decoding=\"async\"\/><img loading=\"lazy\" src=\"https:\/\/www.t-online.de\/s\/paper\/_next\/static\/media\/sharing-menu-icon.1eb71368.svg\" alt=\"\" title=\"\" class=\"block h-[calc(var(--height)_\/_16_*_1rem)] w-[calc(var(--width)_\/_16_*_1rem)] max-w-none group-hover:brightness-0 group-hover:invert\" style=\"--width:16;--height:16\" decoding=\"async\"\/>Artikel teilen<\/p>\n<p class=\"font-bold text-18 leading-17 user-text-lg:text-22 user-text-xl:text-24\">Die russische Marine setzt in der Ostsee neben Einsch\u00fcchterungen offenbar auch Waffen ein. Marineinspekteur Jan Christian Kaack fordert ein Umdenken.<\/p>\n<p class=\"text-18 leading-17 user-text-lg:text-22 user-text-xl:text-24\"><a href=\"https:\/\/www.t-online.de\/themen\/russland\/\" class=\"transition-colors cursor-pointer no-underline md:hover:text-magenta md:focus:text-magenta border-b border-solid border-current text-salemsfur md:hover:border-magenta\" data-tracking=\"{&quot;action&quot;:&quot;click&quot;,&quot;category&quot;:&quot;intextLink&quot;,&quot;label&quot;:&quot;\/themen\/russland\/&quot;}\" data-sctrack=\"BodyAnchor\" rel=\"nofollow noopener\" target=\"_blank\">Russland<\/a> zeigt auf hoher See zunehmend seine aggressive Seite, sagt Marineinspekteur Jan Christian Kaack. Er sieht eine konstant hohe russische Bedrohung vor allem in der Ostsee. Die Marine des Landes sei &#8222;aggressiv auf See, durch das Aussp\u00e4hen von St\u00fctzpunkten und Einheiten, durch Einsch\u00fcchterungs- und Sabotageversuche, Drohnen\u00fcberfl\u00fcge sowie den Einsatz der Schattenflotte in der Ostsee&#8220;, sagte der Vizeadmiral in Berlin.<\/p>\n<p class=\"text-18 leading-17 user-text-lg:text-22 user-text-xl:text-24\">Laut Kaack sch\u00fctze Russland die Schiffe der sogenannten Schattenflotte inzwischen auch mit Waffen, durch Marineschiffe oder auch durch Wachteams an Bord der Tanker. Das k\u00f6nne aber f\u00fcr die russische Marine auch eine zus\u00e4tzliche Belastung darstellen. Der Vizeadmiral sagte der Nachrichtenagentur dpa: &#8222;Das nutzt eine Marine, die auch nicht unendliche Ressourcen hat, auch in einem gewissen Ma\u00dfe ab.&#8220;<\/p>\n<p><a href=\"#focus-1\" class=\"transition-colors block text-current relative\" data-sctrack=\"FocusGalleryImage.Reference\"><img   loading=\"lazy\" src=\"https:\/\/www.europesays.com\/de\/wp-content\/uploads\/2026\/08\/vizeadmiral-jan-christian-kaack-inspekteur-der-marine-spricht-waehrend-des-pressetermins-in-kiel-arc.jpeg\" alt=\"Vizeadmiral Jan Christian Kaack, Inspekteur der Marine, spricht w\u00e4hrend des Pressetermins in Kiel. (Archivbild)\" title=\"Vizeadmiral Jan Christian Kaack, Inspekteur der Marine, spricht w\u00e4hrend des Pressetermins in Kiel. (Archivbild)\" width=\"2048\" height=\"1152\" class=\"h-full w-full max-w-full rounded-8\" decoding=\"async\"\/><img loading=\"lazy\" src=\"https:\/\/www.t-online.de\/s\/paper\/_next\/static\/media\/zoom-in.f7dae02f.svg\" alt=\"Vergr\u00f6\u00dfern des Bildes\" title=\"Vergr\u00f6\u00dfern des Bildes\" class=\"block h-[calc(var(--height)_\/_16_*_1rem)] w-[calc(var(--width)_\/_16_*_1rem)] max-w-none absolute right-8 bottom-8 rounded-4 bg-snow p-8\" style=\"--width:32;--height:32\" decoding=\"async\"\/>Vizeadmiral Jan Christian Kaack, Inspekteur der Marine, spricht w\u00e4hrend des Pressetermins in Kiel. (Archivbild) (Quelle: Marcus Brandt)<\/a><\/p>\n<p class=\"text-18 leading-17 user-text-lg:text-22 user-text-xl:text-24\">Der Schattenflotte werden Tanker und Frachtschiffe zugerechnet, die Russland zum Vermeiden von Sanktionen etwa beim \u00d6ltransport einsetzt. <a href=\"https:\/\/www.t-online.de\/themen\/moskau\/\" class=\"transition-colors cursor-pointer no-underline md:hover:text-magenta md:focus:text-magenta border-b border-solid border-current text-salemsfur md:hover:border-magenta\" data-tracking=\"{&quot;action&quot;:&quot;click&quot;,&quot;category&quot;:&quot;intextLink&quot;,&quot;label&quot;:&quot;\/themen\/moskau\/&quot;}\" data-sctrack=\"BodyAnchor\" rel=\"nofollow noopener\" target=\"_blank\">Moskau<\/a> versucht damit, einen westlichen Preisdeckel f\u00fcr russische \u00d6lexporte in Drittstaaten zu umgehen. Die Schiffe fahren unter anderer Flagge, schalten nach westlichen Angaben ihr automatisches Schiffsidentifizierungssystem aus oder pumpen die Ladung auf See auf einen anderen Tanker, verschleiern also die Herkunft.<\/p>\n<p>Vorf\u00e4lle werden schneller erkannt<\/p>\n<p class=\"text-18 leading-17 user-text-lg:text-22 user-text-xl:text-24\">Deutschland und die Verb\u00fcndeten haben durch Verbindung der Daten von Schiffen, Flugzeugen, K\u00fcstenradaren und Satelliten inzwischen ein viel besseres Lagebild als zuvor, so Kaack. Die Zeit bis zur Erkennung von Auff\u00e4lligkeiten habe sich von 17 Stunden auf eine Stunde verringert.<\/p>\n<p class=\"text-18 leading-17 user-text-lg:text-22 user-text-xl:text-24\">Dennoch sei mehr Arbeit notwendig. &#8222;Internationales Krisen- und Konfliktmanagement muss total neu gedacht werden&#8220;, sagte Kaack, der sich bei den &#8222;Navy Talks&#8220; der Marine vor Journalisten \u00e4u\u00dferte. Die Zusammenh\u00e4nge w\u00fcrden auch den Verbrauchern klar, denn es gelte im internationalen Warenverkehr: &#8222;no shipping, no shopping&#8220; \u2013 also etwa: kein Schiffstransporte, kein Einkaufen.<\/p>\n<p>Beim Personal ist &#8222;Kehrtwende geschafft&#8220;<\/p>\n<p class=\"text-18 leading-17 user-text-lg:text-22 user-text-xl:text-24\">Der Marineinspekteur erkl\u00e4rte, die Zahl der M\u00e4nner und Frauen in den deutschen Seestreitkr\u00e4ften wachse erstmals wieder. &#8222;Beim Personal ist die Kehrtwende geschafft&#8220;, sagte er.<\/p>\n","protected":false},"excerpt":{"rendered":"&#8222;Aggressiv auf See&#8220; Vizeadmiral warnt vor russischer Bedrohung in der Ostsee 28.08.2026 &#8211; 00:37 UhrLesedauer: 2 Min. Russische&hellip;\n","protected":false},"author":2,"featured_media":1265188,"comment_status":"","ping_status":"","sticky":false,"template":"","format":"standard","meta":{"footnotes":"","_share_on_mastodon":"0"},"categories":[4013],"tags":[1217,331,332,41,296,168616,13,104206,4949,14,15,2852,4043,4044,850,307,6402,12],"class_list":["post-1265187","post","type-post","status-publish","format-standard","has-post-thumbnail","category-russland","tag-1217","tag-aktuelle-nachrichten","tag-aktuelle-news","tag-bedrohung","tag-berlin","tag-einschuechterung","tag-headlines","tag-jan-christian-kaack","tag-kiel","tag-nachrichten","tag-news","tag-ostsee","tag-russia","tag-russian-federation","tag-russische-foederation","tag-russland","tag-schiff","tag-schlagzeilen"],"share_on_mastodon":{"url":"https:\/\/pubeurope.com\/@de\/117170794460553368","error":""},"_links":{"self":[{"href":"https:\/\/www.europesays.com\/de\/wp-json\/wp\/v2\/posts\/1265187","targetHints":{"allow":["GET"]}}],"collection":[{"href":"https:\/\/www.europesays.com\/de\/wp-json\/wp\/v2\/posts"}],"about":[{"href":"https:\/\/www.europesays.com\/de\/wp-json\/wp\/v2\/types\/post"}],"author":[{"embeddable":true,"href":"https:\/\/www.europesays.com\/de\/wp-json\/wp\/v2\/users\/2"}],"replies":[{"embeddable":true,"href":"https:\/\/www.europesays.com\/de\/wp-json\/wp\/v2\/comments?post=1265187"}],"version-history":[{"count":0,"href":"https:\/\/www.europesays.com\/de\/wp-json\/wp\/v2\/posts\/1265187\/revisions"}],"wp:featuredmedia":[{"embeddable":true,"href":"https:\/\/www.europesays.com\/de\/wp-json\/wp\/v2\/media\/1265188"}],"wp:attachment":[{"href":"https:\/\/www.europesays.com\/de\/wp-json\/wp\/v2\/media?parent=1265187"}],"wp:term":[{"taxonomy":"category","embeddable":true,"href":"https:\/\/www.europesays.com\/de\/wp-json\/wp\/v2\/categories?post=1265187"},{"taxonomy":"post_tag","embeddable":true,"href":"https:\/\/www.europesays.com\/de\/wp-json\/wp\/v2\/tags?post=1265187"}],"curies":[{"name":"wp","href":"https:\/\/api.w.org\/{rel}","templated":true}]}}