{"id":1265189,"date":"2026-08-28T02:33:25","date_gmt":"2026-08-28T02:33:25","guid":{"rendered":"https:\/\/www.europesays.com\/de\/1265189\/"},"modified":"2026-08-28T02:33:25","modified_gmt":"2026-08-28T02:33:25","slug":"die-ukraine-unterstuetzt-die-nato","status":"publish","type":"post","link":"https:\/\/www.europesays.com\/de\/1265189\/","title":{"rendered":"Die Ukraine unterst\u00fctzt die NATO."},"content":{"rendered":"<p>Laut Defense Express unterst\u00fctzten <a class=\"data-link\" data-org-href=\"https:\/\/www.vietnam.vn\/de\/tag\/ukraine\" href=\"https:\/\/www.vietnam.vn\/de\/tag\/ukraine\" title=\"Ukraine\" target=\"_blank\" rel=\"nofollow noopener\">ukrainische<\/a> Experten des Gemeinsamen Analysezentrums f\u00fcr Lehren aus der Vergangenheit und bew\u00e4hrte Verfahren (JATEC) die NATO-Streitkr\u00e4fte bei \u00dcbungen zur Drohnenabwehr in Lettland und brachten dabei ihre Erfahrungen aus dem andauernden Konflikt zwischen Russland und der Ukraine ein.<\/p>\n<p> Ukrainische Experten nahmen an der dritten Phase der \u00dcbung mit dem Codenamen LCI-X 3-26 teil. Im Mittelpunkt der Tests standen die Pr\u00fcfung und Integration moderner Anti-Drohnen-L\u00f6sungen zur Unterst\u00fctzung der NATO-Ostflanke.<\/p>\n<p> Die \u00dcbung fand in Lettland im Rahmen der \u00dcbung Baltic Trust statt, an der mehr als 1.000 Milit\u00e4rangeh\u00f6rige und Experten aus 25 NATO-Mitgliedstaaten und der Ukraine beteiligt waren.<\/p>\n<p> Der Umfang der Veranstaltung erm\u00f6glichte es den Teilnehmern, ihre Abwehrf\u00e4higkeiten gegen Drohnen in einem multinationalen Umfeld zu testen.<\/p>\n<p>Das k\u00f6nnte Sie interessieren<\/p>\n<p> Im Gegensatz zu fr\u00fcheren Phasen ging die neueste Version von LCI-X \u00fcber die reine Pr\u00fcfung einzelner Anti-UAV-Komponenten hinaus. Die Teilnehmer \u00fcbten die Integration mehrerer F\u00e4higkeiten auf taktischer Ebene und deren Anbindung an NATO-F\u00fchrungs- und Kontrollsysteme.<\/p>\n<p> Die Experten von JATEC brachten ihre Kampferfahrung gegen russische Drohnen ein, um die Trainingsszenarien realit\u00e4tsn\u00e4her zu gestalten.<\/p>\n<p> Vor Beginn der eigentlichen Kampfphase gaben ukrainische Experten Empfehlungen f\u00fcr das \u00dcbungsszenario ab und halfen bei der Anpassung der Parameter der simulierten UAV-Bedrohung.<\/p>\n<p> Insbesondere ukrainische Experten trugen dazu bei, realistischere Drohnenflugprofile auf der Grundlage ihrer Beobachtungen und Erfahrungen auf dem Schlachtfeld zu entwickeln.<\/p>\n<p> Dies beinhaltet die Anpassung von Flugrouten und anderen Gefahrenparametern, um besser widerzuspiegeln, wie unbemannte Systeme im realen Kampf eingesetzt w\u00fcrden.<\/p>\n<p>Das k\u00f6nnte Sie interessieren<\/p>\n<p> W\u00e4hrend der gesamten \u00dcbung \u00fcberwachten und koordinierten die Mitarbeiter von JATEC die Teams, die als simulierte Gegner agierten.<\/p>\n<p> Sie stellen sicher, dass sich die Teams an die vorgegebenen Routen, Flugpl\u00e4ne und Bedrohungsparameter halten, wodurch die an der \u00dcbung teilnehmenden NATO-Mitglieder ihre Drohnenabwehrsysteme unter realistischeren Bedingungen testen k\u00f6nnen. <\/p>\n<p class=\"mb-0\"> Quelle: https:\/\/giaoducthoidai.vn\/ukraine-ho-tro-nato-post789725.html<\/p>\n","protected":false},"excerpt":{"rendered":"Laut Defense Express unterst\u00fctzten ukrainische Experten des Gemeinsamen Analysezentrums f\u00fcr Lehren aus der Vergangenheit und bew\u00e4hrte Verfahren (JATEC)&hellip;\n","protected":false},"author":2,"featured_media":1265190,"comment_status":"","ping_status":"","sticky":false,"template":"","format":"standard","meta":{"footnotes":"","_share_on_mastodon":"0"},"categories":[4012],"tags":[261378,331,332,261379,13,14,261377,15,12,317,3081],"class_list":["post-1265189","post","type-post","status-publish","format-standard","has-post-thumbnail","category-ukraine","tag-abfangen-von-uavs","tag-aktuelle-nachrichten","tag-aktuelle-news","tag-die-nato-stellt-sich-russischen-drohnen-entgegen","tag-headlines","tag-nachrichten","tag-nato-russland-spannungen","tag-news","tag-schlagzeilen","tag-ukraine","tag-ukraine-konflikt"],"share_on_mastodon":{"url":"","error":""},"_links":{"self":[{"href":"https:\/\/www.europesays.com\/de\/wp-json\/wp\/v2\/posts\/1265189","targetHints":{"allow":["GET"]}}],"collection":[{"href":"https:\/\/www.europesays.com\/de\/wp-json\/wp\/v2\/posts"}],"about":[{"href":"https:\/\/www.europesays.com\/de\/wp-json\/wp\/v2\/types\/post"}],"author":[{"embeddable":true,"href":"https:\/\/www.europesays.com\/de\/wp-json\/wp\/v2\/users\/2"}],"replies":[{"embeddable":true,"href":"https:\/\/www.europesays.com\/de\/wp-json\/wp\/v2\/comments?post=1265189"}],"version-history":[{"count":0,"href":"https:\/\/www.europesays.com\/de\/wp-json\/wp\/v2\/posts\/1265189\/revisions"}],"wp:featuredmedia":[{"embeddable":true,"href":"https:\/\/www.europesays.com\/de\/wp-json\/wp\/v2\/media\/1265190"}],"wp:attachment":[{"href":"https:\/\/www.europesays.com\/de\/wp-json\/wp\/v2\/media?parent=1265189"}],"wp:term":[{"taxonomy":"category","embeddable":true,"href":"https:\/\/www.europesays.com\/de\/wp-json\/wp\/v2\/categories?post=1265189"},{"taxonomy":"post_tag","embeddable":true,"href":"https:\/\/www.europesays.com\/de\/wp-json\/wp\/v2\/tags?post=1265189"}],"curies":[{"name":"wp","href":"https:\/\/api.w.org\/{rel}","templated":true}]}}