{"id":1265232,"date":"2026-08-28T03:06:29","date_gmt":"2026-08-28T03:06:29","guid":{"rendered":"https:\/\/www.europesays.com\/de\/1265232\/"},"modified":"2026-08-28T03:06:29","modified_gmt":"2026-08-28T03:06:29","slug":"auslosung-champions-league-auf-diese-teams-trifft-borussia-dortmund","status":"publish","type":"post","link":"https:\/\/www.europesays.com\/de\/1265232\/","title":{"rendered":"Auslosung Champions League: Auf diese Teams trifft Borussia Dortmund"},"content":{"rendered":"<p>            <img loading=\"lazy\" decoding=\"async\" class=\"ts-image\" src=\"https:\/\/www.europesays.com\/de\/wp-content\/uploads\/2026\/08\/wdr-thierry-henry-zieht-das-los-von-borussia-dortmund-100.jpg\" alt=\"Thierry Henry mit dem Los von Borussia Dortmund\" title=\"Thierry Henry zieht das Los von Borussia Dortmund | REUTERS\"\/><\/p>\n<p class=\"metatextline\">Stand: 27.08.2026 \u2022 20:26 Uhr<\/p>\n<p class=\"article-head__shorttext\">\n        <strong><strong>Am Donnerstagabend fand die Champions-League-Auslosung statt. Die hat Borussia Dortmund weite Reisen, aber auch ein tolles Heimspiel gegen Inter Mailand beschert.<\/strong><\/strong>\n    <\/p>\n<p class=\"textabsatz m-ten m-offset-one l-eight l-offset-two columns twelve\"><a href=\"https:\/\/www1.wdr.de\/sport\/bvb\/uebersicht-borussia-dortmund-100.html\" title=\"Borussia Dortmund: Aktuelle News\" class=\"textlink--extern\" target=\"_blank\" rel=\"noopener nofollow\">Borussia Dortmund<\/a> darf sich wieder auf gro\u00dfe N\u00e4chte in der K\u00f6nigsklasse freuen. Ein Highlight ist dabei sicherlich das Heimspiel gegen Inter Mailand. Au\u00dferdem kommen der FC Villarreal, Betis Sevilla und AEK Athen ins Ruhrgebiet. Das ergab die Auslosung am Donnerstagabend im F\u00fcrstentum Monaco.<\/p>\n<p class=\"textabsatz m-ten m-offset-one l-eight l-offset-two columns twelve\">Ausw\u00e4rts bekommt es der BVB mit dem FC Arsenal und Nationalspieler Kai Havertz zu tun. Und noch ein zweites Mal f\u00fchrt der Weg der Schwarz-Gelben nach England: Gegner ist dann Aston Villa mit dem fr\u00fcheren Bayern-Profi Leon Goretzka.<\/p>\n<p>    Wiedersehen mit drei Klubs<\/p>\n<p class=\"textabsatz m-ten m-offset-one l-eight l-offset-two columns twelve\">Zudem muss der deutsche Vizemeister im gut 4.000 Kilometer entfernten Aserbaidschan beim K\u00f6nigsklassen-Neuling Sabah FK antreten. Auch die Ausw\u00e4rtsreise zu den Kunstrasenhelden FK Bod\u00f6\/Glimt in Norwegen k\u00f6nnte knifflig werden &#8211; das zeigt ein Blick in die j\u00fcngste Vergangenheit.<\/p>\n<p class=\"textabsatz m-ten m-offset-one l-eight l-offset-two columns twelve\">Denn gegen das norwegische Sensations-Team von Bod\u00f6\/Glimt hatte es in der Vorsaison nur zu einem 2:2 gereicht &#8211; nun bekommt der BVB die Chance, es besser zu machen. &#8222;Wir haben da noch eine Rechnung offen. Das hat schon seinen Reiz&#8220;, sagte BVB-Sportchef Lars Ricken. Und es gibt noch zwei weitere Wiedersehen. Auch Inter und Villarreal waren bereits in der vergangenen Saison Vorrundengegner der Dortmunder.<\/p>\n<p>    &#8222;Das Ziel ist Achtelfinale&#8220;<\/p>\n<p class=\"textabsatz m-ten m-offset-one l-eight l-offset-two columns twelve\">Gegen jeden dieser acht Gegner spielt der BVB nur einmal &#8211; es gibt insgesamt also vier Heim- und vier Ausw\u00e4rtsspiele. &#8222;Wir freuen uns auf sehr interessante und sportlich herausfordernde Duelle&#8220;, sagte Dortmunds Sportdirektor Ole Book. &#8222;Wir werden zeigen, dass wir uns auch vor den besten Teams in Europa nicht verstecken m\u00fcssen.&#8220;<\/p>\n<p class=\"textabsatz m-ten m-offset-one l-eight l-offset-two columns twelve\">Auch Ricken glaubt an &#8222;attraktive Spiele&#8220;. Und der Sportchef wei\u00df auch schon genau, wo es f\u00fcr den BVB hingehen soll: &#8222;Erstmal ist das Ziel Achtelfinale, gerne auch nach acht Spielen, nicht nach zehn.&#8220;<\/p>\n<p class=\"textabsatz m-ten m-offset-one l-eight l-offset-two columns twelve\">Der genaue Spielplan wird erst am Wochenende verk\u00fcndet. Der erste Spieltag findet bereits vom 8. bis 10. September, also in knapp zwei Wochen statt. Die ersten acht Teams der 36er-Liga sind nach den acht Vorrundenspieltagen direkt f\u00fcr das Achtelfinale qualifiziert. Die Mannschaften auf den Pl\u00e4tzen neun bis 24 gehen in die Achtelfinal-Playoffs.<\/p>\n<p>    Bayern im Finalstadion, Leipzig mit Hammerlosen<\/p>\n<p class=\"textabsatz m-ten m-offset-one l-eight l-offset-two columns twelve\">Mit dem FC Bayern, RB Leipzig und dem VfB Stuttgart treten noch drei weitere Teams aus der Bundesliga in der Champions League an. Auch auf sie warten attraktive Gegner. Welche, lest ihr hier:<\/p>\n<ul class=\"buttongroup buttongroup--copytext\">\n<li class=\"buttongroup__item\">\n<p>    <a class=\"btn btn--text btn--standard-secondary btn--fullwidth\" href=\"https:\/\/www.sportschau.de\/fussball\/championsleague\/dortmund-gegen-arsenal-und-inter-bayern-mit-losglueck,infos-cl-auslosung-100.html\" rel=\"nofollow noopener\" target=\"_blank\"><br \/>\n        Auslosung zur Champions League: BVB und Stuttgart gegen Inter &#8211; Bayern mit Losgl\u00fcck<\/p>\n<p>  Pfeil rechts<\/p>\n<p>    <\/a>\n<\/li>\n<\/ul>\n<p class=\"textabsatz m-ten m-offset-one l-eight l-offset-two columns twelve\">Der deutsche Rekordmeister ist bei seiner Jagd auf den Henkelpott unter anderem bei Atl\u00e9tico Madrid zu Gast. In seiner Heimspielst\u00e4tte, dem Wanda Metropolitano, soll die anstehende Saison in der K\u00f6nigsklasse am 5. Juni 2027 mit dem siebten Triumph im h\u00f6chsten europ\u00e4ischen Vereinswettbewerb gekr\u00f6nt werden.<\/p>\n<p>    Unsere Quellen:<\/p>\n<ul class=\"bulletpoint-list \">\n<li>Homepage Borussia Dortmund<\/li>\n<li>Nachrichtenagenturen SID und dpa<\/li>\n<li>Interviews auf sky<\/li>\n<\/ul>\n<p class=\"textabsatz m-ten m-offset-one l-eight l-offset-two columns twelve\"><strong>Sendung: WDR.de, <\/strong>&#8222;Dortmund gegen Inter und Aston Villa&#8220;, <strong>27.08.2026<\/strong>, 20:11 Uhr<\/p>\n<p>                                        <a class=\"backlink__link\" href=\"https:\/\/www1.wdr.de\/sport\/bvb\/bvb-champions-league-auslosung-100.html\" rel=\"nofollow noopener\" target=\"_blank\"><\/p>\n<p>                                                <img decoding=\"async\" src=\"https:\/\/images.sportschau.de\/image\/9ef70e2e-6dd6-4b18-afd2-7063c40e8939\/AAABlap_yqU\/AAABnR8VW9w\/original\/lra-wdr-logo-100.svg\" alt=\"Westdeutscher Rundfunk\"\/><\/p>\n<p>                                        <\/a><\/p>\n","protected":false},"excerpt":{"rendered":"Stand: 27.08.2026 \u2022 20:26 Uhr Am Donnerstagabend fand die Champions-League-Auslosung statt. Die hat Borussia Dortmund weite Reisen, aber&hellip;\n","protected":false},"author":2,"featured_media":1265233,"comment_status":"","ping_status":"","sticky":false,"template":"","format":"standard","meta":{"footnotes":"","_share_on_mastodon":"0"},"categories":[1833],"tags":[13766,888,403,468,3364,29,217,347,30,1209,225],"class_list":["post-1265232","post","type-post","status-publish","format-standard","has-post-thumbnail","category-dortmund","tag-auslosung","tag-borussia-dortmund","tag-bvb","tag-champions-league","tag-de","tag-deutschland","tag-dortmund","tag-fussball","tag-germany","tag-nordrhein-westfalen","tag-wdr"],"share_on_mastodon":{"url":"https:\/\/pubeurope.com\/@de\/117170930533941128","error":""},"_links":{"self":[{"href":"https:\/\/www.europesays.com\/de\/wp-json\/wp\/v2\/posts\/1265232","targetHints":{"allow":["GET"]}}],"collection":[{"href":"https:\/\/www.europesays.com\/de\/wp-json\/wp\/v2\/posts"}],"about":[{"href":"https:\/\/www.europesays.com\/de\/wp-json\/wp\/v2\/types\/post"}],"author":[{"embeddable":true,"href":"https:\/\/www.europesays.com\/de\/wp-json\/wp\/v2\/users\/2"}],"replies":[{"embeddable":true,"href":"https:\/\/www.europesays.com\/de\/wp-json\/wp\/v2\/comments?post=1265232"}],"version-history":[{"count":0,"href":"https:\/\/www.europesays.com\/de\/wp-json\/wp\/v2\/posts\/1265232\/revisions"}],"wp:featuredmedia":[{"embeddable":true,"href":"https:\/\/www.europesays.com\/de\/wp-json\/wp\/v2\/media\/1265233"}],"wp:attachment":[{"href":"https:\/\/www.europesays.com\/de\/wp-json\/wp\/v2\/media?parent=1265232"}],"wp:term":[{"taxonomy":"category","embeddable":true,"href":"https:\/\/www.europesays.com\/de\/wp-json\/wp\/v2\/categories?post=1265232"},{"taxonomy":"post_tag","embeddable":true,"href":"https:\/\/www.europesays.com\/de\/wp-json\/wp\/v2\/tags?post=1265232"}],"curies":[{"name":"wp","href":"https:\/\/api.w.org\/{rel}","templated":true}]}}