{"id":1265240,"date":"2026-08-28T03:12:33","date_gmt":"2026-08-28T03:12:33","guid":{"rendered":"https:\/\/www.europesays.com\/de\/1265240\/"},"modified":"2026-08-28T03:12:33","modified_gmt":"2026-08-28T03:12:33","slug":"duesseldorf-autorin-anne-van-straelen-hat-adas-sommer-veroeffentlicht","status":"publish","type":"post","link":"https:\/\/www.europesays.com\/de\/1265240\/","title":{"rendered":"D\u00fcsseldorf: Autorin Anne van Straelen hat &#8222;Adas Sommer&#8220; ver\u00f6ffentlicht"},"content":{"rendered":"<p class=\"text_ohne_einzug richtext text-em-55 !leading-serif mx-6 desktop:mx-0\">Eigentlich sollte Ada, der Hauptcharakter ihres Romans, der Autorin gar nicht so \u00e4hnlich sein. Doch im Prozess des Schreibens merkte Anne van Straelen, dass \u201eAdas Sommer\u201c immer mehr Parallelen zu ihrem eigenen Leben enthielt. Auch ihre engen Freunde spiegelten ihr das nach dem Lesen des Buches wider. Dabei sei urspr\u00fcnglich auch der Charakter der Mutter ganz anders geplant gewesen.<\/p>\n<p class=\"richtext text-em-55 !leading-serif mx-6 desktop:mx-0\">Ihr erster Roman ist eine Coming-of-Age-Geschichte, aber irgendwie auch viel mehr als das. Es geht um das Verh\u00e4ltnis zwischen einer Mutter und ihrer Tochter und um die Vergangenheit ihrer Familie, denn die beiden gehen gemeinsam auf Spurensuche in S\u00fcdfrankreich. Auch das ist eine gro\u00dfe Parallele zu dem eigenen Leben der Autorin: Ihr Gro\u00dfvater lebte dort als Kriegsgefangener bei einer Bauernfamilie. \u201eEs tat gut, mein Innenleben nach au\u00dfen lesbar zu machen.\u201c<\/p>\n<p class=\"richtext text-em-55 !leading-serif mx-6 desktop:mx-0\">Als Kind verbrachte Anne van Straelen fast jeden <a href=\"https:\/\/rp-online.de\/thema\/sommer\/\" rel=\"nofollow noopener\" target=\"_blank\">Sommer<\/a> in S\u00fcdfrankreich bei der Familie, zu der bis heute eine enge Freundschaft besteht. So habe sie schon viel \u00fcber die Vergangenheit ihres Gro\u00dfvaters lernen k\u00f6nnen. Vor elf Jahren sei sie bereits mit ihrer Mutter auf eine Recherchereise nach S\u00fcdfrankreich gefahren. \u201eEs war ein guter Weg, unsere Familiengeschichte aufzuarbeiten und auf Spurensuche zu gehen.\u201c<\/p>\n<p class=\"richtext text-em-55 !leading-serif mx-6 desktop:mx-0\">Die Freiheit, dass sich ihr Roman im Schreibprozess weiterentwickeln konnte, habe sie sehr genossen, sagt van Straelen. \u201eMit der literarischen Freiheit konnte ich meine Familiengeschichte als Inspiration nutzen und nah an meiner Wahrheit schreiben.\u201c Fast ein Jahr lang habe der Prozess gedauert \u2013 von der Idee bis zu dem Moment, als sie ihren ersten Roman schlie\u00dflich in den H\u00e4nden hielt. An diesen Moment erinnert sich van Straelen noch genau: \u201eDas war wirklich bewegend. Ich wollte schon immer einen Roman schreiben und bin stolz, das selbst geschafft zu haben.\u201c<\/p>\n<p class=\"richtext text-em-55 !leading-serif mx-6 desktop:mx-0\">Die 46-J\u00e4hrige entschied sich, das Projekt alleine anzugehen \u2013 bei allen Schritten. Sie schrieb die Geschichte, gestaltete das Cover und alles andere selbst, k\u00fcmmerte sich um den Buchsatz und ver\u00f6ffentlichte den Roman schlussendlich im Selbstverlag. Die Seiten zu f\u00fcllen und ihre Geschichte zu vervollst\u00e4ndigen, sei gar keine gro\u00dfe Herausforderung gewesen, das Schreiben sei ihr schon immer leicht gefallen. Der ganze Prozess drumherum sei aber herausfordernd gewesen sowie nun auch die Vermarktung des fertigen Buches. \u201eIch habe sehr viel gelernt und bin daran gewachsen.\u201c<\/p>\n<p class=\"richtext text-em-55 !leading-serif mx-6 desktop:mx-0\">Unterst\u00fctzung habe sie auch aus ihrem Umfeld erhalten, das Feedback von Familie und Freunden sei ihr viel wert gewesen. \u201eVor allem von meiner Mama. Sie ist meine gr\u00f6\u00dfte Inspiration bei B\u00fcchern und hat mein Manuskript Korrektur gelesen.\u201c Auch die Unterst\u00fctzung ihres Mannes sei sehr gro\u00df, \u201eer ist mein Fan Nummer eins\u201c.<\/p>\n<p class=\"richtext text-em-55 !leading-serif mx-6 desktop:mx-0\">Auf diese Erfahrungen, die sie mit ihrem ersten selbstver\u00f6ffentlichten Roman machen konnte, m\u00f6chte van Straelen jetzt aufbauen. \u201eIch merke, dass die Geschichte von Ada und ihrer Mutter Charlotte noch nicht auserz\u00e4hlt ist.\u201c In der Fortsetzung soll es allerdings weniger um Ada gehen, stattdessen nach einem Zeitsprung um ihre Tochter Rory. \u201eDas Verh\u00e4ltnis zwischen Mutter und Tochter spielt schon im ersten Roman eine gro\u00dfe Rolle. Ich blicke da heute auch ganz anders drauf, als fr\u00fcher als Teenager.\u201c In der Fortsetzung solle es um den Abl\u00f6sungsprozess zwischen Ada und ihrer Tochter gehen, die zu ihrer Gro\u00dfmutter nach Nizza flieht. Eigentlich habe sie eine ganz andere Idee f\u00fcr ein weiteres Buch gehabt, die Notizen liegen nun aber erst einmal wieder in der Schublade. Sie hoffe, den n\u00e4chsten Roman bis zum Sommer 2027 fertig zu haben.<\/p>\n<p class=\"richtext text-em-55 !leading-serif mx-6 desktop:mx-0\">Dass sie die Gestaltung des Buches selbst \u00fcbernehmen konnte, lag an ihrem bisherigen beruflichen Hintergrund. Anne van Straelen hat lange als Grafikdesignerin gearbeitet, sp\u00e4ter im Marketing und PR-Bereich. \u201eDeshalb wusste ich, dass ich vieles auch selbst machen kann.\u201c Heute arbeitet sie als Erzieherin an einer Grundschule in D\u00fcsseldorf \u2013 und w\u00fcrde nichts mehr daran \u00e4ndern wollen. \u201eIch habe meinen Traumberuf gefunden und kann jetzt nebenbei Schriftstellerin sein.\u201c<\/p>\n","protected":false},"excerpt":{"rendered":"Eigentlich sollte Ada, der Hauptcharakter ihres Romans, der Autorin gar nicht so \u00e4hnlich sein. Doch im Prozess des&hellip;\n","protected":false},"author":2,"featured_media":1265241,"comment_status":"","ping_status":"","sticky":false,"template":"","format":"standard","meta":{"footnotes":"","_share_on_mastodon":"0"},"categories":[1831],"tags":[3364,29,3405,30,1209,1795,106797],"class_list":["post-1265240","post","type-post","status-publish","format-standard","has-post-thumbnail","category-duesseldorf","tag-de","tag-deutschland","tag-duesseldorf","tag-germany","tag-nordrhein-westfalen","tag-roman","tag-straelen"],"share_on_mastodon":{"url":"https:\/\/pubeurope.com\/@de\/117170952341920792","error":""},"_links":{"self":[{"href":"https:\/\/www.europesays.com\/de\/wp-json\/wp\/v2\/posts\/1265240","targetHints":{"allow":["GET"]}}],"collection":[{"href":"https:\/\/www.europesays.com\/de\/wp-json\/wp\/v2\/posts"}],"about":[{"href":"https:\/\/www.europesays.com\/de\/wp-json\/wp\/v2\/types\/post"}],"author":[{"embeddable":true,"href":"https:\/\/www.europesays.com\/de\/wp-json\/wp\/v2\/users\/2"}],"replies":[{"embeddable":true,"href":"https:\/\/www.europesays.com\/de\/wp-json\/wp\/v2\/comments?post=1265240"}],"version-history":[{"count":0,"href":"https:\/\/www.europesays.com\/de\/wp-json\/wp\/v2\/posts\/1265240\/revisions"}],"wp:featuredmedia":[{"embeddable":true,"href":"https:\/\/www.europesays.com\/de\/wp-json\/wp\/v2\/media\/1265241"}],"wp:attachment":[{"href":"https:\/\/www.europesays.com\/de\/wp-json\/wp\/v2\/media?parent=1265240"}],"wp:term":[{"taxonomy":"category","embeddable":true,"href":"https:\/\/www.europesays.com\/de\/wp-json\/wp\/v2\/categories?post=1265240"},{"taxonomy":"post_tag","embeddable":true,"href":"https:\/\/www.europesays.com\/de\/wp-json\/wp\/v2\/tags?post=1265240"}],"curies":[{"name":"wp","href":"https:\/\/api.w.org\/{rel}","templated":true}]}}