{"id":1265244,"date":"2026-08-28T03:14:15","date_gmt":"2026-08-28T03:14:15","guid":{"rendered":"https:\/\/www.europesays.com\/de\/1265244\/"},"modified":"2026-08-28T03:14:15","modified_gmt":"2026-08-28T03:14:15","slug":"fc-bayern-und-stuttgart-eroeffnen-64-bundesliga-saison","status":"publish","type":"post","link":"https:\/\/www.europesays.com\/de\/1265244\/","title":{"rendered":"FC Bayern und Stuttgart er\u00f6ffnen 64. Bundesliga-Saison"},"content":{"rendered":"<p id=\"absatz1\">\n\t\t\t\t\t\t\tDie neue Saison beginnt, wie die letzte aufgeh\u00f6rt hat. Drei Monate nach dem 3:0 der Bayern gegen Stuttgart im DFB-Pokalfinale legen beide Teams in M\u00fcnchen neu los.<\/p>\n<p class=\"em_text\">Der FC Bayern und der VfB Stuttgart er\u00f6ffnen am Freitag (20.30 Uhr) in der ausverkauften M\u00fcnchner Arena die 64. Saison der Fu\u00dfball-Bundesliga. Die neue Spielzeit beginnt damit praktisch, wie die letzte aufgeh\u00f6rt hat. Vor drei Monaten besiegten die Bayern im DFB-Pokalfinale in Berlin die Stuttgarter nach drei Treffern von Torj\u00e4ger Harry Kane mit 3:0.\u00a0<\/p>\n<p class=\"em_text\">Der Meister und Pokalsieger startet im dritten Jahr unter Trainer Vincent Kompany erneut als klarer Titelfavorit in die 34 Spieltage. Es ist das 25. offizielle Er\u00f6ffnungsspiel der Bundesliga. Bisher blieb der deutsche Meister mit 19 Siegen und f\u00fcnf Unentschieden darin ungeschlagen.\u00a0<\/p>\n<p class=\"em_text\">Die Bayern wollen zudem ihren Bundesliga-Rekord von 14 Auftaktspielen nacheinander ohne Niederlage ausbauen. In der vergangenen Saison setzten sie beim 6:0 gegen RB Leipzig direkt ein Statement im Er\u00f6ffnungsspiel. Die Stuttgarter hoffen auf einen \u00dcberraschungscoup. \u201eDie Bayern \u00e4rgern\u201c, benannte Trainer Sebastian Hoene\u00df als Ziel.<\/p>\n<p class=\"em_text\">\u00a9 dpa-infocom, dpa:260828-930-593643\/1<\/p>\n","protected":false},"excerpt":{"rendered":"Die neue Saison beginnt, wie die letzte aufgeh\u00f6rt hat. Drei Monate nach dem 3:0 der Bayern gegen Stuttgart&hellip;\n","protected":false},"author":2,"featured_media":1265245,"comment_status":"","ping_status":"","sticky":false,"template":"","format":"standard","meta":{"footnotes":"","_share_on_mastodon":"0"},"categories":[1830],"tags":[1634,3364,29,11261,30,1441],"class_list":["post-1265244","post","type-post","status-publish","format-standard","has-post-thumbnail","category-stuttgart","tag-baden-wuerttemberg","tag-de","tag-deutschland","tag-fc-bayern","tag-germany","tag-stuttgart"],"share_on_mastodon":{"url":"https:\/\/pubeurope.com\/@de\/117170960367210794","error":""},"_links":{"self":[{"href":"https:\/\/www.europesays.com\/de\/wp-json\/wp\/v2\/posts\/1265244","targetHints":{"allow":["GET"]}}],"collection":[{"href":"https:\/\/www.europesays.com\/de\/wp-json\/wp\/v2\/posts"}],"about":[{"href":"https:\/\/www.europesays.com\/de\/wp-json\/wp\/v2\/types\/post"}],"author":[{"embeddable":true,"href":"https:\/\/www.europesays.com\/de\/wp-json\/wp\/v2\/users\/2"}],"replies":[{"embeddable":true,"href":"https:\/\/www.europesays.com\/de\/wp-json\/wp\/v2\/comments?post=1265244"}],"version-history":[{"count":0,"href":"https:\/\/www.europesays.com\/de\/wp-json\/wp\/v2\/posts\/1265244\/revisions"}],"wp:featuredmedia":[{"embeddable":true,"href":"https:\/\/www.europesays.com\/de\/wp-json\/wp\/v2\/media\/1265245"}],"wp:attachment":[{"href":"https:\/\/www.europesays.com\/de\/wp-json\/wp\/v2\/media?parent=1265244"}],"wp:term":[{"taxonomy":"category","embeddable":true,"href":"https:\/\/www.europesays.com\/de\/wp-json\/wp\/v2\/categories?post=1265244"},{"taxonomy":"post_tag","embeddable":true,"href":"https:\/\/www.europesays.com\/de\/wp-json\/wp\/v2\/tags?post=1265244"}],"curies":[{"name":"wp","href":"https:\/\/api.w.org\/{rel}","templated":true}]}}