{"id":1265270,"date":"2026-08-28T03:30:18","date_gmt":"2026-08-28T03:30:18","guid":{"rendered":"https:\/\/www.europesays.com\/de\/1265270\/"},"modified":"2026-08-28T03:30:18","modified_gmt":"2026-08-28T03:30:18","slug":"statt-klassischem-pullover-das-berlin-sweatshirt-macht-herbstlooks-2026-cooler","status":"publish","type":"post","link":"https:\/\/www.europesays.com\/de\/1265270\/","title":{"rendered":"Statt klassischem Pullover: Das \u201eBerlin\u201c-Sweatshirt macht Herbstlooks 2026 cooler"},"content":{"rendered":"<p style=\"--affiliateIcon:url(\/shared\/images\/cart.svg)\" class=\"ParagraphText_dropCap__0_eOL tokens_instyle_body__yjQ5G ParagraphText_instyle_dropCap__UXQuT paragraph-splittext-entityType_not_set ab-splittext-entityType_not_set\">Im Herbst sind<strong> Pullover, Sweatshirts und Hoodies<\/strong> unsere t\u00e4glichen Begleiter: Hauptsache warm und gem\u00fctlich! Schmal geschnitten harmonieren sie perfekt mit eleganten Hosen f\u00fcrs B\u00fcro, oversized getragen mit weiten Jeans passen sie ideal zu entspannten Stadtbummeln. Weite, lockere Sweater sind einfach immer eine verl\u00e4ssliche Wahl. Besonders angesagt im Herbst 2026: <strong>auff\u00e4llige<\/strong> <strong>Prints<\/strong> \u2013 und das sch\u00f6nste Exemplar haben wir bereits entdeckt.<\/p>\n","protected":false},"excerpt":{"rendered":"Im Herbst sind Pullover, Sweatshirts und Hoodies unsere t\u00e4glichen Begleiter: Hauptsache warm und gem\u00fctlich! Schmal geschnitten harmonieren sie&hellip;\n","protected":false},"author":2,"featured_media":493071,"comment_status":"","ping_status":"","sticky":false,"template":"","format":"standard","meta":{"footnotes":"","_share_on_mastodon":"0"},"categories":[1825],"tags":[296,29,23883,30,280,191654,12172],"class_list":["post-1265270","post","type-post","status-publish","format-standard","has-post-thumbnail","category-berlin","tag-berlin","tag-deutschland","tag-fashion","tag-germany","tag-modetrends","tag-modetrends-fruehjahr-sommer-2026","tag-pullover"],"share_on_mastodon":{"url":"https:\/\/pubeurope.com\/@de\/117171023345008576","error":""},"_links":{"self":[{"href":"https:\/\/www.europesays.com\/de\/wp-json\/wp\/v2\/posts\/1265270","targetHints":{"allow":["GET"]}}],"collection":[{"href":"https:\/\/www.europesays.com\/de\/wp-json\/wp\/v2\/posts"}],"about":[{"href":"https:\/\/www.europesays.com\/de\/wp-json\/wp\/v2\/types\/post"}],"author":[{"embeddable":true,"href":"https:\/\/www.europesays.com\/de\/wp-json\/wp\/v2\/users\/2"}],"replies":[{"embeddable":true,"href":"https:\/\/www.europesays.com\/de\/wp-json\/wp\/v2\/comments?post=1265270"}],"version-history":[{"count":0,"href":"https:\/\/www.europesays.com\/de\/wp-json\/wp\/v2\/posts\/1265270\/revisions"}],"wp:featuredmedia":[{"embeddable":true,"href":"https:\/\/www.europesays.com\/de\/wp-json\/wp\/v2\/media\/493071"}],"wp:attachment":[{"href":"https:\/\/www.europesays.com\/de\/wp-json\/wp\/v2\/media?parent=1265270"}],"wp:term":[{"taxonomy":"category","embeddable":true,"href":"https:\/\/www.europesays.com\/de\/wp-json\/wp\/v2\/categories?post=1265270"},{"taxonomy":"post_tag","embeddable":true,"href":"https:\/\/www.europesays.com\/de\/wp-json\/wp\/v2\/tags?post=1265270"}],"curies":[{"name":"wp","href":"https:\/\/api.w.org\/{rel}","templated":true}]}}