{"id":1265290,"date":"2026-08-28T03:46:25","date_gmt":"2026-08-28T03:46:25","guid":{"rendered":"https:\/\/www.europesays.com\/de\/1265290\/"},"modified":"2026-08-28T03:46:25","modified_gmt":"2026-08-28T03:46:25","slug":"villena-in-spanien-bedeutender-schatz-aus-der-bronzezeit-gestohlen","status":"publish","type":"post","link":"https:\/\/www.europesays.com\/de\/1265290\/","title":{"rendered":"Villena in Spanien &#8211; Bedeutender Schatz aus der Bronzezeit gestohlen"},"content":{"rendered":"<p>            <img loading=\"lazy\" decoding=\"async\" class=\"ts-image\" src=\"https:\/\/www.europesays.com\/de\/wp-content\/uploads\/2026\/08\/gold-schatz-villena-100.jpg\" alt=\"Mehrere Gegenst\u00e4nde aus Gold liegen vor schwarzem Hintergrund\" title=\"Mehrere Gegenst\u00e4nde aus Gold liegen vor schwarzem Hintergrund | EPA\"\/><\/p>\n<p class=\"metatextline\">Stand: 27.08.2026 \u2022 18:46 Uhr<\/p>\n<p class=\"article-head__shorttext\">\n        <strong>Sie kamen fr\u00fchmorgens und brauchten nur wenige Minuten: Unbekannte haben im spanischen Villena einen pr\u00e4historischen Goldschatz gestohlen. Die Ermittler pr\u00fcfen offenbar, ob der Diebstahl gezielt in Auftrag gegeben wurde.<\/strong>\n    <\/p>\n<p class=\"textabsatz m-ten m-offset-one l-eight l-offset-two columns twelve\">In Spanien ist einer der bedeutendsten Goldsch\u00e4tze der europ\u00e4ischen Bronzezeit gestohlen worden. Es handelt sich um den sogenannten Schatz von Villena &#8211; er wurde am fr\u00fchen Donnerstagmorgen aus dem Museo de Villena (MUVI) bei Alicante entwendet.<\/p>\n<p class=\"textabsatz m-ten m-offset-one l-eight l-offset-two columns twelve\">Zu der Sammlung von 59 Objekten aus Gold, Silber, Eisen und Bernstein z\u00e4hlen elf goldene Schalen, 28 Armreife sowie verschiedene Gef\u00e4\u00dfe. Insgesamt haben allein die Goldgegenst\u00e4nde ein Gewicht von knapp zehn Kilo.<\/p>\n<p class=\"textabsatz m-ten m-offset-one l-eight l-offset-two columns twelve\">Nach Angaben des B\u00fcrgermeisters von Villena haben die Diebe den gr\u00f6\u00dften Teil des Schatzes mitgenommen. Nur wenige St\u00fccke seien zur\u00fcckgelassen worden.<\/p>\n<p>    Aus wissenschaftlicher Sicht unersetzlich<\/p>\n<p class=\"textabsatz m-ten m-offset-one l-eight l-offset-two columns twelve\">Abgesehen vom materiellen Wert gilt die Sammlung f\u00fcr Arch\u00e4ologen aber vor allem als eines der bedeutendsten Zeugnisse pr\u00e4historischer Goldschmiedekunst in Europa.<\/p>\n<p class=\"textabsatz m-ten m-offset-one l-eight l-offset-two columns twelve\">Einige der Objekte stammen aus der Zeit um 1.000 vor Christus. Sie liefern wichtige Hinweise auf die gesellschaftlichen Verh\u00e4ltnisse, die Handelskontakte und den Stand des Kunsthandwerks auf der Iberischen Halbinsel w\u00e4hrend der Bronzezeit.<\/p>\n<p class=\"textabsatz m-ten m-offset-one l-eight l-offset-two columns twelve\">Aus wissenschaftlicher und kulturhistorischer Sicht gilt der Fund daher als unersetzlich. Der Schatz wurde 1963 bei Bauarbeiten in der Kleinstadt Villena entdeckt.<\/p>\n<p class=\"absatzbild__info__text\">\n                        Das Museum von Villena nach dem Diebstahl.\n                    <\/p>\n<p>    Eine Auftragstat?<\/p>\n<p class=\"textabsatz m-ten m-offset-one l-eight l-offset-two columns twelve\">Die Einbrecher brachen nach Angaben der Polizei gegen f\u00fcnf Uhr morgens \u00fcber ein gewaltsam ge\u00f6ffnetes Fenster in das Museum ein. Sie begaben sich demnach unmittelbar zu den historischen Exponaten und verlie\u00dfen das Museum bereits nach wenigen Minuten wieder.<\/p>\n<p class=\"textabsatz m-ten m-offset-one l-eight l-offset-two columns twelve\">Medienberichten zufolge pr\u00fcfen die Ermittler daher, ob hinter dem Diebstahl eine auf Kunstdiebst\u00e4hle spezialisierte Bande steckt &#8211; und die Tat wom\u00f6glich gezielt in Auftrag gegeben wurde.<\/p>\n","protected":false},"excerpt":{"rendered":"Stand: 27.08.2026 \u2022 18:46 Uhr Sie kamen fr\u00fchmorgens und brauchten nur wenige Minuten: Unbekannte haben im spanischen Villena&hellip;\n","protected":false},"author":2,"featured_media":1265291,"comment_status":"","ping_status":"","sticky":false,"template":"","format":"standard","meta":{"footnotes":"","_share_on_mastodon":"0"},"categories":[5],"tags":[1686,77573,13,14,15,12,4026,10,8,9,11],"class_list":["post-1265290","post","type-post","status-publish","format-standard","has-post-thumbnail","category-nachrichten","tag-diebstahl","tag-goldschatz","tag-headlines","tag-nachrichten","tag-news","tag-schlagzeilen","tag-spanien","tag-top-news","tag-top-meldungen","tag-topmeldungen","tag-topnews"],"share_on_mastodon":{"url":"https:\/\/pubeurope.com\/@de\/117171087913063764","error":""},"_links":{"self":[{"href":"https:\/\/www.europesays.com\/de\/wp-json\/wp\/v2\/posts\/1265290","targetHints":{"allow":["GET"]}}],"collection":[{"href":"https:\/\/www.europesays.com\/de\/wp-json\/wp\/v2\/posts"}],"about":[{"href":"https:\/\/www.europesays.com\/de\/wp-json\/wp\/v2\/types\/post"}],"author":[{"embeddable":true,"href":"https:\/\/www.europesays.com\/de\/wp-json\/wp\/v2\/users\/2"}],"replies":[{"embeddable":true,"href":"https:\/\/www.europesays.com\/de\/wp-json\/wp\/v2\/comments?post=1265290"}],"version-history":[{"count":0,"href":"https:\/\/www.europesays.com\/de\/wp-json\/wp\/v2\/posts\/1265290\/revisions"}],"wp:featuredmedia":[{"embeddable":true,"href":"https:\/\/www.europesays.com\/de\/wp-json\/wp\/v2\/media\/1265291"}],"wp:attachment":[{"href":"https:\/\/www.europesays.com\/de\/wp-json\/wp\/v2\/media?parent=1265290"}],"wp:term":[{"taxonomy":"category","embeddable":true,"href":"https:\/\/www.europesays.com\/de\/wp-json\/wp\/v2\/categories?post=1265290"},{"taxonomy":"post_tag","embeddable":true,"href":"https:\/\/www.europesays.com\/de\/wp-json\/wp\/v2\/tags?post=1265290"}],"curies":[{"name":"wp","href":"https:\/\/api.w.org\/{rel}","templated":true}]}}