{"id":1265306,"date":"2026-08-28T03:57:46","date_gmt":"2026-08-28T03:57:46","guid":{"rendered":"https:\/\/www.europesays.com\/de\/1265306\/"},"modified":"2026-08-28T03:57:46","modified_gmt":"2026-08-28T03:57:46","slug":"tropennaechte-im-suedwesten-mannheim-ein-heisses-pflaster-mannheim","status":"publish","type":"post","link":"https:\/\/www.europesays.com\/de\/1265306\/","title":{"rendered":"Tropenn\u00e4chte im S\u00fcdwesten: Mannheim ein hei\u00dfes Pflaster &#8211; Mannheim"},"content":{"rendered":"<p class=\"rhp-dpa-teaser\"><b>Im Ranking der Tropenn\u00e4chte belegt Mannheim f\u00fcr den Sommer 2026 im S\u00fcdwesten aktuell den vierten Platz, nur getoppt von Mainz, Stuttgart und Frankfurt. Warum ist das so?<\/b><\/p>\n<p>Es ging zuletzt hei\u00df her in den Schlafzimmern s\u00fcdwestdeutscher Gro\u00dfst\u00e4dte. Das ist aber weniger dem Bettpartner als der Hitzewelle geschuldet. Im Ranking der Tropenn\u00e4chte belegt <a class=\"rtr-entity\" data-rtr-entity=\"Mannheim\" data-rtr-id=\"8e39f98d121d00ffdaf4f78a2ae2e7dea2653ba7\" data-rtr-score=\"389.8197932053176\" data-rtr-etype=\"location\" data-rtr-index=\"19\" href=\"http:\/\/rheinpfalz.de\/lokal\/mannheim.html\" rel=\"nofollow noopener\" target=\"_blank\">Mannheim<\/a> f\u00fcr den Sommer 2026 aktuell den vierten Platz, hinter <a class=\"rtr-entity\" data-rtr-entity=\"Mainz\" data-rtr-id=\"e3ec7426bbabd4c2629b469564eb0c8ee33bc951\" data-rtr-score=\"47.93648449039882\" data-rtr-etype=\"location\" data-rtr-index=\"39\" href=\"https:\/\/www.rheinpfalz.de\/themen\/mainz\" rel=\"nofollow noopener\" target=\"_blank\">Mainz<\/a>, <a class=\"rtr-entity\" data-rtr-entity=\"Stuttgart\" data-rtr-id=\"bdcb100100d1ee20d776dd903bb1110a54a1c3c4\" data-rtr-score=\"35.88644756277696\" data-rtr-etype=\"location\" data-rtr-index=\"12\" href=\"https:\/\/www.rheinpfalz.de\/themen\/stuttgart\" rel=\"nofollow noopener\" target=\"_blank\">Stuttgart<\/a> und <a class=\"rtr-entity\" data-rtr-entity=\"Frankfurt\" data-rtr-id=\"3cb064ad18c9c73984f874e25b48c8c92c548881\" data-rtr-score=\"47.67282127031019\" data-rtr-etype=\"location\" data-rtr-index=\"14\" href=\"https:\/\/www.rheinpfalz.de\/themen\/frankfurt\" rel=\"nofollow noopener\" target=\"_blank\">Frankfurt<\/a>.<\/p>\n<p class=\"rhp-teaser\"><b>Im Ranking der Tropenn\u00e4chte belegt Mannheim f\u00fcr den Sommer 2026 im S\u00fcdwesten aktuell den vierten Platz, nur getoppt von Mainz, Stuttgart und Frankfurt. Warum ist das so?<\/b><\/p>\n","protected":false},"excerpt":{"rendered":"Im Ranking der Tropenn\u00e4chte belegt Mannheim f\u00fcr den Sommer 2026 im S\u00fcdwesten aktuell den vierten Platz, nur getoppt&hellip;\n","protected":false},"author":2,"featured_media":1265307,"comment_status":"","ping_status":"","sticky":false,"template":"","format":"standard","meta":{"footnotes":"","_share_on_mastodon":"0"},"categories":[1845],"tags":[1634,296,2420,2770,3364,29,4906,548,663,3934,2050,261426,295,30,692,13,4949,17304,1427,2096,1268,14,15,19212,583,12,1441,16414,62360,111899,15205],"class_list":["post-1265306","post","type-post","status-publish","format-standard","has-post-thumbnail","category-mannheim","tag-baden-wuerttemberg","tag-berlin","tag-bremen","tag-chemnitz","tag-de","tag-deutschland","tag-dwd","tag-eu","tag-europa","tag-europe","tag-frankfurt","tag-fraenkisch-alb","tag-freiburg","tag-germany","tag-hamburg","tag-headlines","tag-kiel","tag-kurpfalz","tag-mainz","tag-mannheim","tag-muenchen","tag-nachrichten","tag-news","tag-offenbach","tag-rostock","tag-schlagzeilen","tag-stuttgart","tag-suedwesten","tag-tropennacht","tag-web","tag-wuerzburg"],"share_on_mastodon":{"url":"https:\/\/pubeurope.com\/@de\/117171129327483608","error":""},"_links":{"self":[{"href":"https:\/\/www.europesays.com\/de\/wp-json\/wp\/v2\/posts\/1265306","targetHints":{"allow":["GET"]}}],"collection":[{"href":"https:\/\/www.europesays.com\/de\/wp-json\/wp\/v2\/posts"}],"about":[{"href":"https:\/\/www.europesays.com\/de\/wp-json\/wp\/v2\/types\/post"}],"author":[{"embeddable":true,"href":"https:\/\/www.europesays.com\/de\/wp-json\/wp\/v2\/users\/2"}],"replies":[{"embeddable":true,"href":"https:\/\/www.europesays.com\/de\/wp-json\/wp\/v2\/comments?post=1265306"}],"version-history":[{"count":0,"href":"https:\/\/www.europesays.com\/de\/wp-json\/wp\/v2\/posts\/1265306\/revisions"}],"wp:featuredmedia":[{"embeddable":true,"href":"https:\/\/www.europesays.com\/de\/wp-json\/wp\/v2\/media\/1265307"}],"wp:attachment":[{"href":"https:\/\/www.europesays.com\/de\/wp-json\/wp\/v2\/media?parent=1265306"}],"wp:term":[{"taxonomy":"category","embeddable":true,"href":"https:\/\/www.europesays.com\/de\/wp-json\/wp\/v2\/categories?post=1265306"},{"taxonomy":"post_tag","embeddable":true,"href":"https:\/\/www.europesays.com\/de\/wp-json\/wp\/v2\/tags?post=1265306"}],"curies":[{"name":"wp","href":"https:\/\/api.w.org\/{rel}","templated":true}]}}