{"id":1265381,"date":"2026-08-28T04:50:18","date_gmt":"2026-08-28T04:50:18","guid":{"rendered":"https:\/\/www.europesays.com\/de\/1265381\/"},"modified":"2026-08-28T04:50:18","modified_gmt":"2026-08-28T04:50:18","slug":"pol-of-fahrradcodierung-kommt-an-grosses-interesse-an-gemeinsamer-aktion-von-polizei","status":"publish","type":"post","link":"https:\/\/www.europesays.com\/de\/1265381\/","title":{"rendered":"POL-OF: Fahrradcodierung kommt an: Gro\u00dfes Interesse an gemeinsamer Aktion von Polizei &#8230;"},"content":{"rendered":"<p class=\"date\">28.08.2026 \u2013 06:37<\/p>\n<p class=\"customer\">\n                        <a class=\"story-customer\" title=\"weiter zum newsroom von Polizeipr\u00e4sidium S\u00fcdosthessen\" href=\"https:\/\/www.presseportal.de\/blaulicht\/nr\/43561\" rel=\"nofollow noopener\" target=\"_blank\">Polizeipr\u00e4sidium S\u00fcdosthessen<\/a>\n                    <\/p>\n<p><a class=\"glightbox event-trigger\" href=\"https:\/\/cache.pressmailing.net\/thumbnail\/story_hires\/6db123cb-d52f-487c-92c0-e4b6ad7a2752\/260828-Codieraktion.jpg.jpg\" data-description=\"Team der Fahrradcodieraktion\" data-category=\"medialightbox\" data-action=\"click\" data-label=\"single\" data-value=\"6a91109b270000fd2cb90105\" rel=\"nofollow noopener\" target=\"_blank\"><img decoding=\"async\" height=\"540\" with=\"720\" src=\"https:\/\/www.europesays.com\/de\/wp-content\/uploads\/2026\/08\/pol-of-fahrradcodierung-kommt-an-gro-es-interesse-an-gemeinsamer-aktion-von-polizei-und-stadtpolizei.jpeg\"   alt=\"POL-OF: Fahrradcodierung kommt an: Gro\u00dfes Interesse an gemeinsamer Aktion von Polizei und Stadtpolizei\" class=\"single\"\/><\/a><\/p>\n<p><a data-category=\"citylink-story-view\" data-action=\"click\" data-label=\"Citylink in Meldungsansicht\" class=\"story-city event-trigger\" href=\"https:\/\/www.presseportal.de\/regional\/Hanau\" title=\"News aus Hanau \" rel=\"nofollow noopener\" target=\"_blank\">Hanau<\/a> (ots)<\/p>\n<p>(fg) Das Polizeirevier Hanau und die Stadtpolizei Hanau setzen ihre bew\u00e4hrte Zusammenarbeit bei der Fahrradcodierung fort. Auch die inzwischen dritte gemeinsame Codieraktion im Jahr 2026 stie\u00df erneut auf gro\u00dfes Interesse.<\/p>\n<p>Die j\u00fcngste Veranstaltung fand am Dienstag erstmals im Kesselst\u00e4dter Weststadtb\u00fcro statt. Nach vorheriger Terminvergabe konnten Fahrradbesitzerinnen und Fahrradbesitzer ihre Zweir\u00e4der mit einer individuellen F.E.I.N.-Codierung (Fahrrad-Eigent\u00fcmer-Identifikations-Nummer) versehen lassen. Zahlreiche Interessierte nahmen das Angebot wahr. Auch ein E-Scooter wurde zur Codierung vorgestellt.<br \/>\nBei der Codierung wird ein individueller Code an einer gut sichtbaren Stelle in den Rahmen eingraviert. Dadurch kann ein aufgefundenes oder sichergestelltes Zweirad leichter seinem Eigent\u00fcmer zugeordnet werden. Gleichzeitig kann die Kennzeichnung den Weiterverkauf eines gestohlenen Fahrrads erschweren und es f\u00fcr potenzielle Hehler unattraktiver machen.<\/p>\n<p>Die erneut hohe Nachfrage zeigt, dass das Interesse an der Fahrradcodierung und damit an einem zus\u00e4tzlichen Schutz vor Fahrraddiebstahl weiterhin gro\u00df ist.<\/p>\n<p>F\u00fcr Polizei und Stadtpolizei steht daher fest: Die Zusammenarbeit soll auch im kommenden Jahr fortgesetzt werden. Erste Planungen f\u00fcr weitere Fahrradcodieraktionen im Jahr 2027 laufen bereits.<\/p>\n<p>Termine und weitere Informationen werden rechtzeitig \u00fcber die offiziellen Kan\u00e4le des Polizeipr\u00e4sidiums (unter anderem via WhatsApp-Kanal: <a target=\"_blank\" class=\"uri-ext outbound\" rel=\"noopener nofollow\" href=\"https:\/\/whatsapp.com\/channel\/0029Vb3hOsB05MUc7HrFlK26\">https:\/\/whatsapp.com\/channel\/0029Vb3hOsB05MUc7HrFlK26<\/a> und im Internet: <a target=\"_blank\" class=\"uri-ext outbound\" rel=\"noopener nofollow\" href=\"https:\/\/www.polizei.hessen.de\/service\/veranstaltungen?displayFirst=list_first\">https:\/\/www.polizei.hessen.de\/service\/veranstaltungen?displayFirst=list_first<\/a>) bekanntgegeben.<\/p>\n<p>Neben Veranstaltungshinweisen aus S\u00fcdosthessen werden auf dem WhatsApp-Kanal auch Zeugenaufrufe, Fahndungen, zielgruppenspezifische Pr\u00e4ventionshinweise und aktuelle Pressemeldungen ver\u00f6ffentlicht. Aber auch bei gr\u00f6\u00dferen Eins\u00e4tzen bietet der Service die M\u00f6glichkeit, B\u00fcrgerinnen und B\u00fcrger direkt zu erreichen.<\/p>\n<p class=\"contact-headline\">R\u00fcckfragen bitte an:<\/p>\n<p class=\"contact-text\">Polizeipr\u00e4sidium S\u00fcdosthessen<br \/>&#8211; Pressestelle &#8211;<br \/>Spessartring 61<br \/>63071 Offenbach am Main<\/p>\n<p>Telefon: 069 \/ 8098 &#8211; 1210 (Sammelrufnummer)<\/p>\n<p>Thomas Leipold (lei) &#8211; 1201 oder 0160 \/ 980 00745<br \/>Felix Geis (fg) &#8211; 1211 oder 0162 \/ 201 3806<br \/>Claudia Benneckenstein (cb) &#8211; 1212 oder 0152 \/ 066 23109<br \/>Maximilian Edelbluth (me) &#8211; 1213 oder 0160 \/ 96487309<\/p>\n<p>Fax: 0611 \/ 32766-5014<br \/>E-Mail: <a href=\"https:\/\/www.presseportal.de\/blaulicht\/pm\/43561\/mailto:pressestelle.ppsoh@polizei.hessen.de\" class=\"uri-mailto\" rel=\"nofollow noopener\" target=\"_blank\">pressestelle.ppsoh@polizei.hessen.de<\/a><br \/>Homepage: <a target=\"_blank\" class=\"uri-ext outbound\" rel=\"noopener nofollow\" href=\"http:\/\/www.polizei.hessen.de\/ppsoh\">http:\/\/www.polizei.hessen.de\/ppsoh<\/a><\/p>\n<p class=\"originator\">Original-Content von: Polizeipr\u00e4sidium S\u00fcdosthessen, \u00fcbermittelt durch news aktuell<\/p>\n","protected":false},"excerpt":{"rendered":"28.08.2026 \u2013 06:37 Polizeipr\u00e4sidium S\u00fcdosthessen Hanau (ots) (fg) Das Polizeirevier Hanau und die Stadtpolizei Hanau setzen ihre bew\u00e4hrte&hellip;\n","protected":false},"author":2,"featured_media":1265382,"comment_status":"","ping_status":"","sticky":false,"template":"","format":"standard","meta":{"footnotes":"","_share_on_mastodon":"0"},"categories":[1829],"tags":[29,2050,2051,30,1087,2052,177,121,178,180,179,181],"class_list":["post-1265381","post","type-post","status-publish","format-standard","has-post-thumbnail","category-frankfurt-am-main","tag-deutschland","tag-frankfurt","tag-frankfurt-am-main","tag-germany","tag-he","tag-hessen","tag-kriminalitt","tag-polizei","tag-presse","tag-pressemeldung","tag-pressemitteilung","tag-pressemitteilungen"],"share_on_mastodon":{"url":"https:\/\/pubeurope.com\/@de\/117171337977515303","error":""},"_links":{"self":[{"href":"https:\/\/www.europesays.com\/de\/wp-json\/wp\/v2\/posts\/1265381","targetHints":{"allow":["GET"]}}],"collection":[{"href":"https:\/\/www.europesays.com\/de\/wp-json\/wp\/v2\/posts"}],"about":[{"href":"https:\/\/www.europesays.com\/de\/wp-json\/wp\/v2\/types\/post"}],"author":[{"embeddable":true,"href":"https:\/\/www.europesays.com\/de\/wp-json\/wp\/v2\/users\/2"}],"replies":[{"embeddable":true,"href":"https:\/\/www.europesays.com\/de\/wp-json\/wp\/v2\/comments?post=1265381"}],"version-history":[{"count":0,"href":"https:\/\/www.europesays.com\/de\/wp-json\/wp\/v2\/posts\/1265381\/revisions"}],"wp:featuredmedia":[{"embeddable":true,"href":"https:\/\/www.europesays.com\/de\/wp-json\/wp\/v2\/media\/1265382"}],"wp:attachment":[{"href":"https:\/\/www.europesays.com\/de\/wp-json\/wp\/v2\/media?parent=1265381"}],"wp:term":[{"taxonomy":"category","embeddable":true,"href":"https:\/\/www.europesays.com\/de\/wp-json\/wp\/v2\/categories?post=1265381"},{"taxonomy":"post_tag","embeddable":true,"href":"https:\/\/www.europesays.com\/de\/wp-json\/wp\/v2\/tags?post=1265381"}],"curies":[{"name":"wp","href":"https:\/\/api.w.org\/{rel}","templated":true}]}}