{"id":1265390,"date":"2026-08-28T04:56:23","date_gmt":"2026-08-28T04:56:23","guid":{"rendered":"https:\/\/www.europesays.com\/de\/1265390\/"},"modified":"2026-08-28T04:56:23","modified_gmt":"2026-08-28T04:56:23","slug":"vfb-stuttgart-gegen-fc-bayern-live-so-sehen-fans-den-bundesliga-start","status":"publish","type":"post","link":"https:\/\/www.europesays.com\/de\/1265390\/","title":{"rendered":"VfB Stuttgart gegen FC Bayern live: So sehen Fans den Bundesliga-Start"},"content":{"rendered":"<p>Saisoner\u00f6ffnung <\/p>\n<p>VfB Stuttgart gegen M\u00fcnchen \u2013 so sehen Fans das Spiel<\/p>\n<p>Aktualisiert am 28.08.2026 &#8211; 04:46 UhrLesedauer: 2 Min.<\/p>\n<p><a href=\"#focus-0\" class=\"transition-colors block text-current relative\" data-sctrack=\"FocusGalleryImage.Reference\"><img fetchpriority=\"high\" data-testid=\"Opener.Image\"   loading=\"eager\" src=\"https:\/\/www.europesays.com\/de\/wp-content\/uploads\/2026\/08\/joshua-kimmich-fc-bayern-muenchen-6-im-dribbling-gegen-deniz-undav-vfb-stuttgart-26-ger-fc-bayern-mu.jpeg\" alt=\"imago images 1077821228\" title=\"imago images 1077821228\" width=\"6640\" height=\"3735\" class=\"bg-[url:var(--lqipURL)] bg-cover bg-center flex h-full w-full max-w-full\" style=\"--lqipURL:url('https:\/\/images.t-online.de\/2026\/08\/Cm6C4ZLIPm34\/0x346:6640x3735\/fit-in\/150x0\/filters:blur(25)\/joshua-kimmich-fc-bayern-muenchen-6-im-dribbling-gegen-deniz-undav-vfb-stuttgart-26-ger-fc-bayern-muenchen-vs-vfb-stuttgart-fussball-herren-dfb-pokal-finale-spielzeit-2025-2026-23-052026-dfl-regulations-prohibit-any-use-of-photographs-as-image-sequences-and-or-quasi-video-ger-fc-bayern-muenchen-vs-vfb-stuttgart-fussball-herren-dfb-pokal-finale-spielzeit-2025-2026-23-052026-berlin-joshua-kimmich-fc-bayern-muenchen-6-dribbling-against-deniz-undav-vfb-stuttgart-26-ger-fc-bayer.jpg')\" decoding=\"async\"\/><img loading=\"lazy\" src=\"https:\/\/stuttgart.t-online.de\/s\/paper\/_next\/static\/media\/zoom-in.f7dae02f.svg\" alt=\"Vergr\u00f6\u00dfern des Bildes\" title=\"Vergr\u00f6\u00dfern des Bildes\" class=\"block h-[calc(var(--height)_\/_16_*_1rem)] w-[calc(var(--width)_\/_16_*_1rem)] max-w-none absolute right-8 bottom-8 rounded-4 bg-snow p-8\" style=\"--width:32;--height:32\" decoding=\"async\"\/><\/a><\/p>\n<p>Joshua Kimmich vom FC Bayern im Duell mit Deniz Undav: VfB Stuttgart spielt erneut gegen M\u00fcnchen. (Quelle: IMAGO\/Eibner-Pressefoto\/Max Vincen\/imago)<\/p>\n<p><img loading=\"lazy\" src=\"https:\/\/stuttgart.t-online.de\/s\/paper\/_next\/static\/media\/audio-volume.6689034c.svg\" alt=\"\" title=\"\" class=\"block h-[calc(var(--height)_\/_16_*_1rem)] w-[calc(var(--width)_\/_16_*_1rem)] max-w-none group-hover:brightness-0 group-hover:invert\" style=\"--width:16;--height:16\" decoding=\"async\"\/>Vorlesen<\/p>\n<p>Aktuelle Zeit:0:00Gesamtdauer:0:00<\/p>\n<p>1x<img loading=\"lazy\" src=\"https:\/\/stuttgart.t-online.de\/s\/paper\/_next\/static\/media\/font-sizes.32942e33.svg\" alt=\"\" title=\"\" class=\"block h-[calc(var(--height)_\/_16_*_1rem)] w-[calc(var(--width)_\/_16_*_1rem)] max-w-none group-hover:hidden group-aria-expanded:hidden\" style=\"--width:16;--height:16\" decoding=\"async\"\/><img loading=\"lazy\" src=\"https:\/\/stuttgart.t-online.de\/s\/paper\/_next\/static\/media\/font-sizes-dark-mode.e382645c.svg\" alt=\"\" title=\"\" class=\"block h-[calc(var(--height)_\/_16_*_1rem)] w-[calc(var(--width)_\/_16_*_1rem)] max-w-none hidden group-hover:block group-aria-expanded:block\" style=\"--width:16;--height:16\" decoding=\"async\"\/><img loading=\"lazy\" src=\"https:\/\/stuttgart.t-online.de\/s\/paper\/_next\/static\/media\/sharing-menu-icon.1eb71368.svg\" alt=\"\" title=\"\" class=\"block h-[calc(var(--height)_\/_16_*_1rem)] w-[calc(var(--width)_\/_16_*_1rem)] max-w-none group-hover:brightness-0 group-hover:invert\" style=\"--width:16;--height:16\" decoding=\"async\"\/>Artikel teilen<\/p>\n<p class=\"font-bold text-18 leading-17 user-text-lg:text-22 user-text-xl:text-24\">Zum Bundesliga-Auftakt trifft der VfB Stuttgart auf den deutschen Meister FC Bayern. Fans k\u00f6nnen die Partie gratis im Free-TV verfolgen.<\/p>\n<p class=\"text-18 leading-17 user-text-lg:text-22 user-text-xl:text-24\">Zum Start in die neue Bundesliga-Saison wartet auf den <a href=\"https:\/\/www.t-online.de\/themen\/vfb-stuttgart\/\" class=\"transition-colors cursor-pointer no-underline md:hover:text-magenta md:focus:text-magenta border-b border-solid border-current text-salemsfur md:hover:border-magenta\" data-tracking=\"{&quot;action&quot;:&quot;click&quot;,&quot;category&quot;:&quot;intextLink&quot;,&quot;label&quot;:&quot;https:\/\/www.t-online.de\/themen\/vfb-stuttgart\/&quot;}\" data-sctrack=\"BodyAnchor\" rel=\"nofollow noopener\" target=\"_blank\">VfB Stuttgart<\/a> direkt die gr\u00f6\u00dftm\u00f6gliche Herausforderung. Die Mannschaft von Trainer Sebastian Hoene\u00df gastiert beim deutschen Meister FC Bayern M\u00fcnchen. VfB-Fans k\u00f6nnen die Partie nicht nur im Pay-TV, sondern auch kostenlos im Free-TV und Livestream verfolgen.<\/p>\n<p class=\"text-18 leading-17 user-text-lg:text-22 user-text-xl:text-24\">Am Freitag, 28. August 2026, er\u00f6ffnet der VfB gemeinsam mit dem FC Bayern die Bundesliga-Saison 2026\/27. Ansto\u00df in der Allianz Arena in M\u00fcnchen ist um 20.30 Uhr. F\u00fcr die Stuttgarter ist es das erste Bundesliga-Er\u00f6ffnungsspiel seit der Saison 2009\/10.<\/p>\n<p class=\"text-18 leading-17 user-text-lg:text-22 user-text-xl:text-24\">Der Auftakt bringt f\u00fcr den VfB zugleich ein schnelles Wiedersehen mit den Bayern. Beide Teams standen sich erst Ende Mai im DFB-Pokalfinale gegen\u00fcber. Damals setzte sich M\u00fcnchen mit 3:0 durch. Nun bekommt Stuttgart bereits zum Ligastart die Gelegenheit zur Revanche.<\/p>\n<p>Bayern gegen VfB kostenlos im Free-TV<\/p>\n<p class=\"text-18 leading-17 user-text-lg:text-22 user-text-xl:text-24\">VfB-Fans ben\u00f6tigen f\u00fcr das erste Bundesligaspiel der Saison nicht zwingend ein kostenpflichtiges Abonnement. Sat.1 zeigt FC Bayern M\u00fcnchen gegen den VfB Stuttgart live und kostenlos im Free-TV. Der VfB selbst hatte die Free-TV-\u00dcbertragung bereits bei der Bekanntgabe des Er\u00f6ffnungsspiels best\u00e4tigt.<\/p>\n<p class=\"text-18 leading-17 user-text-lg:text-22 user-text-xl:text-24\">Auch online l\u00e4sst sich die Begegnung kostenlos verfolgen. Joyn bietet einen kostenlosen Livestream des Bundesliga-Auftakts an. Damit k\u00f6nnen Stuttgarter Fans die Partie auch auf dem Smartphone, Tablet oder Computer sehen.<\/p>\n<p class=\"text-18 leading-17 user-text-lg:text-22 user-text-xl:text-24\">Nach Angaben von ran ist die TV-\u00dcbertragung bei Sat.1 f\u00fcr 19.50 Uhr angesetzt. Der Anpfiff erfolgt anschlie\u00dfend um 20.30 Uhr.<\/p>\n<ul class=\"text-18 leading-17 block pl-24 *:pb-16 *:before:inline-block *:before:size-8 *:before:bg-magenta *:before:mt-0 *:before:mr-12 *:before:mb-2 *:before:-ml-[20px]\">\n<li><strong class=\"font-bold\">8 Gegner f\u00fcr VfB Stuttgart:<\/strong> <a href=\"https:\/\/stuttgart.t-online.de\/region\/stuttgart\/id_101407924\/8-gegner-fuer-vfb-stuttgart-champions-league-auslosung-jetzt-live-im-stream.html\" class=\"transition-colors cursor-pointer no-underline md:hover:text-magenta md:focus:text-magenta border-b border-solid border-current text-salemsfur md:hover:border-magenta\" data-tracking=\"{&quot;action&quot;:&quot;click&quot;,&quot;category&quot;:&quot;intextLink&quot;,&quot;label&quot;:&quot;\/region\/stuttgart\/id_101407924\/8-gegner-fuer-vfb-stuttgart-champions-league-auslosung-jetzt-live-im-stream.html&quot;}\" data-sctrack=\"BodyAnchor\" rel=\"nofollow noopener\" target=\"_blank\">Champions-League-Auslosung heute live im Stream<\/a><\/li>\n<\/ul>\n<p>VfB-Spiel auch im Livestream sehen<\/p>\n<p class=\"text-18 leading-17 user-text-lg:text-22 user-text-xl:text-24\">Neben der kostenlosen \u00dcbertragung gibt es das Duell auch im Pay-TV. Sky \u00fcbertr\u00e4gt Bayern gegen Stuttgart ebenfalls live. Sky best\u00e4tigt die Partie f\u00fcr Freitagabend um 20.30 Uhr.<\/p>\n<p class=\"text-18 leading-17 user-text-lg:text-22 user-text-xl:text-24\">Sky-Kunden k\u00f6nnen das Spiel au\u00dferdem \u00fcber die Sky-Streaming-Angebote Sky Go und WOW streamen. Wer lediglich das VfB-Spiel sehen m\u00f6chte und keinen entsprechenden Zugang besitzt, kann allerdings auf die kostenlose \u00dcbertragung bei Joyn ausweichen.<\/p>\n<p>Besonderer Start f\u00fcr den VfB<\/p>\n<p class=\"text-18 leading-17 user-text-lg:text-22 user-text-xl:text-24\">F\u00fcr Stuttgart beginnt die neue Bundesliga-Spielzeit damit auf der ganz gro\u00dfen B\u00fchne. Das traditionelle Er\u00f6ffnungsspiel sorgt regelm\u00e4\u00dfig f\u00fcr besondere Aufmerksamkeit, weil der amtierende deutsche Meister die Saison er\u00f6ffnet. VfB-Sportvorstand Fabian Wohlgemuth bezeichnete die Partie entsprechend als Spiel mit gro\u00dfer nationaler und internationaler Aufmerksamkeit.<\/p>\n","protected":false},"excerpt":{"rendered":"Saisoner\u00f6ffnung VfB Stuttgart gegen M\u00fcnchen \u2013 so sehen Fans das Spiel Aktualisiert am 28.08.2026 &#8211; 04:46 UhrLesedauer: 2&hellip;\n","protected":false},"author":2,"featured_media":1240279,"comment_status":"","ping_status":"","sticky":false,"template":"","format":"standard","meta":{"footnotes":"","_share_on_mastodon":"0"},"categories":[1827],"tags":[722,772,29,458,30,9901,1268,13002,3497,2915],"class_list":["post-1265390","post","type-post","status-publish","format-standard","has-post-thumbnail","category-muenchen","tag-722","tag-bayern","tag-deutschland","tag-fc-bayern-muenchen","tag-germany","tag-joyn","tag-muenchen","tag-sat-1","tag-sebastian-hoeness","tag-vfb-stuttgart"],"share_on_mastodon":{"url":"https:\/\/pubeurope.com\/@de\/117171363594767000","error":""},"_links":{"self":[{"href":"https:\/\/www.europesays.com\/de\/wp-json\/wp\/v2\/posts\/1265390","targetHints":{"allow":["GET"]}}],"collection":[{"href":"https:\/\/www.europesays.com\/de\/wp-json\/wp\/v2\/posts"}],"about":[{"href":"https:\/\/www.europesays.com\/de\/wp-json\/wp\/v2\/types\/post"}],"author":[{"embeddable":true,"href":"https:\/\/www.europesays.com\/de\/wp-json\/wp\/v2\/users\/2"}],"replies":[{"embeddable":true,"href":"https:\/\/www.europesays.com\/de\/wp-json\/wp\/v2\/comments?post=1265390"}],"version-history":[{"count":0,"href":"https:\/\/www.europesays.com\/de\/wp-json\/wp\/v2\/posts\/1265390\/revisions"}],"wp:featuredmedia":[{"embeddable":true,"href":"https:\/\/www.europesays.com\/de\/wp-json\/wp\/v2\/media\/1240279"}],"wp:attachment":[{"href":"https:\/\/www.europesays.com\/de\/wp-json\/wp\/v2\/media?parent=1265390"}],"wp:term":[{"taxonomy":"category","embeddable":true,"href":"https:\/\/www.europesays.com\/de\/wp-json\/wp\/v2\/categories?post=1265390"},{"taxonomy":"post_tag","embeddable":true,"href":"https:\/\/www.europesays.com\/de\/wp-json\/wp\/v2\/tags?post=1265390"}],"curies":[{"name":"wp","href":"https:\/\/api.w.org\/{rel}","templated":true}]}}