{"id":1265399,"date":"2026-08-28T05:02:15","date_gmt":"2026-08-28T05:02:15","guid":{"rendered":"https:\/\/www.europesays.com\/de\/1265399\/"},"modified":"2026-08-28T05:02:15","modified_gmt":"2026-08-28T05:02:15","slug":"werber-bewertet-slogans-fuer-berlin-wahl-die-einzige-auffaelligkeit-ist-stefan-evers-mit-seinen-spruechen","status":"publish","type":"post","link":"https:\/\/www.europesays.com\/de\/1265399\/","title":{"rendered":"Werber bewertet Slogans f\u00fcr Berlin-Wahl: \u201eDie einzige Auff\u00e4lligkeit ist Stefan Evers mit seinen Spr\u00fcchen\u201c"},"content":{"rendered":"<p class=\"tspCJpg tspCJph\"><strong>Lieber Herr Harbeck, Sie sind einer der Kreativchefs der Werbeagentur Jung von Matt und haben 2017 den Wahlkampf von Angela Merkel als Bundeskanzlerin mitgestaltet. Ist also Politik auch nur ein Produkt wie jedes andere?<\/strong><br \/>Nein. Politik ist kein Produkt, auch wenn f\u00fcr Wahlwerbung sicherlich eine Produktlogik gilt. Der Unterschied zu einem normalen Produkt oder einer Dienstleistung liegt darin, dass man es als Kunde zur\u00fcckgeben kann, wenn es nicht das h\u00e4lt, was die Werbung verspricht. In der Politik geht das erst mal nicht. Da schlie\u00dft man als W\u00e4hler quasi ein mehrj\u00e4hriges Abo ab.<\/p>\n","protected":false},"excerpt":{"rendered":"Lieber Herr Harbeck, Sie sind einer der Kreativchefs der Werbeagentur Jung von Matt und haben 2017 den Wahlkampf&hellip;\n","protected":false},"author":2,"featured_media":1265400,"comment_status":"","ping_status":"","sticky":false,"template":"","format":"standard","meta":{"footnotes":"","_share_on_mastodon":"0"},"categories":[1825],"tags":[186,7015,17655,296,64594,31,29,536,30,3056,10531,184,12385],"class_list":["post-1265399","post","type-post","status-publish","format-standard","has-post-thumbnail","category-berlin","tag-afd","tag-angela-merkel","tag-baustellen","tag-berlin","tag-berlin-wahl","tag-cdu","tag-deutschland","tag-die-linke","tag-germany","tag-klaus-wowereit","tag-opel","tag-spd","tag-wohnen-in-berlin"],"share_on_mastodon":{"url":"https:\/\/pubeurope.com\/@de\/117171384973241533","error":""},"_links":{"self":[{"href":"https:\/\/www.europesays.com\/de\/wp-json\/wp\/v2\/posts\/1265399","targetHints":{"allow":["GET"]}}],"collection":[{"href":"https:\/\/www.europesays.com\/de\/wp-json\/wp\/v2\/posts"}],"about":[{"href":"https:\/\/www.europesays.com\/de\/wp-json\/wp\/v2\/types\/post"}],"author":[{"embeddable":true,"href":"https:\/\/www.europesays.com\/de\/wp-json\/wp\/v2\/users\/2"}],"replies":[{"embeddable":true,"href":"https:\/\/www.europesays.com\/de\/wp-json\/wp\/v2\/comments?post=1265399"}],"version-history":[{"count":0,"href":"https:\/\/www.europesays.com\/de\/wp-json\/wp\/v2\/posts\/1265399\/revisions"}],"wp:featuredmedia":[{"embeddable":true,"href":"https:\/\/www.europesays.com\/de\/wp-json\/wp\/v2\/media\/1265400"}],"wp:attachment":[{"href":"https:\/\/www.europesays.com\/de\/wp-json\/wp\/v2\/media?parent=1265399"}],"wp:term":[{"taxonomy":"category","embeddable":true,"href":"https:\/\/www.europesays.com\/de\/wp-json\/wp\/v2\/categories?post=1265399"},{"taxonomy":"post_tag","embeddable":true,"href":"https:\/\/www.europesays.com\/de\/wp-json\/wp\/v2\/tags?post=1265399"}],"curies":[{"name":"wp","href":"https:\/\/api.w.org\/{rel}","templated":true}]}}