{"id":1265430,"date":"2026-08-28T05:19:42","date_gmt":"2026-08-28T05:19:42","guid":{"rendered":"https:\/\/www.europesays.com\/de\/1265430\/"},"modified":"2026-08-28T05:19:42","modified_gmt":"2026-08-28T05:19:42","slug":"mordprozess-fabian-weiterer-zeuge-aus-familiaerem-umfeld-von-gina-h","status":"publish","type":"post","link":"https:\/\/www.europesays.com\/de\/1265430\/","title":{"rendered":"Mordprozess Fabian: Weiterer Zeuge aus &#8222;famili\u00e4rem Umfeld&#8220; von Gina H."},"content":{"rendered":"<p>        <img decoding=\"async\" src=\"https:\/\/www.europesays.com\/de\/wp-content\/uploads\/2026\/08\/mvfoto-7966.webp\" alt=\"Gina H. sitzt neben ihrem Verteidiger und h\u00e4lt sich einen Aktendeckel vors Gesicht. \" title=\"Gina H. sitzt neben ihrem Verteidiger und h\u00e4lt sich einen Aktendeckel vors Gesicht.  | Andreas Frost, NDR\" class=\"responsive\"\/><\/p>\n<p>AUDIO: Mordprozess Fabian: Weiterer Zeuge aus &#8222;famili\u00e4rem Umfeld&#8220; von Gina H. (1 Min)<\/p>\n<p>\n                Stand: 27.08.2026 19:43 Uhr<\/p>\n<p class=\"preface\">Am Landgericht Rostock wird an diesem Freitag der Mordprozess zum Fall des kleinen Fabians aus G\u00fcstrow fortgesetzt. Es erscheint sehr unwahrscheinlich, dass die Angeklagte, wie f\u00fcr diesen Tag geplant, Fragen beantwortet.<\/p>\n<p class=\"textauthor\">von Andreas Frost<\/p>\n<p class=\"\">Ein Mann aus dem famili\u00e4ren Umfeld der Angeklagten soll an diesem Freitag im Mordprozess zum Fall Fabian vor dem Landgericht Rostock vernommen werden. Ob es sich um einen Verwandten oder einen Bekannten der 30-j\u00e4hrigen Gina H. handelt, hat das Gericht nicht bekannt gegeben. Eine Gerichtssprecherin verwies dabei auf seine Pers\u00f6nlichkeitsrechte.<\/p>\n<p>    Antworten von Gina H. kaum wahrscheinlich<\/p>\n<p class=\"\">Urspr\u00fcnglich hatte die dritte Strafkammer f\u00fcr den 24. Verhandlungstag auch vorgesehen, dass Richterinnen und Richter, die Staatsanwaltschaft sowie die Nebenkl\u00e4gerin der Angeklagten Fragen zu ihrer vierst\u00fcndigen Aussage vom vergangenen Montag stellen k\u00f6nnen. Darin hatte unter anderem ihre Unschuld beteuert und versucht, f\u00fcr sie belastende Zeugenaussagen zu untergraben. Ihr Verteidiger Thomas L\u00f6cker sagte inzwischen, Gina H. werde dazu kaum in der Lage sein. Seit ihrer Aussage habe sich ihr Gem\u00fctszustand vollkommen ver\u00e4ndert. Ihr sei offenbar zum ersten Mal klar geworden, was in diesem Prozess f\u00fcr sie auf dem Spiel steht. Die Wahrscheinlichkeit, dass sie nun dennoch Fragen beantwortet ist demnach eher gering.<\/p>\n<p>        <img decoding=\"async\" src=\"https:\/\/www.europesays.com\/de\/wp-content\/uploads\/2026\/06\/mvfcover-236.webp\" alt=\"Die Angeklagte steht zwischen den Anw\u00e4lten Andreas Ohm (r.) und Thomas L\u00f6cker.\" title=\"Die Angeklagte steht zwischen den Anw\u00e4lten Andreas Ohm (r.) und Thomas L\u00f6cker. | Jens B\u00fcttner\/dpa\" class=\"responsive\" loading=\"lazy\"\/><\/p>\n<p>Im Podcast geht es darum, wie die Angeklagte am Tag des Mordes unterwegs war und wie sie die Ermittler angelogen hat.<\/p>\n<p>    Weiteres Brandgutachten angeregt<\/p>\n<p class=\"\">Das Gericht best\u00e4tigte am Donnerstag, dass der Prozess um bis zu sechs Verhandlungstage verl\u00e4ngert werden k\u00f6nnte. Voraussichtlich wird der Vorsitzende Richter an diesem Freitag mitteilen, wann genau welche weiteren Zeugen geh\u00f6rt werden sollen. Unter anderem hatte die Verteidigung angeregt, ein neues Gutachten zu der Frage einzuholen, wie lange der Brand am T\u00fcmpel bei Klein Upahl (Landkreis Rostock) gedauert hat, nachdem der Leichnam von Fabian angez\u00fcndet wurde. Dies sei f\u00fcr die Frage entscheidend, ob die Angeklagte \u00fcberhaupt die T\u00e4terin sein kann. Die Strafkammer muss noch entscheiden, ob sie dieser Anregung folgt.<\/p>\n<p>    An den Tatort zur\u00fcckgekehrt?<\/p>\n<p class=\"\">Der achtj\u00e4hrige Fabian war der Sohn des damaligen Ex-Freundes der Angeklagten, der sich im August 2025 von ihr getrennt hatte. Die Staatsanwaltschaft wirft Gina H. vor, das Kind am 10. Oktober 2025 aus der Wohnung seiner Mutter in G\u00fcstrow gelockt und an jenem T\u00fcmpel bei Klein Upahl erstochen zu haben. Sp\u00e4ter soll sie m\u00f6glicherweise dorthin zur\u00fcckgekehrt sein, um den Leichnam anzuz\u00fcnden. Die Staatsanwaltschaft unterstellt in ihrer Anklage, Gina H. habe geglaubt, Fabian sei bei ihrem Bestreben im Weg gewesen, die Beziehung mit Fabians Vater wieder aufnehmen zu k\u00f6nnen.<\/p>\n<p>        <img decoding=\"async\" src=\"https:\/\/www.europesays.com\/de\/wp-content\/uploads\/2026\/08\/mvfoto-7966.webp\" alt=\"Gina H. sitzt neben ihrem Verteidiger und h\u00e4lt sich einen Aktendeckel vors Gesicht. \" title=\"Gina H. sitzt neben ihrem Verteidiger und h\u00e4lt sich einen Aktendeckel vors Gesicht.  | Andreas Frost, NDR\" class=\"responsive\" loading=\"lazy\"\/><\/p>\n<p>Der Prozess vor dem Rostocker Landgericht zum Tod des kleinen Jungen aus G\u00fcstrow wird m\u00f6glicherweise bis in den Oktober hinein verl\u00e4ngert. <\/p>\n<p>    Fall Fabian &#8211; Alle Podcast-Folgen<\/p>\n<p>        <img decoding=\"async\" src=\"https:\/\/www.europesays.com\/de\/wp-content\/uploads\/2026\/05\/google-392.webp\" alt=\"Ein Mann sitzt mit aufgesetzten Kopfh\u00f6rern vor einem Laptop, der die Website von Google zeigt\" title=\"Ein Mann sitzt mit aufgesetzten Kopfh\u00f6rern vor einem Laptop, der die Website von Google zeigt | Colourbox\" class=\"responsive\" loading=\"lazy\"\/><\/p>\n<p>Sie w\u00fcnschen sich Informationen aus einer seri\u00f6sen Quelle? Dann legen Sie NDR.de bei Google als bevorzugte Nachrichten-Quelle fest.<\/p>\n","protected":false},"excerpt":{"rendered":"AUDIO: Mordprozess Fabian: Weiterer Zeuge aus &#8222;famili\u00e4rem Umfeld&#8220; von Gina H. (1 Min) Stand: 27.08.2026 19:43 Uhr Am&hellip;\n","protected":false},"author":2,"featured_media":1262385,"comment_status":"","ping_status":"","sticky":false,"template":"","format":"standard","meta":{"footnotes":"","_share_on_mastodon":"0"},"categories":[5],"tags":[206364,13,84179,1351,14,15,583,12,10,8,9,11],"class_list":["post-1265430","post","type-post","status-publish","format-standard","has-post-thumbnail","category-nachrichten","tag-fall-fabian","tag-headlines","tag-landkreis-rostock","tag-mecklenburg-vorpommern","tag-nachrichten","tag-news","tag-rostock","tag-schlagzeilen","tag-top-news","tag-top-meldungen","tag-topmeldungen","tag-topnews"],"share_on_mastodon":{"url":"https:\/\/pubeurope.com\/@de\/117171453675042927","error":""},"_links":{"self":[{"href":"https:\/\/www.europesays.com\/de\/wp-json\/wp\/v2\/posts\/1265430","targetHints":{"allow":["GET"]}}],"collection":[{"href":"https:\/\/www.europesays.com\/de\/wp-json\/wp\/v2\/posts"}],"about":[{"href":"https:\/\/www.europesays.com\/de\/wp-json\/wp\/v2\/types\/post"}],"author":[{"embeddable":true,"href":"https:\/\/www.europesays.com\/de\/wp-json\/wp\/v2\/users\/2"}],"replies":[{"embeddable":true,"href":"https:\/\/www.europesays.com\/de\/wp-json\/wp\/v2\/comments?post=1265430"}],"version-history":[{"count":0,"href":"https:\/\/www.europesays.com\/de\/wp-json\/wp\/v2\/posts\/1265430\/revisions"}],"wp:featuredmedia":[{"embeddable":true,"href":"https:\/\/www.europesays.com\/de\/wp-json\/wp\/v2\/media\/1262385"}],"wp:attachment":[{"href":"https:\/\/www.europesays.com\/de\/wp-json\/wp\/v2\/media?parent=1265430"}],"wp:term":[{"taxonomy":"category","embeddable":true,"href":"https:\/\/www.europesays.com\/de\/wp-json\/wp\/v2\/categories?post=1265430"},{"taxonomy":"post_tag","embeddable":true,"href":"https:\/\/www.europesays.com\/de\/wp-json\/wp\/v2\/tags?post=1265430"}],"curies":[{"name":"wp","href":"https:\/\/api.w.org\/{rel}","templated":true}]}}