{"id":1265441,"date":"2026-08-28T05:27:14","date_gmt":"2026-08-28T05:27:14","guid":{"rendered":"https:\/\/www.europesays.com\/de\/1265441\/"},"modified":"2026-08-28T05:27:14","modified_gmt":"2026-08-28T05:27:14","slug":"moenchengladbach-aufnahmen-von-personal-in-kliniken-nehmen-zu","status":"publish","type":"post","link":"https:\/\/www.europesays.com\/de\/1265441\/","title":{"rendered":"M\u00f6nchengladbach: Aufnahmen von Personal in Kliniken nehmen zu"},"content":{"rendered":"<p class=\"text_ohne_einzug richtext text-em-55 !leading-serif mx-6 desktop:mx-0\">Vor wenigen Wochen taucht auf TikTok ein Video auf. Es zeigt eine Patientin in der Notaufnahme der St\u00e4dtischen Kliniken M\u00f6nchengladbach, die sich lautstark am\u00fcsiert. Mit dem R\u00fccken zur Kamera steht ein Arzt, man h\u00f6rt ihn reden. Sein Name oder der des Krankenhauses f\u00e4llt in der Aufnahme nicht. Dennoch identifizieren Nutzerinnen und Nutzer des Sozialen Mediums den Mediziner und die Einrichtung, erw\u00e4hnen das sp\u00e4ter auch in ihren Kommentaren. Als das Elisabeth-Krankenhaus, kurz \u201eEli\u201c, von dem Video erf\u00e4hrt, meldet es den Post. Der wird daraufhin gel\u00f6scht.<\/p>\n","protected":false},"excerpt":{"rendered":"Vor wenigen Wochen taucht auf TikTok ein Video auf. Es zeigt eine Patientin in der Notaufnahme der St\u00e4dtischen&hellip;\n","protected":false},"author":2,"featured_media":1265442,"comment_status":"","ping_status":"","sticky":false,"template":"","format":"standard","meta":{"footnotes":"","_share_on_mastodon":"0"},"categories":[1849],"tags":[216596,3364,29,548,663,3934,30,112880,13,3651,4455,14,15,1209,12],"class_list":["post-1265441","post","type-post","status-publish","format-standard","has-post-thumbnail","category-moenchengladbach","tag-antoinette","tag-de","tag-deutschland","tag-eu","tag-europa","tag-europe","tag-germany","tag-gouan","tag-headlines","tag-marie","tag-moenchengladbach","tag-nachrichten","tag-news","tag-nordrhein-westfalen","tag-schlagzeilen"],"share_on_mastodon":{"url":"https:\/\/pubeurope.com\/@de\/117171483163163357","error":""},"_links":{"self":[{"href":"https:\/\/www.europesays.com\/de\/wp-json\/wp\/v2\/posts\/1265441","targetHints":{"allow":["GET"]}}],"collection":[{"href":"https:\/\/www.europesays.com\/de\/wp-json\/wp\/v2\/posts"}],"about":[{"href":"https:\/\/www.europesays.com\/de\/wp-json\/wp\/v2\/types\/post"}],"author":[{"embeddable":true,"href":"https:\/\/www.europesays.com\/de\/wp-json\/wp\/v2\/users\/2"}],"replies":[{"embeddable":true,"href":"https:\/\/www.europesays.com\/de\/wp-json\/wp\/v2\/comments?post=1265441"}],"version-history":[{"count":0,"href":"https:\/\/www.europesays.com\/de\/wp-json\/wp\/v2\/posts\/1265441\/revisions"}],"wp:featuredmedia":[{"embeddable":true,"href":"https:\/\/www.europesays.com\/de\/wp-json\/wp\/v2\/media\/1265442"}],"wp:attachment":[{"href":"https:\/\/www.europesays.com\/de\/wp-json\/wp\/v2\/media?parent=1265441"}],"wp:term":[{"taxonomy":"category","embeddable":true,"href":"https:\/\/www.europesays.com\/de\/wp-json\/wp\/v2\/categories?post=1265441"},{"taxonomy":"post_tag","embeddable":true,"href":"https:\/\/www.europesays.com\/de\/wp-json\/wp\/v2\/tags?post=1265441"}],"curies":[{"name":"wp","href":"https:\/\/api.w.org\/{rel}","templated":true}]}}