{"id":1265458,"date":"2026-08-28T05:36:23","date_gmt":"2026-08-28T05:36:23","guid":{"rendered":"https:\/\/www.europesays.com\/de\/1265458\/"},"modified":"2026-08-28T05:36:23","modified_gmt":"2026-08-28T05:36:23","slug":"herford-erstklaessler-werden-spielerisch-auf-schulstart-vorbereitet","status":"publish","type":"post","link":"https:\/\/www.europesays.com\/de\/1265458\/","title":{"rendered":"Herford: Erstkl\u00e4ssler werden spielerisch auf Schulstart vorbereitet"},"content":{"rendered":"<p>Herford bereitet sich auf den Schulstart in der kommenden Woche vor. Wie jedes Jahr wird das meiste f\u00fcr die Erstkl\u00e4ssler gemacht. Bevor sie zum ersten Mal Unterricht haben, k\u00f6nnen sie wieder bei der Schult\u00fctenrallye mitmachen.\u00a0<\/p>\n<p>Schult\u00fctenrallye und Mutmach-Konzert<\/p>\n<p>Von Freitag bis Dienstag haben die Schulanf\u00e4nger wieder die M\u00f6glichkeit, die Stadt zu erkunden und sich an 24 Anlaufpunkten kleine \u00dcberraschungen abzuholen. F\u00fcr jedes Kind gibt es eine Schult\u00fcte und eine Stempelkarte, die es in den Gesch\u00e4ften einl\u00f6sen kann.\u00a0<\/p>\n<p>Geplant sind au\u00dferdem ein Mutmach-Konzert auf dem Alten Markt und eine Polizeiaktion zum Thema Schulweg.\u00a0<\/p>\n","protected":false},"excerpt":{"rendered":"Herford bereitet sich auf den Schulstart in der kommenden Woche vor. Wie jedes Jahr wird das meiste f\u00fcr&hellip;\n","protected":false},"author":2,"featured_media":1265459,"comment_status":"","ping_status":"","sticky":false,"template":"","format":"standard","meta":{"footnotes":"","_share_on_mastodon":"0"},"categories":[1841],"tags":[1605,3364,29,101152,30,16398,1209,259540],"class_list":["post-1265458","post","type-post","status-publish","format-standard","has-post-thumbnail","category-bielefeld","tag-bielefeld","tag-de","tag-deutschland","tag-erstklaessler","tag-germany","tag-herford","tag-nordrhein-westfalen","tag-schultuetenrallye"],"share_on_mastodon":{"url":"https:\/\/pubeurope.com\/@de\/117171518837274314","error":""},"_links":{"self":[{"href":"https:\/\/www.europesays.com\/de\/wp-json\/wp\/v2\/posts\/1265458","targetHints":{"allow":["GET"]}}],"collection":[{"href":"https:\/\/www.europesays.com\/de\/wp-json\/wp\/v2\/posts"}],"about":[{"href":"https:\/\/www.europesays.com\/de\/wp-json\/wp\/v2\/types\/post"}],"author":[{"embeddable":true,"href":"https:\/\/www.europesays.com\/de\/wp-json\/wp\/v2\/users\/2"}],"replies":[{"embeddable":true,"href":"https:\/\/www.europesays.com\/de\/wp-json\/wp\/v2\/comments?post=1265458"}],"version-history":[{"count":0,"href":"https:\/\/www.europesays.com\/de\/wp-json\/wp\/v2\/posts\/1265458\/revisions"}],"wp:featuredmedia":[{"embeddable":true,"href":"https:\/\/www.europesays.com\/de\/wp-json\/wp\/v2\/media\/1265459"}],"wp:attachment":[{"href":"https:\/\/www.europesays.com\/de\/wp-json\/wp\/v2\/media?parent=1265458"}],"wp:term":[{"taxonomy":"category","embeddable":true,"href":"https:\/\/www.europesays.com\/de\/wp-json\/wp\/v2\/categories?post=1265458"},{"taxonomy":"post_tag","embeddable":true,"href":"https:\/\/www.europesays.com\/de\/wp-json\/wp\/v2\/tags?post=1265458"}],"curies":[{"name":"wp","href":"https:\/\/api.w.org\/{rel}","templated":true}]}}