{"id":1265471,"date":"2026-08-28T05:43:19","date_gmt":"2026-08-28T05:43:19","guid":{"rendered":"https:\/\/www.europesays.com\/de\/1265471\/"},"modified":"2026-08-28T05:43:19","modified_gmt":"2026-08-28T05:43:19","slug":"moskau-droht-mit-angriffen-auf-britische-militaerziele-in-der-ukraine","status":"publish","type":"post","link":"https:\/\/www.europesays.com\/de\/1265471\/","title":{"rendered":"Moskau droht mit Angriffen auf britische Milit\u00e4rziele in der Ukraine"},"content":{"rendered":"<p><strong>Rzeczpospolita: <\/strong><strong>Warnmeldungen sind wie f\u00fcr Idioten formuliert<br \/><\/strong>Im Gespr\u00e4ch mit der \u201eRzeczpospolita\u201c kritisiert der General und Kommentator Roman Polko das polnische Warnsystem nach dem Vorfall mit einem russischen Marschflugk\u00f6rper, der vor wenigen Tagen im Osten Polens eingeschlagen war, aufs sch\u00e4rfste.<\/p>\n<p data-start=\"255\" data-end=\"931\">Im Interview erkl\u00e4rt der fr\u00fchere <a href=\"https:\/\/www.polskieradio.pl\/400\/7986\/Artykul\/3705943,streit-mit-kiew-exgromkommandeur-warnt-vor-diplomatischem-versagen\" rel=\"nofollow noopener\" target=\"_blank\">GROM-Kommandeur<\/a>, dass polnische Kampfflugzeuge gestartet seien, als russische Raketen und Drohnen Kurs auf die polnische Grenze nahmen. Die Bewohner der Grenzregionen h\u00e4tten jedoch zuvor keine Warnung erhalten. \u201eMan h\u00e4tte die Menschen informieren k\u00f6nnen, dass eine solche Gefahr besteht. Stattdessen wurde der Alarm erst f\u00fcnf Minuten danach ausgel\u00f6st, als eine der Raketen bereits auf polnischem Gebiet eingeschlagen war und keine Gefahr mehr darstellte\u201c, sagt Polko. Ein Alarm sollte so fr\u00fch ausgel\u00f6st werden, dass die Menschen noch reagieren k\u00f6nnen und w\u00fcssten, wie viel Zeit ihnen bleibe, f\u00fcgt er hinzu.<\/p>\n<blockquote class=\"twitter-tweet\"><p>&#13;<\/p>\n<p lang=\"pl\" dir=\"ltr\">\ud83d\udd34Gen. <a href=\"https:\/\/x.com\/PolkoRoman?ref_src=twsrc%5Etfw\" rel=\"nofollow\">@PolkoRoman<\/a>: Alerty RCB s\u0105 pisane jak dla idiot\u00f3w. Powinni\u015bmy mie\u0107 system jak Ukraina<a href=\"https:\/\/x.com\/hashtag\/PlusMinus?src=hash&amp;ref_src=twsrc%5Etfw\" rel=\"nofollow\">#PlusMinus<\/a><a href=\"https:\/\/t.co\/eTAEBV69YG\" rel=\"nofollow\">https:\/\/t.co\/eTAEBV69YG<\/a><\/p>\n<p>&#13;<br \/>\n\u2014 Rzeczpospolita (@rzeczpospolita) <a href=\"https:\/\/x.com\/rzeczpospolita\/status\/2085399900863304097?ref_src=twsrc%5Etfw\" rel=\"nofollow\">August 6, 2026<\/a><\/p><\/blockquote>\n<p data-start=\"933\" data-end=\"1288\" data-is-last-node=\"\" data-is-only-node=\"\">Der General kritisiert auch den Inhalt der Warnmeldungen. Selbst die SMS, die vorbereitet, aber letztlich nicht verschickt wurde, habe nur allgemeine Formulierungen enthalten: \u201eLuftgefahr. Beachten Sie weitere Mitteilungen und folgen Sie den Anweisungen der \u00f6rtlichen Beh\u00f6rden.&#8220; So was vermittele keinerlei konkrete Informationen, lesen wir. Wie Polko betont, sollten die Bewohner der\u00a0<a href=\"https:\/\/www.polskieradio.pl\/400\/7764\/Artykul\/3709240,schutzschild-ost-polen-vervierfacht-budget-auf-40-milliarden-zloty\" rel=\"nofollow noopener\" target=\"_blank\">Grenzregionen<\/a> konkrete Warnungen erhalten. \u201eIch w\u00fcrde erwarten, dass gef\u00e4hrdete B\u00fcrger eine Mitteilung erhalten, wie sie der ukrainische Pr\u00e4sident Wolodymyr Selenskyj am Abend vor dem Raketenangriff ver\u00f6ffentlicht hat: \u201aRussland bereitet einen Angriff vor. F\u00fcr die Westukraine besteht eine ernste Bedrohung.\u2018\u201c, zitiert der hochrangige Offizier die ukrainischen Warnmeldungen.<\/p>\n<p>Seiner Ansicht nach sollte Polen von den ukrainischen Erfahrungen lernen, um sein Warnsystem m\u00f6glichst wirksam zu gestalten. \u201eWir leben im 21. Jahrhundert, verf\u00fcgen \u00fcber k\u00fcnstliche Intelligenz und k\u00f6nnen zahlreiche Warnmeldungen vorbereiten, die je nach Region gezielt an die Menschen verschickt werden\u201c, hei\u00dft es im Blatt. \u201eIn der Ukraine l\u00e4sst sich auf Karten verfolgen, aus welcher Richtung die Angriffswaffen kommen. Man kann erkennen, ob es sich um Drohnen handelt, die ihr Ziel erst in zwei oder drei Stunden erreichen, oder um ballistische Raketen beziehungsweise <a href=\"https:\/\/www.polskieradio.pl\/400\/7764\/Artykul\/3714301,tusk-keine-hinweise-auf-gezielten-angriff-auf-polen\" rel=\"nofollow noopener\" target=\"_blank\">Marschflugk\u00f6rper<\/a>, die mit einer Geschwindigkeit von 900 Kilometern pro Stunde fliegen\u201c, f\u00fcgt Polko hinzu. Und genau deshalb glaubt er, dass das Regierungszentrum f\u00fcr Sicherheit den j\u00fcngsten Vorfall nicht zufriedenstellend bew\u00e4ltigt habe, lesen wir am Schluss im Tagesblatt.<\/p>\n<p><strong>Wprost: China erh\u00f6ht den Druck f\u00fcr ein Ende des Krieges<\/strong> <br \/>China dr\u00e4nge zunehmend auf ein Ende des Krieges zwischen Russland und der Ukraine. Jakub Mielnik schreibt im Wochenmagazins Wprost, dass Peking dabei auch befreundete Staaten Russlands als Vermittler einsetze. Demnach soll der kasachische Pr\u00e4sident Kassym-Schomart Tokajew Russlands Diktator Wladimir Putin vor kurzem zu einem Ende des Krieges gegen die Ukraine gedr\u00e4ngt haben. Er habe sich dabei auf \u201ehoch angesehene Pers\u00f6nlichkeiten\u201c berufen, die ebenfalls f\u00fcr ein Kriegsende seien. Nach Einsch\u00e4tzung des Autors ging es Tokajew damit vor allem um Chinas Staats- und Parteichef <a href=\"https:\/\/www.polskieradio.pl\/400\/7764\/Artykul\/3689014,putin-wirbt-in-peking-um-engere-wirtschaftskooperation\" rel=\"nofollow noopener\" target=\"_blank\">Xi Jinping<\/a>. Der flie\u00dfend Chinesisch sprechende kasachische Pr\u00e4sident habe Xi zudem eine Woche vor seinem Gespr\u00e4ch mit Putin getroffen.<\/p>\n<p>Wie wir lesen, signalisiere Peking nicht zum ersten Mal Unzufriedenheit \u00fcber den Verlauf des Stellvertreterkriegs gegen den Westen, den Russland in der Ukraine f\u00fchre. China unterst\u00fctze Putin zwar weiterhin, vermeide jedoch, die politischen Kosten einer m\u00f6glichen russischen Niederlage mitzutragen. Ein Scheitern Moskaus w\u00fcrde nach Ansicht des Autors auch die internationale Position Pekings belasten. Anzeichen daf\u00fcr, dass Putin die Kontrolle \u00fcber den Krieg verliere, seien nicht nur in China, sondern auch in den USA zu erkennen, hei\u00dft es weiter. Die US-Regierung scheine zunehmend einzusehen, dass ihre Hoffnungen auf einen Neustart der Beziehungen zu Russland \u2013 auf Kosten der Ukraine \u2013 kaum Aussicht auf Erfolg h\u00e4tten. Der in Washington lange k\u00fchl behandelte ukrainische Pr\u00e4sident sei zuletzt von\u00a0<a href=\"https:\/\/www.polskieradio.pl\/400\/7764\/Artykul\/3713762,trump-trifft-selenskyj-und-netanjahu-%E2%80%93-gespr%C3%A4che-hinter-verschlossenen-t%C3%BCren\" rel=\"nofollow noopener\" target=\"_blank\">US-Pr\u00e4sident Donald Trump<\/a> ungew\u00f6hnlich herzlich empfangen worden. Wolodymyr Selenskyj kehrte mit Zusagen \u00fcber eine deutliche St\u00e4rkung der ukrainischen Luftverteidigung sowie mit lobenden Worten Trumps aus Washington zur\u00fcck. Noch vor wenigen Monaten hatte Trump ihn im Oval Office scharf kritisiert.<\/p>\n<blockquote class=\"twitter-tweet\"><p>&#13;<\/p>\n<p lang=\"pl\" dir=\"ltr\">Putin traci kontrol\u0119. Chi\u0144czycy zaczynaj\u0105 naciska\u0107 na zako\u0144czenie wojny <a href=\"https:\/\/t.co\/vs3WU0DujX\" rel=\"nofollow\">https:\/\/t.co\/vs3WU0DujX<\/a><\/p>\n<p>&#13;<br \/>\n\u2014 WPROST.pl (@TygodnikWPROST) <a href=\"https:\/\/x.com\/TygodnikWPROST\/status\/2083802091651293229?ref_src=twsrc%5Etfw\" rel=\"nofollow\">August 2, 2026<\/a><\/p><\/blockquote>\n<p>F\u00fchrende Vertreter der US-Regierung w\u00fcrden sich inzwischen mit Erkl\u00e4rungen \u00fcberbieten, wonach der Einsatz der Ukraine im Krieg gegen Russland in den Vereinigten Staaten lange untersch\u00e4tzt worden sei. So sehe die Lage unter anderen einer der einflussreichsten Strategen im Pentagon und ein ma\u00dfgeblicher Architekt der US-Sicherheitspolitik, Elbridge Colby. Zuvor habe er noch mit Entscheidungen wie der Aussetzung von Geheimdienstinformationen und der Lieferung wichtiger\u00a0<a href=\"https:\/\/www.polskieradio.pl\/400\/7764\/Artykul\/3647285,die-welt%E2%80%9C-polen-braucht-keine-r%C3%BCstungsgeschenke-aus-deutschland\" rel=\"nofollow noopener\" target=\"_blank\">Waffensysteme<\/a> an die Ukraine f\u00fcr Aufsehen gesorgt. Heute habe sich seine Haltung zum Krieg gegen Russland inzwischen deutlich ge\u00e4ndert. Wie Mielnik abschlie\u00dfend schreibt, h\u00e4tten Trump und sein Umfeld nach mehr als einem Jahr erfolgloser Versuche, Putin entgegenzukommen, offenbar erkannt, dass ein m\u00f6glicher Neustart der Beziehungen zu Russland den Vereinigten Staaten mehr schade als nutze.<\/p>\n<p><strong>niezale\u017cna: <strong>Wir werden Polen verlieren<br \/><\/strong><\/strong>Vielen W\u00e4hlern des rechten Lagers schwinde zunehmend die Motivation. Selbst die engagiertesten Anh\u00e4nger w\u00fcrden sich inzwischen von den Politikern abwenden, die sie noch vor Kurzem unterst\u00fctzt haben, schreibt Jacek Liziniewicz f\u00fcr das konservative und oppositionsnahe Portal niezale\u017cna. Der Autor erinnert an den Pr\u00e4sidentschaftswahlkampf. Damals habe der heutige Kandidat der von der\u00a0<a href=\"https:\/\/www.polskieradio.pl\/400\/7986\/Artykul\/3712347,mental-hat-die-pis-bereits-verloren\" rel=\"nofollow noopener\" target=\"_blank\">Recht und Gerechtigkeit (PiS)<\/a> angef\u00fchrten Opposition f\u00fcr das Amt des Ministerpr\u00e4sidenten, Przemys\u0142aw Czarnek, einem W\u00e4hler entgegnet, er tue niemandem einen Gefallen, wenn er sich zu Hause \u00fcber Polen streite. Wer aus Entt\u00e4uschung \u00fcber Andrzej Duda, Karol Nawrocki oder irgendeinen \u201efetten Kater\u201c aufh\u00f6re, sich einzusetzen, werde Polen verlieren.<\/p>\n<p>Nach der Spaltung der PiS w\u00fcrden diese Worte jedoch wie ein bitterer Scherz wirken, lesen wir. Die Politiker des rechten Lagers w\u00fcrden zeigen, dass sie selbst nicht dem Weg folgen, den sie ihren Anh\u00e4ngern empfohlen h\u00e4tten. Zwar w\u00fcrden sie weiterhin viel \u00fcber Polen und die Gef\u00e4hrdung der Souver\u00e4nit\u00e4t sprechen. Am Ende w\u00fcrden sie sich doch \u00fcber Posten und pers\u00f6nliche Einfl\u00fcsse zerstreiten. Denn worum geht es bei dem\u00a0<a href=\"https:\/\/www.polskieradio.pl\/400\/7764\/Artykul\/3710829,morawiecki-ruft-rechte-kr%C3%A4fte-zur-geschlossenheit-auf\" rel=\"nofollow noopener\" target=\"_blank\">Konflikt innerhalb der PiS?<\/a> Sicher nicht um grundlegende politische \u00dcberzeugungen, unterschiedliche Vorstellungen von der Rolle Polens oder einen Streit \u00fcber Werte. Vielmehr handle es sich um einen Machtkampf um \u00c4mter \u2013 sowohl um k\u00fcnftige als auch um derzeitige \u2013 sowie um den Ausbruch pers\u00f6nlicher Feindschaften.<\/p>\n<p>Hinzu komme, dass der Konflikt ausgerechnet in einer Phase eskaliere, in der Donald Tusk eine seiner schwersten Imagekrisen seit 2023 erlebe, hei\u00dft es weiter. Lizinkiewicz glaube daher, vielen W\u00e4hlern des rechten Lagers schwinde inzwischen die Motivation. Selbst die engagiertesten Anh\u00e4nger w\u00fcrden sich von den Politikern abwenden, die sie noch vor Kurzem unterst\u00fctzt haben. Angesichts der gegenseitigen Angriffe verlieren sie den Glauben an das politische Narrativ. Offenbar sei die Bedrohung f\u00fcr Polen nicht so gro\u00df, wenn sich ihre Partei vor allem\u00a0<a href=\"https:\/\/www.polskieradio.pl\/400\/7986\/Artykul\/3713122,machtkampf-um-die-zukunft-der-rechten-nach-den-wahlen\" rel=\"nofollow noopener\" target=\"_blank\">mit sich selbst<\/a> besch\u00e4ftige. Ein solches Denken f\u00fchre in die Irre und ende mit einer Niederlage. Und dabei gehees nicht nur darum, dass Politiker verlieren. Polen werde verlieren, lautet Nizinkiewiczs Fazit auf niezale\u017cna.<\/p>\n<p>Autor: Piotr Siemi\u0144ski<\/p>\n","protected":false},"excerpt":{"rendered":"Rzeczpospolita: Warnmeldungen sind wie f\u00fcr Idioten formuliertIm Gespr\u00e4ch mit der \u201eRzeczpospolita\u201c kritisiert der General und Kommentator Roman Polko&hellip;\n","protected":false},"author":2,"featured_media":1265472,"comment_status":"","ping_status":"","sticky":false,"template":"","format":"standard","meta":{"footnotes":"","_share_on_mastodon":"0"},"categories":[4012],"tags":[331,332,13,14,15,12,317],"class_list":["post-1265471","post","type-post","status-publish","format-standard","has-post-thumbnail","category-ukraine","tag-aktuelle-nachrichten","tag-aktuelle-news","tag-headlines","tag-nachrichten","tag-news","tag-schlagzeilen","tag-ukraine"],"share_on_mastodon":{"url":"https:\/\/pubeurope.com\/@de\/117171546791296552","error":""},"_links":{"self":[{"href":"https:\/\/www.europesays.com\/de\/wp-json\/wp\/v2\/posts\/1265471","targetHints":{"allow":["GET"]}}],"collection":[{"href":"https:\/\/www.europesays.com\/de\/wp-json\/wp\/v2\/posts"}],"about":[{"href":"https:\/\/www.europesays.com\/de\/wp-json\/wp\/v2\/types\/post"}],"author":[{"embeddable":true,"href":"https:\/\/www.europesays.com\/de\/wp-json\/wp\/v2\/users\/2"}],"replies":[{"embeddable":true,"href":"https:\/\/www.europesays.com\/de\/wp-json\/wp\/v2\/comments?post=1265471"}],"version-history":[{"count":0,"href":"https:\/\/www.europesays.com\/de\/wp-json\/wp\/v2\/posts\/1265471\/revisions"}],"wp:featuredmedia":[{"embeddable":true,"href":"https:\/\/www.europesays.com\/de\/wp-json\/wp\/v2\/media\/1265472"}],"wp:attachment":[{"href":"https:\/\/www.europesays.com\/de\/wp-json\/wp\/v2\/media?parent=1265471"}],"wp:term":[{"taxonomy":"category","embeddable":true,"href":"https:\/\/www.europesays.com\/de\/wp-json\/wp\/v2\/categories?post=1265471"},{"taxonomy":"post_tag","embeddable":true,"href":"https:\/\/www.europesays.com\/de\/wp-json\/wp\/v2\/tags?post=1265471"}],"curies":[{"name":"wp","href":"https:\/\/api.w.org\/{rel}","templated":true}]}}