{"id":1265528,"date":"2026-08-28T06:20:23","date_gmt":"2026-08-28T06:20:23","guid":{"rendered":"https:\/\/www.europesays.com\/de\/1265528\/"},"modified":"2026-08-28T06:20:23","modified_gmt":"2026-08-28T06:20:23","slug":"museumsuferfest-2026-alle-infos-zu-programm-eintritt-und-anreise","status":"publish","type":"post","link":"https:\/\/www.europesays.com\/de\/1265528\/","title":{"rendered":"Museumsuferfest 2026: Alle Infos zu Programm, Eintritt und Anreise"},"content":{"rendered":"<p>Kultur, Musik und Feuerwerk <\/p>\n<p>Museumsuferfest 2026 in Frankfurt: Die wichtigsten Infos<\/p>\n<p>Aktualisiert am 28.08.2026 &#8211; 08:10 UhrLesedauer: 2 Min.<\/p>\n<p><a href=\"#focus-0\" class=\"transition-colors block text-current relative\" data-sctrack=\"FocusGalleryImage.Reference\"><img fetchpriority=\"high\" data-testid=\"Opener.Image\"   loading=\"eager\" src=\"https:\/\/www.europesays.com\/de\/wp-content\/uploads\/2026\/08\/museumsuferfest-mainufer-menschenmenge-frankfurt-am-main-hessen-deutschland-museumsuferfest-mainufer.jpeg\" alt=\"imago images 0774812883\" title=\"imago images 0774812883\" width=\"4000\" height=\"2250\" class=\"bg-[url:var(--lqipURL)] bg-cover bg-center flex h-full w-full max-w-full\" style=\"--lqipURL:url('https:\/\/images.t-online.de\/2025\/08\/GX4tPJ0KiFvr\/0x209:4000x2250\/fit-in\/150x0\/filters:blur(25)\/museumsuferfest-mainufer-menschenmenge-frankfurt-am-main-hessen-deutschland-museumsuferfest-mainufer-menschenmenge-skyline-bankenviertel-frankfurt-am-main-hessen-deutschland-museumsuferfest-mainufer-crowd-frankfurt-am-main-hesse-germany-museumsuferfest-mainufer-crowd-skyline-banking-district-frankfurt-am-main-hesse-germany.jpg')\" decoding=\"async\"\/><img loading=\"lazy\" src=\"https:\/\/frankfurt.t-online.de\/s\/paper\/_next\/static\/media\/zoom-in.f7dae02f.svg\" alt=\"Vergr\u00f6\u00dfern des Bildes\" title=\"Vergr\u00f6\u00dfern des Bildes\" class=\"block h-[calc(var(--height)_\/_16_*_1rem)] w-[calc(var(--width)_\/_16_*_1rem)] max-w-none absolute right-8 bottom-8 rounded-4 bg-snow p-8\" style=\"--width:32;--height:32\" decoding=\"async\"\/><\/a><\/p>\n<p>Menschenmenge am Mainufer beim Museumsuferfest (Archivbild): Das beliebte Festival steht wieder an. (Quelle: IMAGO\/J\u00fcrgen Held\/imago)<\/p>\n<p><img loading=\"lazy\" src=\"https:\/\/frankfurt.t-online.de\/s\/paper\/_next\/static\/media\/audio-volume.6689034c.svg\" alt=\"\" title=\"\" class=\"block h-[calc(var(--height)_\/_16_*_1rem)] w-[calc(var(--width)_\/_16_*_1rem)] max-w-none group-hover:brightness-0 group-hover:invert\" style=\"--width:16;--height:16\" decoding=\"async\"\/>Vorlesen<\/p>\n<p>Aktuelle Zeit:0:00Gesamtdauer:0:00<\/p>\n<p>1x<img loading=\"lazy\" src=\"https:\/\/frankfurt.t-online.de\/s\/paper\/_next\/static\/media\/font-sizes.32942e33.svg\" alt=\"\" title=\"\" class=\"block h-[calc(var(--height)_\/_16_*_1rem)] w-[calc(var(--width)_\/_16_*_1rem)] max-w-none group-hover:hidden group-aria-expanded:hidden\" style=\"--width:16;--height:16\" decoding=\"async\"\/><img loading=\"lazy\" src=\"https:\/\/frankfurt.t-online.de\/s\/paper\/_next\/static\/media\/font-sizes-dark-mode.e382645c.svg\" alt=\"\" title=\"\" class=\"block h-[calc(var(--height)_\/_16_*_1rem)] w-[calc(var(--width)_\/_16_*_1rem)] max-w-none hidden group-hover:block group-aria-expanded:block\" style=\"--width:16;--height:16\" decoding=\"async\"\/><img loading=\"lazy\" src=\"https:\/\/frankfurt.t-online.de\/s\/paper\/_next\/static\/media\/sharing-menu-icon.1eb71368.svg\" alt=\"\" title=\"\" class=\"block h-[calc(var(--height)_\/_16_*_1rem)] w-[calc(var(--width)_\/_16_*_1rem)] max-w-none group-hover:brightness-0 group-hover:invert\" style=\"--width:16;--height:16\" decoding=\"async\"\/>Artikel teilen<\/p>\n<p class=\"font-bold text-18 leading-17 user-text-lg:text-22 user-text-xl:text-24\">Von Freitag bis Sonntag steigt wieder das Frankfurter Museumsuferfest. Was Besucher zu \u00d6ffnungszeiten, Programm, Eintritt, Anreise und Sicherheit wissen m\u00fcssen.<\/p>\n<p class=\"text-18 leading-17 user-text-lg:text-22 user-text-xl:text-24\">Es geht wieder los: Von Freitag bis Sonntag (28. bis 30. August) wird rund um das Frankfurter Museumsufer gefeiert. Mehr als 500 Veranstaltungen, 28 Museen und Kunstinstitutionen, zw\u00f6lf B\u00fchnen und rund 400 St\u00e4nde sind angek\u00fcndigt. Etwa eine Million Besucher werden erwartet.<\/p>\n<p>Wann ist das Museumsuferfest ge\u00f6ffnet?<\/p>\n<p class=\"text-18 leading-17 user-text-lg:text-22 user-text-xl:text-24\">Das Festgel\u00e4nde erstreckt sich auf beiden Mainseiten zwischen Eisernem Steg und Friedensbr\u00fccke. Ge\u00f6ffnet ist am Freitag von 15 bis 1 Uhr, am Samstag von 11 bis 1 Uhr und am Sonntag von 11 bis 24 Uhr.<\/p>\n<p class=\"text-18 leading-17 user-text-lg:text-22 user-text-xl:text-24\">Offiziell er\u00f6ffnet wird das Fest am Freitag um 18 Uhr durch Oberb\u00fcrgermeister Mike Josef (SPD) auf der Adler-B\u00fchne an der Untermainbr\u00fccke.<\/p>\n<p>Was kostet der Eintritt?<\/p>\n<p class=\"text-18 leading-17 user-text-lg:text-22 user-text-xl:text-24\">Der Besuch des Festgel\u00e4ndes ist kostenlos. Wer die teilnehmenden Museen besuchen m\u00f6chte, braucht den Museumsuferfest-Button. Er kostet <strong class=\"font-bold\">sieben Euro<\/strong> und gilt f\u00fcr das gesamte Wochenende.<\/p>\n<p>Was gibt es zu sehen und zu h\u00f6ren?<\/p>\n<p class=\"text-18 leading-17 user-text-lg:text-22 user-text-xl:text-24\">Neben F\u00fchrungen, Workshops und Lesungen in den Museen gibt es entlang des Mains zahlreiche Konzerte und Kulturangebote. Auf zw\u00f6lf B\u00fchnen treten regionale und internationale K\u00fcnstler auf.<\/p>\n<p class=\"text-18 leading-17 user-text-lg:text-22 user-text-xl:text-24\">Eine detaillierte \u00dcbersicht zum Programm gibt es auf der <a href=\"https:\/\/www.museumsuferfest.de\/\" target=\"_blank\" rel=\"nofollow noopener\" class=\"transition-colors cursor-pointer no-underline md:hover:text-magenta md:focus:text-magenta border-b border-solid border-current text-salemsfur md:hover:border-magenta\" data-tracking=\"{&quot;action&quot;:&quot;click&quot;,&quot;category&quot;:&quot;intextLink&quot;,&quot;label&quot;:&quot;https:\/\/www.museumsuferfest.de\/&quot;}\" data-sctrack=\"BodyAnchor\">Website des Museumsuferfests<\/a>.<\/p>\n<p><a href=\"#focus-1\" class=\"transition-colors block text-current relative\" data-sctrack=\"FocusGalleryImage.Reference\"><img   loading=\"lazy\" src=\"https:\/\/www.europesays.com\/de\/wp-content\/uploads\/2025\/08\/museumsuferfest-archivfoto-am-ende-des-fests-wird-es-ein-grosses-feuerwerk-geben.jpg\" alt=\"imago images 0757064614\" title=\"imago images 0757064614\" width=\"4000\" height=\"2250\" class=\"h-full w-full max-w-full rounded-8\" decoding=\"async\"\/><img loading=\"lazy\" src=\"https:\/\/frankfurt.t-online.de\/s\/paper\/_next\/static\/media\/zoom-in.f7dae02f.svg\" alt=\"Vergr\u00f6\u00dfern des Bildes\" title=\"Vergr\u00f6\u00dfern des Bildes\" class=\"block h-[calc(var(--height)_\/_16_*_1rem)] w-[calc(var(--width)_\/_16_*_1rem)] max-w-none absolute right-8 bottom-8 rounded-4 bg-snow p-8\" style=\"--width:32;--height:32\" decoding=\"async\"\/>Museumsuferfest (Archivfoto): Am Ende des Fests wird es ein gro\u00dfes Feuerwerk geben. (Quelle: IMAGO\/Peter Henrich (HEN-FOTO))<\/a><\/p>\n<p class=\"text-18 leading-17 user-text-lg:text-22 user-text-xl:text-24\">Ein Schwerpunkt liegt in diesem Jahr auf Frankfurter Musikgeschichte. Die Batschkapp feiert ihren 50. Geburtstag mit einer eigenen B\u00fchne. Auch die Drachenbootrennen zwischen Holbeinsteg und Untermainbr\u00fccke geh\u00f6ren am Samstag und Sonntag wieder zum Programm.<\/p>\n<p class=\"text-18 leading-17 user-text-lg:text-22 user-text-xl:text-24\">Dazu kommen Kunsthandwerk, die Kunstwiese am Sachsenh\u00e4user Ufer sowie zahlreiche Essens- und Getr\u00e4nkest\u00e4nde mit Frankfurter und internationaler K\u00fcche.<\/p>\n<p>Wann ist das Feuerwerk?<\/p>\n<p class=\"text-18 leading-17 user-text-lg:text-22 user-text-xl:text-24\">Das traditionelle Musikfeuerwerk beginnt am Sonntag um 22 Uhr und bildet den Abschluss des Festes. Die Show soll rund 22 Minuten dauern.<\/p>\n<p class=\"text-18 leading-17 user-text-lg:text-22 user-text-xl:text-24\">Die sechs Musikst\u00fccke stehen diesmal ganz im Zeichen Frankfurts: Sie wurden in der Stadt geschrieben, produziert oder uraufgef\u00fchrt beziehungsweise stammen von Frankfurter K\u00fcnstlern.<\/p>\n<p>Wie komme ich am besten hin?<\/p>\n<p class=\"text-18 leading-17 user-text-lg:text-22 user-text-xl:text-24\">RMV und traffiQ raten zur Anreise mit Bus und Bahn. Rund um das Festgel\u00e4nde wird es wegen Sperrungen und Sicherheitsma\u00dfnahmen Einschr\u00e4nkungen f\u00fcr Autofahrer geben.<\/p>\n<p class=\"text-18 leading-17 user-text-lg:text-22 user-text-xl:text-24\">Gut erreichbar ist das Fest unter anderem \u00fcber Hauptwache, Konstablerwache, Willy-Brandt-Platz, Dom\/R\u00f6mer, Schweizer Platz sowie mehrere Stra\u00dfenbahnhaltestellen am Main.<\/p>\n<p class=\"text-18 leading-17 user-text-lg:text-22 user-text-xl:text-24\">Freitag- und Samstagnacht fahren viele U- und Stra\u00dfenbahnlinien h\u00e4ufiger und mit mehr Platz. Die U-Bahnlinien U4, U5, U7 und U8 sowie die Stra\u00dfenbahnlinien 11, 12, 16 und 18 verkehren die ganze Nacht. Auch die S-Bahnen fahren durchgehend, allerdings gibt es auf Teilen der Linien S1, S8 und S9 Ersatzverkehr wegen Bauarbeiten.<\/p>\n","protected":false},"excerpt":{"rendered":"Kultur, Musik und Feuerwerk Museumsuferfest 2026 in Frankfurt: Die wichtigsten Infos Aktualisiert am 28.08.2026 &#8211; 08:10 UhrLesedauer: 2&hellip;\n","protected":false},"author":2,"featured_media":363109,"comment_status":"","ping_status":"","sticky":false,"template":"","format":"standard","meta":{"footnotes":"","_share_on_mastodon":"0"},"categories":[1829],"tags":[722,29,5561,4851,2050,2051,30,2052,14657,34208,33800,19499,99753,4116,184,82248],"class_list":["post-1265528","post","type-post","status-publish","format-standard","has-post-thumbnail","category-frankfurt-am-main","tag-722","tag-deutschland","tag-festival","tag-feuerwerk","tag-frankfurt","tag-frankfurt-am-main","tag-germany","tag-hessen","tag-main","tag-mainufer","tag-menschenmenge","tag-mike-josef","tag-museumsuferfest","tag-oeffnungszeit","tag-spd","tag-untermainbruecke"],"share_on_mastodon":{"url":"https:\/\/pubeurope.com\/@de\/117171694494417990","error":""},"_links":{"self":[{"href":"https:\/\/www.europesays.com\/de\/wp-json\/wp\/v2\/posts\/1265528","targetHints":{"allow":["GET"]}}],"collection":[{"href":"https:\/\/www.europesays.com\/de\/wp-json\/wp\/v2\/posts"}],"about":[{"href":"https:\/\/www.europesays.com\/de\/wp-json\/wp\/v2\/types\/post"}],"author":[{"embeddable":true,"href":"https:\/\/www.europesays.com\/de\/wp-json\/wp\/v2\/users\/2"}],"replies":[{"embeddable":true,"href":"https:\/\/www.europesays.com\/de\/wp-json\/wp\/v2\/comments?post=1265528"}],"version-history":[{"count":0,"href":"https:\/\/www.europesays.com\/de\/wp-json\/wp\/v2\/posts\/1265528\/revisions"}],"wp:featuredmedia":[{"embeddable":true,"href":"https:\/\/www.europesays.com\/de\/wp-json\/wp\/v2\/media\/363109"}],"wp:attachment":[{"href":"https:\/\/www.europesays.com\/de\/wp-json\/wp\/v2\/media?parent=1265528"}],"wp:term":[{"taxonomy":"category","embeddable":true,"href":"https:\/\/www.europesays.com\/de\/wp-json\/wp\/v2\/categories?post=1265528"},{"taxonomy":"post_tag","embeddable":true,"href":"https:\/\/www.europesays.com\/de\/wp-json\/wp\/v2\/tags?post=1265528"}],"curies":[{"name":"wp","href":"https:\/\/api.w.org\/{rel}","templated":true}]}}