{"id":1265531,"date":"2026-08-28T06:22:27","date_gmt":"2026-08-28T06:22:27","guid":{"rendered":"https:\/\/www.europesays.com\/de\/1265531\/"},"modified":"2026-08-28T06:22:27","modified_gmt":"2026-08-28T06:22:27","slug":"bundesliga-thesen-demichelis-fliegt-vor-weihnachten-1-fc-koeln-steigt-mit-el-mala-ab","status":"publish","type":"post","link":"https:\/\/www.europesays.com\/de\/1265531\/","title":{"rendered":"Bundesliga-Thesen: Demichelis fliegt vor Weihnachten, 1. FC K\u00f6ln steigt mit El Mala ab"},"content":{"rendered":"<p>Wenn sich jemand mit Fu\u00dfball auskennt, dann nat\u00fcrlich die Redakteure von SPOX. Die werfen auch diesmal ihre komplette Expertise in die Waagschale &#8211; auf die gro\u00dfe Gefahr hin, sich f\u00fcrchterlich zu blamieren. Das sind unsere Thesen zur neuen Bundesliga-Saison.<\/p>\n<p><a href=\"https:\/\/www.spox.com\/fussball\/listen\/niko-kovac-ueberlebt-die-saison-als-bvb-trainer-nicht-nick-woltemade-wird-bald-guenstiger-die-thesen-zur-neuen-bundesliga-saison-2025-26\/blt8c01755f93fd3c10#cs1023219b8fb6b2d6\" rel=\"nofollow noopener\" data-affiliate-type=\"NONE\" target=\"_blank\">Hier k\u00f6nnt Ihr noch einmal die Prognosen vor der vergangenen Saison nachlesen<\/a>. Darunter Bl\u00f6dsinn wie &#8222;Eintracht Frankfurt wird Vizemeister&#8220; oder &#8222;Merlin Polzin zaubert den HSV nach Europa&#8220;, aber auch tadellose Glaskugelblicke wie: &#8222;Bazoumana Toure wechselt 2026 f\u00fcr mindestens 30 Millionen auf die Insel&#8220;<\/p>\n<p>Hier kommen also die (mehr oder weniger) steilen Thesen zur Spielzeit 2026\/27 im deutschen Oberhaus.<\/p>\n<p>Ismael Saibari schl\u00e4gt bei Bayern voll ein und sammelt \u00fcber 25 Scorerpunkte<\/p>\n<p style=\"text-align:justify\"><b><strong>Von Nino Duit<\/strong><\/b><\/p>\n<p style=\"text-align:justify\">Uli Hoene\u00df zeigte sich schon bei Ismael Saibaris Ankunft in M\u00fcnchen Anfang August zufrieden mit dem Transfer. So ganz firm mit seinem Namen war er damals aber offenbar noch nicht, dann lieber eine Umschreibung. &#8222;Der Spieler aus Marokko hat mir gut gefallen bei der WM&#8220;, befand der Klubpatron. &#8222;Ich hatte ihn vorher nicht so bewusst gesehen.&#8220;<\/p>\n<p style=\"text-align:justify\">Saibari wird beim FC Bayern innerhalb k\u00fcrzester Zeit daf\u00fcr sorgen, dass sein Name Hoene\u00df von den Lippen geht wie &#8222;Wei\u00dfwurst&#8220; oder &#8222;Juan Bernat&#8220;. 50 Millionen Euro Abl\u00f6se \u00fcberwiesen die M\u00fcnchner f\u00fcr den Offensivallrounder an die PSV Eindhoven. Ein Investment, das sich voll auszahlen wird. Gerade in Anbetracht von <a href=\"https:\/\/www.spox.com\/fussball\/news\/es-kann-eine-lebenslange-therapie-notwendig-sein-neurologin-erklaert-die-spezielle-erkrankung-von-bayern-star-jamal-musiala\/blt2dc3b9d22d7e2290\" rel=\"nofollow noopener\" data-affiliate-type=\"NONE\" target=\"_blank\">Jamal Musialas unklarer Gesundheitssituation<\/a> und den zur\u00fcckliegenden Verletzungen von Serge Gnabry und Lennart Karl <a href=\"https:\/\/www.spox.com\/fussball\/news\/obwohl-die-vorbereitung-nicht-rund-lief-beim-fc-bayern-winkt-bald-ein-erbitterter-kampf-um-den-vierten-platz\/blt3a8b4c37535d510d\" rel=\"nofollow noopener\" data-affiliate-type=\"NONE\" target=\"_blank\">wird Saibari in der Bundesliga von Beginn an viel Spielzeit bekommen<\/a>. Auf der Zehn, sicherlich auch aber vereinzelt als Backup von Harry Kane.<\/p>\n<p style=\"text-align:justify\">F\u00fcr die PSV verzeichnete er in der vergangenen Saison in 27 Ligaspielen 23 Scorerpunkte. Diesen Wert \u00fcbertrifft er in seiner ersten Saison beim FC Bayern.<\/p>\n<p><img class=\"fco-image__image\" alt=\"imago-sport-1081325776.jpg\"   loading=\"lazy\" decoding=\"async\" fetchpriority=\"auto\" width=\"4859\" height=\"3436\" src=\"https:\/\/www.europesays.com\/de\/wp-content\/uploads\/2026\/08\/1787898140_952_imago-image.jpeg\" style=\"aspect-ratio:4859 \/ 3436;width:100%;height:100%\"\/>IMAGOKonstantinos Karetsas wird das BVB-Offensivspiel auf ein neues Level hieven<\/p>\n<p><b><strong>Von Jochen Tittmar<\/strong><\/b><\/p>\n<p>Enorm viel Geld f\u00fcr einen 18-J\u00e4hrigen aus Belgien &#8211; das ist f\u00fcr Borussia Dortmund durchaus ein sportliches wie finanzielles Risiko. Doch die bis zu 32 Millionen Euro, die man in Konstantinos Karetsas investiert hat, werden sich f\u00fcr den Vizemeister auszahlen.<\/p>\n<p>Der griechische Zehner hat in den Testspielen bereits auf Anhieb seine gro\u00dfe Klasse angedeutet: Technik, \u00dcbersicht, Handlungsschnelligkeit, Torgefahr. Karetsas ben\u00f6tigte dazu keine gro\u00dfe Anlaufzeit, auch wenn er sicherlich Verschnaufpausen bekommen wird und sich noch an das h\u00f6here Niveau sowie die gr\u00f6\u00dfere K\u00f6rperlichkeit, die ihm in der Bundesliga begegnen, gew\u00f6hnen muss.<\/p>\n<p>Doch das wird ihm schnell gelingen, weil er schlicht zu talentiert ist, als daran zu scheitern. Karetsas wird sofort zur pr\u00e4genden Figur der Dortmunder Offensive werden.<\/p>\n<p><img class=\"fco-image__image\" alt=\"imago-sport-1081108034.jpg\"   loading=\"lazy\" decoding=\"async\" fetchpriority=\"auto\" width=\"1553\" height=\"1035\" src=\"https:\/\/www.europesays.com\/de\/wp-content\/uploads\/2026\/08\/1787898141_797_imago-image.jpeg\" style=\"aspect-ratio:1553 \/ 1035;width:100%;height:100%\"\/>IMAGOMartin Demichelis erlebt Weihnachten nicht als Trainer von RB Leipzig<\/p>\n<p><b><strong>Von Filippo Cataldo<\/strong><\/b><\/p>\n<p>Zugegeben, Martin Demichelis bringt in der Theorie ziemlich viel von dem mit, was sie bei RB suchen: ein \u00e4hnlich dynamisches Auftreten, mit dem er seine Mannschaften spielen sehen will, ein klangvoller Name, mit 45 noch relativ jung und dennoch als Trainer schon recht erfahren. Dazu kommt, dass er bei seinen Stationen bei River Plate, CF Monterrey und sogar beim letztlich abgestiegenen RCD Mallorca auf Anhieb immer wieder Erfolge vorzuweisen hatte. Und auch dass er den Abstieg mit Mallorca nicht mehr verhindern konnte, spricht nicht per se gegen den fr\u00fcheren Verteidiger des FC Bayern M\u00fcnchen \u2013 Demichelis \u00fcbernahm die Mannschaft erst im M\u00e4rz, holte mit seinem Pressingfu\u00dfball sogar f\u00fcnf Siege aus zw\u00f6lf Spielen und blieb zwischenzeitlich acht Partien ungeschlagen. Und dass auch die besten Trainer absteigen k\u00f6nnen, hat ein gewisser Vincent Kompany vor seinem Engagement beim FC Bayern mit dem FC Burnley bewiesen.<\/p>\n<p>Und doch spricht einiges daf\u00fcr, dass sie in Leipzig nicht gl\u00fccklich werden mit diesem Rat des heutigen Bundestrainers J\u00fcrgen Klopp. Das muss noch nicht einmal an Demichelis liegen, denn den Leipziger Verantwortlichen scheint man es ohnehin nur schwer recht machen zu k\u00f6nnen. Sonst h\u00e4tte n\u00e4mlich Ole Werner nach der b\u00e4renstarken letzten Saison und Platz drei mit einer Mannschaft im Umbruch heuer noch die Champions League spielen d\u00fcrfen.<\/p>\n<p>Zumal Demichelis jetzt alles andere als ein stabiles Gebilde \u00fcbernimmt: Leipzig hat mit Yan Diomande ja nicht nur den besten Offensivakteur verloren, sondern mit Peter Gulacsi und Xaver Schlager auch zwei Identifikationsfiguren (wenn man dieses Wort im Zusammenhang mit RB benutzen darf). Dazu kommen die Verletzungen von Hoffnungstr\u00e4ger Assan Ouedraogo und Allzweckwaffe Christoph Baumgartner. Wenn der Saisonstart holprig ger\u00e4t, k\u00f6nnten die Verantwortlichen schnell nerv\u00f6s werden.<\/p>\n<p>Dass Demichelis w\u00e4hrend seiner Karriere als Spieler und Trainer nie wirklich mit diplomatischen F\u00e4higkeiten aufgefallen ist, hilft da nat\u00fcrlich nicht. Bisher ist er noch bei mehreren Stationen fr\u00fcher oder sp\u00e4ter mit der Vereinsf\u00fchrung aneinandergeraten, in Monterrey soll es sogar Streit mit F\u00fchrungsspielern gegeben haben. Einen kleinen Vorgeschmack gab es schon in der Vorbereitung, als Demichelis nach Diomandes Abgang vehement Verst\u00e4rkungen (Plural!) forderte. Mit der R\u00fcckkehr von Christopher Nkunku wurde ihm dieser Wunsch zwar letztlich teilweise erf\u00fcllt, aber so richtig gl\u00fccklich schienen weder Sportchef Marcel Sch\u00e4fer noch CEO Tatjana Haenni \u00fcber den \u00f6ffentlichen Vorsto\u00df ihres leitenden Angestellten. Konfliktpotenzial scheint da reichlich vorhanden zu sein. Und wehe, es knallt einmal.<\/p>\n<p>Neues Traum-Duo! Deniz Undav und Dzenan Pejcinovic machen zusammen mehr Buden als Harry Kane<\/p>\n<p><b><strong>Von Tim Ursinus<\/strong><\/b><\/p>\n<p>Dzenan Pejcinovic feierte einen Einstand nach Ma\u00df f\u00fcr den VfB Stuttgart. Sein Dreierpack im DFB-Pokal gegen Drittligist Hansa Rostock darf freilich nicht \u00fcberbewertet werden. Dennoch war schon klar zu erkennen, warum die Schwaben sich mit dem VfL Wolfsburg wochenlange Verhandlungen wegen der Abl\u00f6sesumme f\u00fcr den St\u00fcrmer lieferten.<\/p>\n<p>Allen voran der erste Streich von Pejcinovic war eine Art Warnung an die Bundesliga, dass der VfB (mal wieder) einen echten Coup auf dem Transfermarkt gelandet hat. Der 21-J\u00e4hrige setzte sich vor seinem Treffer gegen gleich sieben (!) Gegenspieler in unmittelbarer N\u00e4he durch und traf eiskalt zur wegweisenden F\u00fchrung. Sein zweites Tor resultierte aus einer Vorlage von Deniz Undav, der hinter Pejcinovic agierte und auch das 3:0 von Tiago Tomas vorbereitete. <\/p>\n<p>In Ans\u00e4tzen war bereits ein blindes Verst\u00e4ndnis zwischen Pejcinovic und Undav zu erkennen. Der Weg ist damit geebnet, dass beide zu einem gef\u00fcrchteten Duo avancieren. Die Torj\u00e4gerkrone d\u00fcrfte Harry Kane vom FC Bayern M\u00fcnchen zwar auch in dieser Saison nicht zu nehmen sein, im Verbund werden Pejcinovic und Undav den Engl\u00e4nder jedoch \u00fcberfl\u00fcgeln.<\/p>\n<p>Bereits im vergangenen Jahr stellte der VfB das beste Nicht-Bayern-Duo, als Undav (19) und Ermedin Demirovic (12) aber insgesamt f\u00fcnf Tore weniger als Kane (36) erzielten. Mit Pejcinovic, <a href=\"https:\/\/www.spox.com\/fussball\/news\/25-millionen-fuer-35-spiele-stuttgarts-zweitteuerster-deal-ist-risikotransfer-und-hoffnungstraeger-zugleich\/blt5fae1ebdd9b8f3fb\" rel=\"nofollow noopener\" target=\"_blank\" data-affiliate-type=\"NONE\">der nochmal mehr Explosivit\u00e4t und eine bessere Technik als der Bosnier mitbringt<\/a>, wird sich das \u00e4ndern. Die Bundesliga hat ein neues Traum-Duo &#8211; <a href=\"https:\/\/www.spox.com\/fussball\/news\/juergen-klopp-hat-den-verein-schon-informiert-steht-der-erste-dfb-debuetant-unter-dem-neuen-bundestrainer-schon-fest\/blt067cfa7b4f044c40\" rel=\"nofollow noopener\" target=\"_blank\" data-affiliate-type=\"NONE\">und damit auch der DFB<\/a>!<\/p>\n<p><img class=\"fco-image__image\" alt=\"imago-sport-1081617829.jpg\"   loading=\"lazy\" decoding=\"async\" fetchpriority=\"auto\" width=\"3932\" height=\"2595\" src=\"https:\/\/www.europesays.com\/de\/wp-content\/uploads\/2026\/08\/1787898142_881_imago-image.jpeg\" style=\"aspect-ratio:3932 \/ 2595;width:100%;height:100%\"\/>IMAGOTrotz Verbleib von Said El Mala: Der 1. FC K\u00f6ln steigt ab<\/p>\n<p><b><strong>Von Jochen Tittmar<\/strong><\/b><\/p>\n<p>Der FC geht nach dem Aufstieg in seine zweite Saison im Oberhaus. Mit Jakub Kaminski hat man einen der besten Akteure des Kaders verloren, mit Said El Mala verl\u00e4ngerte jedoch der absolute Unterschiedsspieler. <\/p>\n<p>Die bisher get\u00e4tigten Transfers sind meist jung, die erfahreneren Neuen haben noch nie auf einem Niveau wie in der Bundesliga gespielt. Die gro\u00dfe Frage wird sein, ob sich der Kader des Klubs, der im Vorjahr nur drei Z\u00e4hler vor dem Relegationsplatz landete, wirklich verbessert hat.<\/p>\n<p>Ich glaube nicht. Auch hat man in Rene Wagner einen Rookie auf der Trainerposition. Der 38-J\u00e4hrige \u00fcbernahm im Vorjahr gewiss in einer schwierigen Lage, riss mit sechs Punkten aus sieben Spielen aber keine B\u00e4ume aus.<\/p>\n<p>Hinzu kommt das traditionell schwierigere zweite Jahr sowie das in guten Zeiten sensationelle Umfeld. Doch l\u00e4uft es nicht, kann dieses schnell toxisch werden. Das wird in der neuen Spielzeit der Fall sein &#8211; K\u00f6ln ist trotz El Malas Klasse insgesamt zu schwach aufgestellt und muss wieder in die 2. Liga runter.<\/p>\n<p>Die SV Elversberg wird zu Heidenheim 2.0 und st\u00fcrmt als Aufsteiger in die Conference League<\/p>\n<p><b><strong>Von Christian Guinin<\/strong><\/b><\/p>\n<p>Als die SV Elversberg im vergangenen Sommer in Folge des denkbar knapp verspielten Bundesliga-Aufstiegs in der Relegation gegen den 1. FC Heidenheim beinahe jeden Leistungstr\u00e4ger ziehen lassen musste, stand f\u00fcr viele der direkte Abstieg in die Drittklassigkeit schon so gut wie fest. Die Saarl\u00e4nder straften ihre Kritiker jedoch L\u00fcgen und hielten nicht nur souver\u00e4n die Klasse, sondern stiegen als Tabellenzweiter nach 34 Spieltagen sogar direkt ins deutsche Oberhaus auf.<\/p>\n<p>F\u00fcr die kommende Saison rechnet nun erneut eine Vielzahl von Fans und Experten mit dem umgehenden Gang zur\u00fcck in die 2. Bundesliga &#8211; und ein weiteres Mal wird die Spielvereinigung \u00fcber sich hinauswachsen und s\u00e4mtliche Prognosen widerlegen. Dabei nimmt sich Elversberg ausgerechnet den einstigen Relegations-Gegner Heidenheim zum Vorbild und st\u00fcrmt vom Aufstieg direkt in die Conference League.<\/p>\n<p>Mit Zweitliga-Bomber Noel Futkeu (leihweise von Eintracht Frankfurt), Cole Campbell, den man f\u00fcr eine vereinsinterne Rekordabl\u00f6se von sechs Millionen Euro vom BVB loseiste, Maurice Krattenmacher, Noah Darvich (leihweise vom VfB Stuttgart), und dem letztj\u00e4hrigen Dauerbrenner Lukasz Poreba, welcher nach seiner Leihe fest vom HSV verpflichtet wurde, hat sich Elversberg clever verst\u00e4rkt.<\/p>\n<p>In der Vorbereitung zeigte man unter anderem beim 5:2-Sieg gegen den letztj\u00e4hrigen Conference-League-Halbfinalisten Racing Stra\u00dfburg, wozu man f\u00e4hig ist. Zumindest im ersten Saisondrittel werden einige Bundesligisten die spielerische Klasse untersch\u00e4tzen, die im Kader der Saarl\u00e4nder steckt. Das und ein wenig Gl\u00fcck reichen am Ende aus, um sich mindestens f\u00fcr den kleinsten europ\u00e4ischen Wettbewerb zu qualifizieren.<\/p>\n<p><img class=\"fco-image__image\" alt=\"elversberg\"   loading=\"lazy\" decoding=\"async\" fetchpriority=\"auto\" width=\"1920\" height=\"1080\" src=\"https:\/\/www.europesays.com\/de\/wp-content\/uploads\/2026\/08\/elversberg.jpg\" style=\"aspect-ratio:1920 \/ 1080;width:100%;height:100%\"\/>Getty ImagesTim Kleindienst gewinnt das Duell der &#8222;R\u00fcckkehrer&#8220; mit Niclas F\u00fcllkrug deutlich &#8211; und ballert sich zur\u00fcck ins DFB-Team<\/p>\n<p><b><strong>Von Tim Ursinus<\/strong><\/b><\/p>\n<p>Leichte Muskelbeschwerden verhinderten, dass Gladbachs Tim Kleindienst im DFB-Pokal seine Startelf-R\u00fcckkehr nach einer unfassbaren Leidenszeit feierte. <a href=\"https:\/\/www.spox.com\/fussball\/news\/niclas-fuellkrug-trifft-bei-rueckkehr-werder-bremen-zieht-locker-in-die-zweite-runde-im-dfb-pokal-ein\/blt706ec9836148c67c\" rel=\"nofollow noopener\" target=\"_blank\" data-affiliate-type=\"NONE\">F\u00fcr Bremen traf daf\u00fcr Niclas F\u00fcllkrug bei seinem Deb\u00fct sofort vom Punkt<\/a>. <\/p>\n<p>Trotz des kleinen R\u00fcckschlags wird Kleindienst das Duell der &#8222;R\u00fcckkehrer&#8220; f\u00fcr sich entscheiden &#8211; und zwar deutlich! Derart \u00fcberzeugend, dass ihn Neu-Bundestrainer J\u00fcrgen Klopp sogar nach (zum aktuellen Stand) knapp anderthalb Jahren Abstinenz im Laufe der Saison wieder f\u00fcr die deutsche Nationalmannschaft nominieren wird.<\/p>\n<p>Daf\u00fcr sprechen gleich mehrere Punkte. Zum einen zeigte Kleindienst bis zum Start seiner Leidenszeit im DFB-Team \u00fcberragende Leistungen (vier Tore in sechs Spielen). Zum anderen hat der 30-J\u00e4hrige eine beeindruckende Fr\u00fchform. Das stellte er mit seinem Doppelpack gegen Aston Villa beim 2:1-Testspielsieg eindrucksvoll unter Beweis. Es folgen zwei weitere Treffer in der Vorbereitung, in der Gladbach einen sehr gefestigten Eindruck machte. Insbesondere das Offensiv-Duo Hugo Bolin und Wael Mohya sch\u00fcrt Hoffnungen auf bessere Zeiten, wovon auch Kleindienst profitieren wird. <\/p>\n<p>F\u00fcllkrug hat hingegen ein entscheidendes Problem: Es fehlt der Werder-Offensive schlichtweg an Qualit\u00e4t und damit an Spielern, die den in den vergangenen Monaten formschwachen Torj\u00e4ger konstant mit brauchbaren B\u00e4llen f\u00fcttern k\u00f6nnen. Bremens Kader wirkt, <a href=\"https:\/\/www.spox.com\/fussball\/listen\/niko-kovac-ueberlebt-die-saison-als-bvb-trainer-nicht-nick-woltemade-wird-bald-guenstiger-die-thesen-zur-neuen-bundesliga-saison-2025-26\/blt8c01755f93fd3c10\" rel=\"nofollow noopener\" target=\"_blank\" data-affiliate-type=\"NONE\">wie schon in der vergangenen Spielzeit<\/a>, auch davon abgesehen unausgewogen. Es scheint \u00fcberlebenswichtig zu sein, dass Jens Stage wohl doch nicht das Weite sucht. Einzig Kleindiensts K\u00f6rper kann dieses Duell zugunsten von F\u00fcllkrug entscheiden.<\/p>\n<p><img class=\"fco-image__image\" alt=\"Borussia M\u00f6nchengladbach v 1. FC Heidenheim 1846 - Bundesliga\"   loading=\"lazy\" decoding=\"async\" fetchpriority=\"auto\" width=\"5003\" height=\"3337\" src=\"https:\/\/www.europesays.com\/de\/wp-content\/uploads\/2026\/08\/GettyImages-2269789388.jpg\" style=\"aspect-ratio:5003 \/ 3337;width:100%;height:100%\"\/>Getty ImagesDer FC Schalke 04 hat zu keinem Zeitpunkt etwas mit dem Abstieg zu tun<\/p>\n<p><b><strong>Von Christian Guinin<\/strong><\/b><\/p>\n<p>Nach dem prognostizierten Conference-League-Einzug der SV Elversberg rechne ich auch dem zweiten direkten Bundesliga-Aufsteiger, dem FC Schalke 04, gute Chancen zu, die Erwartungen zu \u00fcbertreffen und souver\u00e4n die Klasse zu halten.<\/p>\n<p>Unter Erfolgstrainer Miron Muslic hat K\u00f6nigsblau schon in der vergangenen Spielzeit gezeigt, dass spielerische und qualitative Defizite mit Einsatzwillen, Kampfgeist und einer gut funktionierenden Defensive wettzumachen sind. Am Ende stand ein \u00fcberraschender, jedoch \u00e4u\u00dferst \u00fcberzeugender Wiederaufstieg zu Buche.<\/p>\n<p>Ohne Frage ist das Oberhaus ein v\u00f6llig anderes Pflaster als die 2. Bundesliga &#8211; von gen\u00fcgend Gegnern wird S04 die eigenen Grenzen aufgezeigt bekommen. Dennoch hat Sportvorstand Frank Baumann im Sommer einen ausgezeichneten Job gemacht und die Knappen mit einem guten Mix aus Qualit\u00e4t, Talent und Erfahrung verst\u00e4rkt.<\/p>\n<p>Ein relativ einfaches Auftaktprogramm mit Augsburg, Union und Elversberg an drei der ersten vier Spieltagen verschafft Schalke direkt ein ordentliches Punktepolster auf die Abstiegspl\u00e4tze. Im Anschluss setzt der Flow der letztj\u00e4hrigen Spielzeit ein &#8211; und K\u00f6nigsblau beendet die Saison gesichert im Tabellen-Mittelfeld.<\/p>\n<p><img class=\"fco-image__image\" alt=\"Miron Muslic Schalke 2025\"   loading=\"lazy\" decoding=\"async\" fetchpriority=\"auto\" width=\"1920\" height=\"1080\" src=\"https:\/\/www.europesays.com\/de\/wp-content\/uploads\/2026\/08\/GOAL - Blank WEB - Facebook(3545).jpeg\" style=\"aspect-ratio:1920 \/ 1080;width:100%;height:100%\"\/>Getty ImagesWenig Erfolg auf dem Transfermarkt: Auch Carles Martinez bekommt Leverkusen nicht in die Champions League<\/p>\n<p><b><strong>Von Daniel Buse<\/strong><\/b><\/p>\n<p>Drei Punkte fehlten Bayer Leverkusen in der vergangenen Saison zum Erreichen der Champions-League-Pl\u00e4tze. Vereinfacht muss die Argumentation also sein: Um in die K\u00f6nigsklasse zu kommen, muss die Mannschaft, die der neue Trainer Carles Martinez aufstellt, besser sein als die der Vorsaison, als Erik ten Hag zun\u00e4chst grandios scheiterte und dann auch sein Nachfolger Kasper Hjulmand nicht mehr als den sechsten Tabellenplatz herausholen konnte. Denn auf die Schw\u00e4che der Konkurrenz sollte man sich bei Bayer nicht verlassen.<\/p>\n<p>Doch schon im vergangenen Sommer gab es auf dem Transfermarkt teure Missverst\u00e4ndnisse wie Eliesse Ben Seghir, Equi Fernandez oder Loic Bade, als die Wirtz-Millionen zur Verf\u00fcgung standen. Jetzt investiert Bayer erneut knapp 100 Millionen Euro f\u00fcr vier Spieler. Dabei macht Afonso Moreira bislang einen ordentlichen Eindruck, Miguel muss als Linksverteidiger erst noch zeigen, dass er Alejandro Grimaldo ersetzen kann. Und Facundo Medina ist f\u00fcr 23 Millionen Euro erst einmal nur eine teure Zusatz-Option f\u00fcr die Abwehrzentrale. Mit Kennet Eichhorn f\u00e4llt das deutsche Top-Talent wegen einer Erkrankung zudem lange aus.<\/p>\n<p>Dass Bayer in diesem Sommer klar besser geworden ist, kann man nicht sagen. Dass das Team in der Bundesliga-Tabelle Bayern, den BVB, Leipzig oder Stuttgart hinter sich l\u00e4sst, erscheint h\u00f6chst unwahrscheinlich. Und deshalb hei\u00dft es auch in der \u00fcbern\u00e4chsten Saison f\u00fcr die Werkself zuschauen, wenn sich die gr\u00f6\u00dften Klubs Europas in der K\u00f6nigsklasse duellieren.<\/p>\n<p><img class=\"fco-image__image\" alt=\"Newcastle United v Bayer 04 Leverkusen - Pre-Season Friendly\"   loading=\"lazy\" decoding=\"async\" fetchpriority=\"auto\" width=\"4300\" height=\"2849\" src=\"https:\/\/www.europesays.com\/de\/wp-content\/uploads\/2026\/08\/GettyImages-2290588274.jpg\" style=\"aspect-ratio:4300 \/ 2849;width:100%;height:100%\"\/>Getty ImagesEntlassung noch in der Hinrunde: Daniel Thioune muss Clemens Fritz&#8216; &#8222;Kaderplanung&#8220; fr\u00fch ausbaden<\/p>\n<p><b><strong>Von Falko Bl\u00f6ding<\/strong><\/b><\/p>\n<p>Immerhin: Diesmal hat bei Werder keine peinliche Pokalblamage die Vorfreude auf die neue Saison getr\u00fcbt. Von Euphorie am Osterdeich kann aber trotz <a href=\"https:\/\/www.spox.com\/fussball\/news\/niclas-fuellkrug-trifft-bei-rueckkehr-werder-bremen-zieht-locker-in-die-zweite-runde-im-dfb-pokal-ein\/blt706ec9836148c67c\" rel=\"nofollow noopener\" target=\"_blank\" data-affiliate-type=\"NONE\">des 3:0 gegen Au\u00dfenseiter L\u00fcneburger SK am letzten Wochenende<\/a> keine Rede sein. Zu holprig verliefen die anderen Vorbereitungsspiele, zu besorgniserregend ist die Verletztensituation und zu gro\u00df sind kurz vor dem Start und dem Schlie\u00dfen des Transferfensters noch die Baustellen im Kader.<\/p>\n<p>Eine Gemengelage, die also f\u00fcr Cheftrainer Daniel Thioune eine gro\u00dfe Herausforderung darstellt, f\u00fcr die er aber nur bedingt etwas kann. Vielmehr ist er, der nach dem Horst-Steffen-Desaster und holpriger Nachfolgersuche (Stichwort Bo Svensson) im Februar als B-L\u00f6sung nach Bremen kam und den Klassenerhalt schaffte, derjenige, der mit dem arbeiten muss, was ihm Sportchef Clemens Fritz zur Verf\u00fcgung stellt.<\/p>\n<p>Der Ex-Profi im Gewand eines Sportdirektors ist beim Bremer Anhang l\u00e4ngst zur Reizfigur geworden. <a href=\"https:\/\/www.spox.com\/fussball\/listen\/die-zehn-millionen-euro-teure-spitze-des-eisbergs-samuel-mbangula-ist-ungewollt-das-gesicht-der-krise-bei-werder-bremen\/blt4730e2ea70daa3ab\" rel=\"nofollow noopener\" target=\"_blank\" data-affiliate-type=\"NONE\">Zahlreiche sportliche Fehlgriffe<\/a> und <a href=\"https:\/\/www.spox.com\/fussball\/listen\/missverstaendnis-ueber-das-wir-gestolpert-sind-portal-weist-bundesligisten-auf-peinlichen-transfer-fehler-hin\/blt2a279fd49edc3284\" rel=\"nofollow noopener\" target=\"_blank\" data-affiliate-type=\"NONE\">andere Wildheiten haben das Vertrauen in seine F\u00e4higkeiten als Manager ersch\u00fcttert<\/a> und auch mehrere Entscheidungen dieser Transferperiode haben das Potenzial, schnell zerpfl\u00fcckt zu werden:<\/p>\n<ul>\n<li value=\"1\" style=\"text-align:start\">Ist es nach den Erfahrungen mit Naby Keita oder Victor Boniface ratsam, auf einen gro\u00dfen Namen zu setzen, der zuletzt gro\u00dfe k\u00f6rperliche Probleme hatte und um den anderen Klubs augenscheinlich einen Bogen machten? So romantisch das im Falle Niclas F\u00fcllkrugs auch sein mag.<\/li>\n<li value=\"2\" style=\"text-align:start\"><a href=\"https:\/\/www.spox.com\/fussball\/news\/hat-der-fc-chelsea-seine-finger-im-spiel-millionentransfer-von-deutschem-u21-nationalspieler-vor-dem-abschluss\/blt3e937574f2794f9c\" rel=\"nofollow noopener\" target=\"_blank\" data-affiliate-type=\"NONE\">Supertalent Karim Coulibaly wurde f\u00fcr 20 Millionen Euro und ohne Weiterverkaufsbeteiligung an Racing Stra\u00dfburg verscherbelt<\/a>. Das sind etwa 20 Millionen Euro weniger, als Fritz und Co. sich erhofft hatten. Laut Fritz wurde das Angebot f\u00fcr den deutschen U21-Nationalspieler vor gut einer Woche angenommen, um &#8222;einen Panikverkauf&#8220; am Ende des Transferfensters zu verhindern. Der Deal mit Chelseas Farmteam wirkt allerdings genau wie ein solcher.<\/li>\n<li value=\"3\" style=\"text-align:start\">Nach wie vor hat Werder keinen fitten Rechtsverteidiger im Kader und die anvisierte Verst\u00e4rkung f\u00fcr das offensive Mittelfeld l\u00e4sst nach dem Verkauf Romano Schmids nach Italien weiter auf sich warten.<\/li>\n<\/ul>\n<p>Diese Zutaten, gepaart mit einem Auftaktprogramm, das es in sich hat (Freiburg, Leipzig, K\u00f6ln, Augsburg, Dortmund), haben Potenzial f\u00fcr einen Fehlstart samt Trainerdiskussion, an deren Ende Thioune f\u00fcr die Verfehlungen der sportlichen Leitung den Kopf hinhalten muss.<\/p>\n<p><img class=\"fco-image__image\" alt=\"SV Werder Bremen v Borussia Dortmund - Bundesliga\"   loading=\"lazy\" decoding=\"async\" fetchpriority=\"auto\" width=\"3000\" height=\"2000\" src=\"https:\/\/www.europesays.com\/de\/wp-content\/uploads\/2026\/08\/GettyImages-2276620934.jpg\" style=\"aspect-ratio:3000 \/ 2000;width:100%;height:100%\"\/>Getty ImagesDer SC Freiburg zieht in die Champions League ein<\/p>\n<p><b><strong>Von Valentin H\u00fcther<\/strong><\/b><\/p>\n<p>Bayern, Dortmund, Leipzig, Leverkusen, Stuttgart \u2013 und dann soll ausgerechnet der SC Freiburg einen Platz in der Champions League ergattern? Ja. Denn w\u00e4hrend sich einige der vermeintlich gr\u00f6\u00dferen Konkurrenten noch finden m\u00fcssen, k\u00f6nnen sich die Breisgauer einmal mehr auf ihre gr\u00f6\u00dfte St\u00e4rke verlassen: Kontinuit\u00e4t.<\/p>\n<p>Freiburg ist eingespielt, taktisch gefestigt und mittlerweile qualitativ so gut besetzt, dass auch Ausf\u00e4lle aufgefangen werden k\u00f6nnen. Dazu kommt: Hinter den absoluten Spitzenteams gibt es keinen Klub, bei dem die Champions-League-Qualifikation als Selbstl\u00e4ufer gelten kann. Leverkusen steckt weiter im Umbruch, auch Leipzig und Stuttgart werden ihre Schw\u00e4chephasen haben.<\/p>\n<p>Genau dann wird Freiburg da sein. Die Breisgauer werden keine spektakul\u00e4ren Ansagen machen, sondern konstant punkten, die Gro\u00dfen \u00e4rgern und gegen die Teams aus der unteren Tabellenh\u00e4lfte kaum etwas liegen lassen. Das reicht am Ende f\u00fcr die gro\u00dfe \u00dcberraschung: Platz vier und die Champions-League-Qualifikation.<\/p>\n<p><img class=\"fco-image__image\" alt=\"Fortuna D\u00fcsseldorf v Sport-Club Freiburg - DFB Cup 2026\/27\"   loading=\"lazy\" decoding=\"async\" fetchpriority=\"auto\" width=\"5005\" height=\"3336\" src=\"https:\/\/www.europesays.com\/de\/wp-content\/uploads\/2026\/08\/GettyImages-2291717102.jpg\" style=\"aspect-ratio:5005 \/ 3336;width:100%;height:100%\"\/>Getty ImagesMindestens zehn Trainerwechsel noch w\u00e4hrend der Saison &#8211; und kein einziger bei den Aufsteigern <\/p>\n<p><b><strong>Von Finn Fichtner<\/strong><\/b><\/p>\n<p>Zwar haben Daniel Thioune und Rene Wagner erst in der Vorsaison \u00fcbernommen und die Klasse gerettet, \u00fcberzeugt haben sie aber nicht. F\u00fcr beide d\u00fcrfte bei der ersten Krise schnell Schluss sein und sollte die Polanski-Fu\u00dfball-Revolution in Gladbach nicht gelingen, d\u00fcrfte auch seine Zeit zeitnah ihr Ende finden. Vorteil: Wer schnell tauscht, kann h\u00e4ufiger tauschen und den Trainereffekt gleich mehrfach herbeiw\u00fcnschen.<\/p>\n<p>Das wird bei den Aufsteigern hingegen gar nicht notwendig sein. Schalke und Elversberg schreiben die fachkundigen Kollegen ja schon richtigerweise ins Mittelfeld oder bis nach Europa. Da d\u00fcrfte dann im Revier nur Angst herrschen, dass im Winter Miron Muslic die klammen Kassen mit einem Wechsel nach England f\u00fcllen soll. Die gr\u00f6\u00dfte Sorge des neuen Trios bereitet mir Paderborn. Aber die geringe Anspruchshaltung d\u00fcrfte hier Ralf Kettemann eine lange Leine lassen. <\/p>\n<p>Stattdessen wird es f\u00fcr die Trainer im mittelfristigen Saisonverlauf eng, die mit einer viel zu hohen Anspruchshaltung zu k\u00e4mpfen haben. Liebe Gr\u00fc\u00dfe an Martin Demichelis und noch einmal der nette Hinweis, dass Siegrekord und CL-Quali bekanntlich nicht reichen. In Leverkusen droht ein \u00e4hnliches Schicksal und um die Diva vom Main mag es ohne w\u00f6chentliche Riera-Rants ruhiger werden, aber eben auch nicht besser. Hoffenheim hat derweil mit der Doppelbelastung zu k\u00e4mpfen. <\/p>\n<p>Unten drin hat Berlin derweil noch einen Bundesliga-Neuling an der Seitenlinie und in Hamburg verlernt man die neu erlernte Demut im Falle einer echten Krise im schweren zweiten Jahr auch wieder schnell. Es braucht nicht viel Fantasie: Diese Saison wird bereits im laufenden Betrieb besonders flei\u00dfig getauscht. Noch einmal flei\u00dfiger als in den vergangenen f\u00fcnf Jahren.<\/p>\n","protected":false},"excerpt":{"rendered":"Wenn sich jemand mit Fu\u00dfball auskennt, dann nat\u00fcrlich die Redakteure von SPOX. Die werfen auch diesmal ihre komplette&hellip;\n","protected":false},"author":2,"featured_media":1032643,"comment_status":"","ping_status":"","sticky":false,"template":"","format":"standard","meta":{"footnotes":"","_share_on_mastodon":"0"},"categories":[1828],"tags":[923,58212,888,299,29,460,2033,347,30,1420,1209,204446,4604,2915],"class_list":["post-1265531","post","type-post","status-publish","format-standard","has-post-thumbnail","category-koeln","tag-bayern-muenchen","tag-bayern-munich","tag-borussia-dortmund","tag-bundesliga","tag-deutschland","tag-eintracht-frankfurt","tag-features","tag-fussball","tag-germany","tag-koeln","tag-nordrhein-westfalen","tag-rb-leipzig-u19","tag-soccer","tag-vfb-stuttgart"],"share_on_mastodon":{"url":"https:\/\/pubeurope.com\/@de\/117171702131775902","error":""},"_links":{"self":[{"href":"https:\/\/www.europesays.com\/de\/wp-json\/wp\/v2\/posts\/1265531","targetHints":{"allow":["GET"]}}],"collection":[{"href":"https:\/\/www.europesays.com\/de\/wp-json\/wp\/v2\/posts"}],"about":[{"href":"https:\/\/www.europesays.com\/de\/wp-json\/wp\/v2\/types\/post"}],"author":[{"embeddable":true,"href":"https:\/\/www.europesays.com\/de\/wp-json\/wp\/v2\/users\/2"}],"replies":[{"embeddable":true,"href":"https:\/\/www.europesays.com\/de\/wp-json\/wp\/v2\/comments?post=1265531"}],"version-history":[{"count":0,"href":"https:\/\/www.europesays.com\/de\/wp-json\/wp\/v2\/posts\/1265531\/revisions"}],"wp:featuredmedia":[{"embeddable":true,"href":"https:\/\/www.europesays.com\/de\/wp-json\/wp\/v2\/media\/1032643"}],"wp:attachment":[{"href":"https:\/\/www.europesays.com\/de\/wp-json\/wp\/v2\/media?parent=1265531"}],"wp:term":[{"taxonomy":"category","embeddable":true,"href":"https:\/\/www.europesays.com\/de\/wp-json\/wp\/v2\/categories?post=1265531"},{"taxonomy":"post_tag","embeddable":true,"href":"https:\/\/www.europesays.com\/de\/wp-json\/wp\/v2\/tags?post=1265531"}],"curies":[{"name":"wp","href":"https:\/\/api.w.org\/{rel}","templated":true}]}}