{"id":1265540,"date":"2026-08-28T06:27:16","date_gmt":"2026-08-28T06:27:16","guid":{"rendered":"https:\/\/www.europesays.com\/de\/1265540\/"},"modified":"2026-08-28T06:27:16","modified_gmt":"2026-08-28T06:27:16","slug":"notfallteam-kommt-nach-toedlichem-angriff-auf-schulcampus","status":"publish","type":"post","link":"https:\/\/www.europesays.com\/de\/1265540\/","title":{"rendered":"Notfallteam kommt nach t\u00f6dlichem Angriff auf Schulcampus"},"content":{"rendered":"<p>Nach der Tat k\u00fcmmerten sich Notfallseelsorger um Sch\u00fclerinnen und Sch\u00fcler sowie Lehrkr\u00e4fte und Angeh\u00f6rige. Einige Minderj\u00e4hrige wurden noch am sp\u00e4ten Donnerstagnachmittag in der Turnhalle betreut, bis ihre Eltern sie abholten.<\/p>\n<p>&#8222;Nach den bisherigen Erkenntnissen gehen die Ermittler von keiner Amok-, sondern einer Beziehungstat aus&#8220;, teilte die Polizei mit. Viele Fragen zur Tat sind aber weiterhin ungekl\u00e4rt &#8211; die Ermittlungsbeh\u00f6rden hielten sich nicht nur mit Informationen zu den Opfern zur\u00fcck, sondern machten auch keine Angaben zur Tatwaffe. In einem Schreiben rief die Polizei dazu auf, sich bei Hinweisen zur Tat bei ihr zu melden.<\/p>\n<p>Brandenburgs Ministerpr\u00e4sident Dietmar Woidke (SPD) sprach den Angeh\u00f6rigen und Freunden der Opfer sein Mitgef\u00fchl aus. &#8222;Bei einem furchtbaren Angriff sind zwei Menschen ums Leben gekommen. Diese Tat ersch\u00fcttert unser gesamtes Land.&#8220;<\/p>\n","protected":false},"excerpt":{"rendered":"Nach der Tat k\u00fcmmerten sich Notfallseelsorger um Sch\u00fclerinnen und Sch\u00fcler sowie Lehrkr\u00e4fte und Angeh\u00f6rige. Einige Minderj\u00e4hrige wurden noch&hellip;\n","protected":false},"author":2,"featured_media":1265541,"comment_status":"","ping_status":"","sticky":false,"template":"","format":"standard","meta":{"footnotes":"","_share_on_mastodon":"0"},"categories":[1816],"tags":[1960,1958,1959,1957,1956,1890,29,30,122047],"class_list":["post-1265540","post","type-post","status-publish","format-standard","has-post-thumbnail","category-brandenburg","tag-aktuelle-nachrichten-aus-berlin-und-brandenburg","tag-aktuelle-nachrichten-aus-brandenburg","tag-aktuelle-news-aus-berlin-und-brandenburg","tag-aktuelle-news-aus-brandenburg","tag-berlin-und-brandenburg","tag-brandenburg","tag-deutschland","tag-germany","tag-oder-spree"],"share_on_mastodon":{"url":"https:\/\/pubeurope.com\/@de\/117171719187032057","error":""},"_links":{"self":[{"href":"https:\/\/www.europesays.com\/de\/wp-json\/wp\/v2\/posts\/1265540","targetHints":{"allow":["GET"]}}],"collection":[{"href":"https:\/\/www.europesays.com\/de\/wp-json\/wp\/v2\/posts"}],"about":[{"href":"https:\/\/www.europesays.com\/de\/wp-json\/wp\/v2\/types\/post"}],"author":[{"embeddable":true,"href":"https:\/\/www.europesays.com\/de\/wp-json\/wp\/v2\/users\/2"}],"replies":[{"embeddable":true,"href":"https:\/\/www.europesays.com\/de\/wp-json\/wp\/v2\/comments?post=1265540"}],"version-history":[{"count":0,"href":"https:\/\/www.europesays.com\/de\/wp-json\/wp\/v2\/posts\/1265540\/revisions"}],"wp:featuredmedia":[{"embeddable":true,"href":"https:\/\/www.europesays.com\/de\/wp-json\/wp\/v2\/media\/1265541"}],"wp:attachment":[{"href":"https:\/\/www.europesays.com\/de\/wp-json\/wp\/v2\/media?parent=1265540"}],"wp:term":[{"taxonomy":"category","embeddable":true,"href":"https:\/\/www.europesays.com\/de\/wp-json\/wp\/v2\/categories?post=1265540"},{"taxonomy":"post_tag","embeddable":true,"href":"https:\/\/www.europesays.com\/de\/wp-json\/wp\/v2\/tags?post=1265540"}],"curies":[{"name":"wp","href":"https:\/\/api.w.org\/{rel}","templated":true}]}}