{"id":1265556,"date":"2026-08-28T06:36:23","date_gmt":"2026-08-28T06:36:23","guid":{"rendered":"https:\/\/www.europesays.com\/de\/1265556\/"},"modified":"2026-08-28T06:36:23","modified_gmt":"2026-08-28T06:36:23","slug":"gzsz-wochenvorschau-ab-dem-31-august-yvonne-ist-aufgeflogen","status":"publish","type":"post","link":"https:\/\/www.europesays.com\/de\/1265556\/","title":{"rendered":"GZSZ-Wochenvorschau ab dem 31. August: Yvonne ist aufgeflogen"},"content":{"rendered":"<p>GZSZ-Wochenvorschau ab dem 31. August Yvonne ist aufgeflogen<\/p>\n<p class=\"AnnotatedMarkup_paragraph__IUT9l\"><strong>Gerner erlaubt sich einen Spa\u00df mit Yvonne.<\/strong><br \/>Durch <a href=\"https:\/\/www.rtl.de\/sendungen\/gzsz\/gzsz-anna-katharina-fecher-spielt-matilda-gerner-id1962079.html\" target=\"_self\" rel=\"nofollow noopener\">Matilda<\/a> (Anna-Katharina Fecher) hat <a href=\"https:\/\/www.rtl.de\/cms\/gzsz-wolfgang-bahro-spielt-jo-gerner-811164.html\" target=\"_self\" rel=\"nofollow noopener\">Gerner<\/a> (Wolfgang Bahro) erfahren, dass Vivian Rabe niemand anderes als <a href=\"https:\/\/www.rtl.de\/cms\/gzsz-gisa-zach-spielt-yvonne-bode-4315937.html\" target=\"_self\" rel=\"nofollow noopener\">Yvonne<\/a> (Gisa Zach) ist. Doch anstatt direkt auf sie zuzugehen, macht er sich einen kleinen Spa\u00df daraus, Yvonne auflaufen zu lassen. Er schreibt \u201eVivian\u201c, dass er sich gerne mit ihr im Mauerwerk treffen m\u00f6chte. Verunsichert stimmt Yvonne dem Treffen zu. Was dann passiert, verr\u00e4t der erste Teil der Wochenvorschau.<\/p>\n<p class=\"AnnotatedMarkup_paragraph__IUT9l\">Den zweiten und dritten Teil der Wochenvorschau mit <a href=\"https:\/\/www.rtl.de\/sendungen\/gzsz\/neuer-gzsz-fiesling-stephan-schill-bringt-als-richard-kaltenbach-reichlich-konfliktpotenzial-id31128232.html\" target=\"_self\" rel=\"nofollow noopener\">Stephan Schill<\/a> findest du ebenfalls hier \u2013 einfach runterscrollen!<\/p>\n<p>Die Polizei ermittelt gegen Jessica<\/p>\n<p class=\"AnnotatedMarkup_paragraph__IUT9l\">Trotz Ninas (Maria Wedig) Verhaftung kommt der Kiez nicht zur Ruhe. Besonders Jessica (Nina Ensmann) scheint in letzter Zeit immer mehr zwischen die Fronten zu geraten. Dass dem so ist, daran ist auch Laura (Chryssanthi Kavazi) Schuld. Immer wieder stichelt sie gegen Jessica, weil sie wegen der Morde an Zoe (Lara Dandelion Seibert) und Carlos (Patrick Fernandez) in U-Haft gesessen hat. Umso gen\u00fcsslicher kostet sie nun aus, dass die Polizei aktuell wegen Mitt\u00e4terschaft auch gegen Jessica ermittelt. Der zweite Teil der Wochenvorschau zeigt, wie Laura Jessica genau davon erz\u00e4hlt.<\/p>\n<p>Die ganze GZSZ-Welt auf RTL+ schauen<img alt=\"GZSZ\" fetchpriority=\"auto\" loading=\"lazy\" width=\"615\" height=\"346\" decoding=\"async\" data-nimg=\"1\" class=\"Image_image__SdgLQ RtlPlusContent_image__Gbn0N\" style=\"color:transparent\"   src=\"https:\/\/www.europesays.com\/de\/wp-content\/uploads\/2026\/06\/gzsz.webp\"\/>Anzeige:<\/p>\n<p>Empfehlungen unserer Partner<\/p>\n<p>Der Streit von Julian und Nihat eskaliert<\/p>\n<p class=\"AnnotatedMarkup_paragraph__IUT9l\">Nihat (Timur \u00dclker) hat es satt, von Julian (Onno Bu\u00df) wie der letzte Dreck behandelt zu werden. Als er bei einem gemeinsamen Kundentermin brilliert, sieht er seine Chance gekommen, den Streit mit Julian endg\u00fcltig auszur\u00e4umen. Doch Julian l\u00e4sst sich einfach nicht erweichen. \u201eGern geschehen \u00fcbrigens \u2026 ich habe dir gerade den Arsch gerettet\u201c, platzt Nihat irgendwann der Kragen. Wie Julian darauf reagiert, zeigt der dritte Teil der Wochenvorschau.<\/p>\n<p class=\"AnnotatedMarkup_paragraph__IUT9l\">Verwendete Quellen: RTL<\/p>\n","protected":false},"excerpt":{"rendered":"GZSZ-Wochenvorschau ab dem 31. August Yvonne ist aufgeflogen Gerner erlaubt sich einen Spa\u00df mit Yvonne.Durch Matilda (Anna-Katharina Fecher)&hellip;\n","protected":false},"author":2,"featured_media":1265557,"comment_status":"","ping_status":"","sticky":false,"template":"","format":"standard","meta":{"footnotes":"","_share_on_mastodon":"0"},"categories":[1773],"tags":[84387,29,214,30,68436,1807,725,1810,1809,132128,62303,1806,471,1780,1808,75965,684,215,18450],"class_list":["post-1265556","post","type-post","status-publish","format-standard","has-post-thumbnail","category-serien","tag-chryssanthi-kavazi","tag-deutschland","tag-entertainment","tag-germany","tag-gisa-zach","tag-gute-zeiten-schlechte-zeiten","tag-gzsz","tag-gzsz-schauspieler","tag-gzsz-vorschau","tag-nina-ensmann","tag-onno-buss","tag-serie","tag-serien","tag-series","tag-soap","tag-timur-uelker","tag-tv","tag-unterhaltung","tag-wolfgang-bahro"],"share_on_mastodon":{"url":"https:\/\/pubeurope.com\/@de\/117171756030779840","error":""},"_links":{"self":[{"href":"https:\/\/www.europesays.com\/de\/wp-json\/wp\/v2\/posts\/1265556","targetHints":{"allow":["GET"]}}],"collection":[{"href":"https:\/\/www.europesays.com\/de\/wp-json\/wp\/v2\/posts"}],"about":[{"href":"https:\/\/www.europesays.com\/de\/wp-json\/wp\/v2\/types\/post"}],"author":[{"embeddable":true,"href":"https:\/\/www.europesays.com\/de\/wp-json\/wp\/v2\/users\/2"}],"replies":[{"embeddable":true,"href":"https:\/\/www.europesays.com\/de\/wp-json\/wp\/v2\/comments?post=1265556"}],"version-history":[{"count":0,"href":"https:\/\/www.europesays.com\/de\/wp-json\/wp\/v2\/posts\/1265556\/revisions"}],"wp:featuredmedia":[{"embeddable":true,"href":"https:\/\/www.europesays.com\/de\/wp-json\/wp\/v2\/media\/1265557"}],"wp:attachment":[{"href":"https:\/\/www.europesays.com\/de\/wp-json\/wp\/v2\/media?parent=1265556"}],"wp:term":[{"taxonomy":"category","embeddable":true,"href":"https:\/\/www.europesays.com\/de\/wp-json\/wp\/v2\/categories?post=1265556"},{"taxonomy":"post_tag","embeddable":true,"href":"https:\/\/www.europesays.com\/de\/wp-json\/wp\/v2\/tags?post=1265556"}],"curies":[{"name":"wp","href":"https:\/\/api.w.org\/{rel}","templated":true}]}}