{"id":1265567,"date":"2026-08-28T06:42:22","date_gmt":"2026-08-28T06:42:22","guid":{"rendered":"https:\/\/www.europesays.com\/de\/1265567\/"},"modified":"2026-08-28T06:42:22","modified_gmt":"2026-08-28T06:42:22","slug":"samsung-galaxy-s26-fe-vorgestellt-warum-das-normale-s26-besser-ist","status":"publish","type":"post","link":"https:\/\/www.europesays.com\/de\/1265567\/","title":{"rendered":"Samsung Galaxy S26 FE vorgestellt: Warum das normale S26 besser ist"},"content":{"rendered":"<p>Was bei Apple das iPhone 17e ist, soll bei Samsung das Galaxy S26 FE sein: eine g\u00fcnstigere Variante der Top-Modelle, mit \u00e4hnlichen Features. Doch in diesem Jahr verfehlt Samsung das Ziel. Ab 799 Euro soll es das neue FE zu kaufen geben. Betrachtet man die unverbindliche Preisempfehlung von Galaxy S26, S26 Plus und <a href=\"https:\/\/t3n.de\/news\/samsung-galaxy-s26-ultra-privacy-display-1731285\/\" rel=\"nofollow noopener\" target=\"_blank\">S26 Ultra<\/a>, w\u00e4re das ein guter Deal. Blickt man dagegen auf die Preisentwicklung der Smartphones, ist es das auf keinen Fall. Wer 40 Euro drauflegt, bekommt schon das leistungsstarke Ultra. Greift ihr zum normalen Galaxy S26, spart ihr andersherum rund 150 Euro gegen\u00fcber dem FE, m\u00fcsst aber keine Abstriche bei der Ausstattung machen \u2013 im Gegenteil.<\/p>\n<p>\n                Galaxy S26 FE in vielen Bereichen unterlegen\n            <\/p>\n<p>Der Bildschirm ist mit 6,7 Zoll genauso gro\u00df wie der des Galaxy S26 Plus. Auch hier handelt es sich um ein OLED-Display mit 120-Hertz-Bildrate. Damit enden die Gemeinsamkeiten schon fast. Im Inneren taktet mit dem Exynos 2500 der Samsung-Prozessor aus dem faltbaren <a href=\"https:\/\/t3n.de\/news\/samsung-galaxy-z-flip-7-ausprobiert-ist-dieses-smartphone-das-erste-echte-ki-gadget-1708521\/\" rel=\"nofollow noopener\" target=\"_blank\">Galaxy Z Flip<\/a> aus dem Vorjahr. Im normalen S26 und im Plus-Modell ist der Exynos 2600 verbaut. Der Unterschied klingt marginal. Tats\u00e4chlich wurde der neuere Chip aber im 2- und der Vorg\u00e4nger im 3-Nanometer-Prozess gefertigt. Er arbeitet also effizienter. Damit nicht genug: <a href=\"https:\/\/semiconductor.samsung.com\/processor\/mobile-processor\/exynos-2600\/\" rel=\"nofollow noopener\" target=\"_blank\">Laut Samsung<\/a> ist der Exynos 2600 dem Vorg\u00e4nger in allen Belangen deutlich \u00fcberlegen: schneller bei KI, besser im Ray-Tracing, flotter bei der Bildbearbeitung,<\/p>\n<p>Dar\u00fcber hinaus ist das FE mit weniger Speicher ausgestattet. F\u00fcr Apps und Fotos stehen nur 128 Gigabyte zur Verf\u00fcgung, der Arbeitsspeicher bel\u00e4uft sich auf acht Gigabyte. Die anderen S26-Modelle haben mindestens 256 und zw\u00f6lf Gigabyte.<\/p>\n<p>Top-Artikel<\/p>\n<p>        ${content}<\/p>\n<p>\n                    ${custom_anzeige-badge}<br \/>\n                    ${custom_tr-badge}<br \/>\n                    ${section}\n                <\/p>\n<p>                <a class=\"c-suggestNews-title\" href=\"https:\/\/t3n.de\/news\/samsung-galaxy-s26-fe-vorgestellt-1760270\/${url}\" data-upscore-url=\"\" rel=\"nofollow noopener\" target=\"_blank\">${title}<\/a><\/p>\n<p>            <a href=\"https:\/\/t3n.de\/news\/samsung-galaxy-s26-fe-vorgestellt-1760270\/${url}\" class=\"c-suggestNews-image\" title=\"${title}\" data-upscore-url=\"\" rel=\"nofollow noopener\" target=\"_blank\"><\/p>\n<p>                    <img decoding=\"async\" loading=\"lazy\" src=\"https:\/\/t3n.de\/news\/samsung-galaxy-s26-fe-vorgestellt-1760270\/${image}\" width=\"88\" height=\"88\"\/><\/p>\n<p>            <\/a><\/p>\n<p>            <a href=\"https:\/\/t3n.de\/news\/samsung-galaxy-s26-fe-vorgestellt-1760270\/${url}\" class=\"c-suggestNews-image\" title=\"${title}\" data-upscore-url=\"\" rel=\"nofollow noopener\" target=\"_blank\"><\/p>\n<p>                    <img decoding=\"async\" loading=\"lazy\" src=\"https:\/\/t3n.de\/news\/samsung-galaxy-s26-fe-vorgestellt-1760270\/${image}\" width=\"88\" height=\"88\"\/><\/p>\n<p>            <\/a><\/p>\n<p>\n                Galaxy S26 FE: Bei der Software einen Schritt voraus\n            <\/p>\n<p>Das Spiel setzt sich bei der Kamera fort. Zwar kommt auf der R\u00fcckseite ebenfalls eine Dreifachkamera zum Einsatz. Sie setzt sich aus der Hauptkamera (50 Megapixel) und je einer Ultraweitwinkel- (zw\u00f6lf Megapixel) und einer Telelinse (acht Megapixel) zusammen. Beim Galaxy S26 Plus ist die Konfiguration \u00e4hnlich. Die Telekamera bietet mit zw\u00f6lf Megapixeln aber eine h\u00f6here Aufl\u00f6sung. Was beide eint, ist die dreifache Vergr\u00f6\u00dferung.<\/p>\n<p><img loading=\"lazy\" decoding=\"async\" class=\"size-large wp-image-1760278\" src=\"https:\/\/www.europesays.com\/de\/wp-content\/uploads\/2026\/08\/galaxy-S26-fe-kamera-620x349.jpg\" alt=\"Die Kamera des Galaxy S26 FE in der Nahaufnahme.\" width=\"620\" height=\"349\"\/><\/p>\n<p class=\"wp-caption-text\">Von oben nach unten: Die Ultraweitwinkelkamera mit 12, die Hauptkamera mit 50 und die Telekamera mit 8 Megapixeln. (Bild: Samsung)<\/p>\n<p>Samsung verspricht dennoch gute Bilder, auch bei schlechten Lichtverh\u00e4ltnissen, integriert sogar eine KI-Funktion, die es auf den anderen S26-Modellen noch nicht gibt. Mit \u201eMy Fancam\u201c soll etwa der Hauptact bei einem Konzert automatisch im Bild bleiben.<\/p>\n<p class=\"c-card__headline\">\n                Empfohlene redaktionelle Inhalte\n            <\/p>\n<p>            Hier findest du externe Inhalte von <strong>TargetVideo GmbH<\/strong>,<br \/>\n            die unser redaktionelles Angebot auf t3n.de erg\u00e4nzen.<br \/>\n            Mit dem Klick auf &#8222;Inhalte anzeigen&#8220; erkl\u00e4rst du dich einverstanden,<br \/>\n            dass wir dir jetzt und in Zukunft Inhalte von <strong>TargetVideo GmbH<\/strong> auf unseren Seiten anzeigen d\u00fcrfen.<br \/>\n            Dabei k\u00f6nnen personenbezogene Daten an Plattformen von Drittanbietern \u00fcbermittelt werden.<br \/>\n            <br \/>\n            Inhalte anzeigen<\/p>\n<p class=\"u-text-small\">\n                <a href=\"https:\/\/t3n.de\/datenschutz\/\" target=\"_blank\" title=\"Die externe Seite im neuen Tab\/Fenster \u00f6ffnen\" rel=\"noopener nofollow\"><br \/>\n                    Hinweis zum Datenschutz<br \/>\n                <\/a>\n            <\/p>\n<p class=\"c-card__headline\">\n                Leider ist etwas schief gelaufen&#8230;\n            <\/p>\n<p>            An dieser Stelle findest du normalerweise externe Inhalte von <strong>TargetVideo GmbH<\/strong>,<br \/>\n            jedoch konnten wir deine Consent-Einstellungen nicht abrufen.<br \/>\n            Lade die Seite neu oder passe deine Consent-Einstellungen manuell an.<\/p>\n<p>                Datenschutzeinstellungen verwalten<\/p>\n<p>M\u00f6glich ist das, weil Samsung das Galaxy S26 FE bereits mit der Betriebssystemoberfl\u00e4che <a href=\"https:\/\/t3n.de\/news\/samsung-one-ui-9-beta-fuer-diese-galaxy-serie-1742566\/\" rel=\"nofollow noopener\" target=\"_blank\">One UI 9<\/a> ausstattet. Diese ist zwar schon auf den neuen Foldables installiert, die bestehende S26-Serie hat das Update aber noch nicht erhalten. Die Software bringt zahlreiche KI-Funktionen mit. Darunter die Fotobearbeitung, mit der man Bilder per Prompt ver\u00e4ndern kann, aber auch die verbesserte Now Nudge. Das Feature soll Nachrichten nach Informationen scannen und etwa einen Shortcut zum Kalender anzeigen, wenn es ein Datum erkennt. Mit OneUI 9 funktioniert das auch im Notificationscenter. \u00dcberlebenswichtig ist das alles nicht. Und die anderen Modelle d\u00fcrften die Funktion demn\u00e4chst per Update erhalten.<\/p>\n<p>Das Galaxy S26 FE ist den anderen Ger\u00e4ten in fast jedem Punkt unterlegen, aber deutlich teurer. Selbst f\u00fcr hart gesottene Samsung-Fans lohnt sich das Smartphone zumindest laut den Daten auf dem Papier nicht. Mit dem Galaxy S26 und dem S26 Plus f\u00e4hrt man deutlich g\u00fcnstiger \u2013 und besser. Auch wenn OneUI 9 noch fehlt. Erh\u00e4ltlich ist das Ger\u00e4t ab dem 4. September.<\/p>\n<p><img loading=\"lazy\" decoding=\"async\" class=\"vgWortPixel\" src=\"https:\/\/www.europesays.com\/de\/wp-content\/uploads\/2026\/08\/1fa98c0bdef04351887c67c3ad2c6117.gif\" width=\"1\" height=\"1\" alt=\"\"\/><\/p>\n","protected":false},"excerpt":{"rendered":"Was bei Apple das iPhone 17e ist, soll bei Samsung das Galaxy S26 FE sein: eine g\u00fcnstigere Variante&hellip;\n","protected":false},"author":2,"featured_media":1265568,"comment_status":"","ping_status":"","sticky":false,"template":"","format":"standard","meta":{"footnotes":"","_share_on_mastodon":"0"},"categories":[135],"tags":[231,4561,29,30,5553,1256,363,128798,190,189,769,194,191,255897,193,192],"class_list":["post-1265567","post","type-post","status-publish","format-standard","has-post-thumbnail","category-wissenschaft-technik","tag-apple","tag-apps","tag-deutschland","tag-germany","tag-iphone","tag-kuenstliche-intelligenz","tag-samsung","tag-samsung-exynos","tag-science","tag-science-technology","tag-smartphone","tag-technik","tag-technology","tag-ui-design","tag-wissenschaft","tag-wissenschaft-technik"],"share_on_mastodon":{"url":"https:\/\/pubeurope.com\/@de\/117171778515737643","error":""},"_links":{"self":[{"href":"https:\/\/www.europesays.com\/de\/wp-json\/wp\/v2\/posts\/1265567","targetHints":{"allow":["GET"]}}],"collection":[{"href":"https:\/\/www.europesays.com\/de\/wp-json\/wp\/v2\/posts"}],"about":[{"href":"https:\/\/www.europesays.com\/de\/wp-json\/wp\/v2\/types\/post"}],"author":[{"embeddable":true,"href":"https:\/\/www.europesays.com\/de\/wp-json\/wp\/v2\/users\/2"}],"replies":[{"embeddable":true,"href":"https:\/\/www.europesays.com\/de\/wp-json\/wp\/v2\/comments?post=1265567"}],"version-history":[{"count":0,"href":"https:\/\/www.europesays.com\/de\/wp-json\/wp\/v2\/posts\/1265567\/revisions"}],"wp:featuredmedia":[{"embeddable":true,"href":"https:\/\/www.europesays.com\/de\/wp-json\/wp\/v2\/media\/1265568"}],"wp:attachment":[{"href":"https:\/\/www.europesays.com\/de\/wp-json\/wp\/v2\/media?parent=1265567"}],"wp:term":[{"taxonomy":"category","embeddable":true,"href":"https:\/\/www.europesays.com\/de\/wp-json\/wp\/v2\/categories?post=1265567"},{"taxonomy":"post_tag","embeddable":true,"href":"https:\/\/www.europesays.com\/de\/wp-json\/wp\/v2\/tags?post=1265567"}],"curies":[{"name":"wp","href":"https:\/\/api.w.org\/{rel}","templated":true}]}}