{"id":1265573,"date":"2026-08-28T06:45:21","date_gmt":"2026-08-28T06:45:21","guid":{"rendered":"https:\/\/www.europesays.com\/de\/1265573\/"},"modified":"2026-08-28T06:45:21","modified_gmt":"2026-08-28T06:45:21","slug":"wetterdienst-warnt-vor-unwettern-im-norden","status":"publish","type":"post","link":"https:\/\/www.europesays.com\/de\/1265573\/","title":{"rendered":"Wetterdienst warnt vor Unwettern im Norden"},"content":{"rendered":"<p>        <img decoding=\"async\" src=\"https:\/\/www.europesays.com\/de\/wp-content\/uploads\/2026\/08\/starkregen406.webp\" alt=\"Ein Auto f\u00e4hrt bei starkem Regen durch eine \u00fcberschwemmte Stra\u00dfe in Hannover.\" title=\"Ein Auto f\u00e4hrt bei starkem Regen durch eine \u00fcberschwemmte Stra\u00dfe in Hannover. | picture alliance\/dpa | Christophe Gateau\" class=\"responsive\"\/><\/p>\n<p>\n                Stand: 28.08.2026 08:41 Uhr<\/p>\n<p class=\"preface\">Nach hochsommerlichen Temperaturen am Donnerstag \u00e4ndert sich das Wetter im Norden. \u00d6rtlich k\u00f6nnen Unwetter auftreten. Am Wochenende sind Schauer m\u00f6glich.<\/p>\n<p class=\"\">In der Nacht zu Freitag hat es im Norden Gewitter samt Blitzschl\u00e4gen mit viel Niederschlag gegeben. Der Deutsche Wetterdienst (DWD) hatte in Niedersachsen und Bremen vor <a href=\"https:\/\/www.ndr.de\/wetter\/unwetterwarnungen\" title=\"Unwetter: Aktuelle Warnungen f\u00fcr Deutschland\" rel=\"nofollow noopener\" target=\"_blank\">Unwetter gewarnt<\/a>. Am Freitag sieht der DWD auch im Rest des Nordens eine \u00f6rtliche Unwettergefahr. Es bleibt wolkig mit teils kr\u00e4ftigen Schauern. Die H\u00f6chstwerte liegen zwischen 20 Grad auf Helgoland und 27 Grad im Osten Niedersachsens.<\/p>\n<p>    Aussichten: Es bleibt nass<\/p>\n<p class=\"\">Am Wochenende sollen sich die Schauer fortsetzen. Gewitter oder Unwetter sagt der DWD aber nicht mehr voraus. Die H\u00f6chstwerte liegen am Samstag zwischen 21 und 25 Grad, am Sonntag zwischen 20 und 25 Grad.<\/p>\n<p>\n            <strong>Video:<\/strong><br \/>\n            Das Wetter f\u00fcr Niedersachsen (2 Min)\n        <\/p>\n<p>        <img decoding=\"async\" src=\"https:\/\/www.europesays.com\/de\/wp-content\/uploads\/2026\/08\/mondfinsternis-250.webp\" alt=\"Eine M\u00f6we fliegt in den Himmel, wo eine partielle Mondfinsternis zu sehen ist.\" title=\"Eine M\u00f6we fliegt in den Himmel, wo eine partielle Mondfinsternis zu sehen ist. | picture alliance\/dpa\/EUROPA PRESS | M. Dylan\" class=\"responsive\" loading=\"lazy\"\/><\/p>\n<p>Eigentlich ist eine Mondfinsternis leichter zu beobachten als eine Sonnenfinsternis &#8211; wenn das Wetter mitspielt. Die spannendste Zeit war gegen 6 Uhr.<\/p>\n<p>        <img decoding=\"async\" src=\"https:\/\/www.europesays.com\/de\/wp-content\/uploads\/2026\/07\/unwetter-1154.webp\" alt=\"Regen f\u00e4llt w\u00e4hrend eines Unwetters in Osnabr\u00fcck.\" title=\"Regen f\u00e4llt w\u00e4hrend eines Unwetters in Osnabr\u00fcck. | NDR, Josephine L\u00fctke\" class=\"responsive\" loading=\"lazy\"\/><\/p>\n<p>F\u00fcr welche Regionen in Deutschland gilt eine Wetterwarnung? Die aktuelle Wetterkarte zeigt die derzeitige Lage.<\/p>\n<p>        <img decoding=\"async\" src=\"https:\/\/www.europesays.com\/de\/wp-content\/uploads\/2026\/08\/mittelmecklenburg2753.webp\" alt=\"Sturm an der Ostsee\" title=\"Die letzten Tage waren ziemlich st\u00fcrmisch, doch nun scheint das Wetter wieder sch\u00f6ner zu werden. Foto: Frank Hojenski aus Rostock | NDR, Frank Hojenski aus Rostock\" class=\"responsive\" loading=\"lazy\"\/><\/p>\n<p>Bilderstrecke<\/p>\n<p>Die St\u00e4rke des Windes wird in Beaufort gemessen. Die Sturm-Skala reicht von Windstille bis Orkan. Unsere Bildergalerie verr\u00e4t, wie sich die einzelnen Stufen unterscheiden.<\/p>\n<p>        Schlagw\u00f6rter zu diesem Artikel<\/p>\n<p>            <a href=\"https:\/\/www.ndr.de\/ratgeber\/reise\/hamburg\" rel=\"nofollow noopener\" target=\"_blank\">Hamburg<\/a><\/p>\n","protected":false},"excerpt":{"rendered":"Stand: 28.08.2026 08:41 Uhr Nach hochsommerlichen Temperaturen am Donnerstag \u00e4ndert sich das Wetter im Norden. \u00d6rtlich k\u00f6nnen Unwetter&hellip;\n","protected":false},"author":2,"featured_media":1265574,"comment_status":"","ping_status":"","sticky":false,"template":"","format":"standard","meta":{"footnotes":"","_share_on_mastodon":"0"},"categories":[2],"tags":[2420,29,30,19634,692,13,1351,14,15,1411,12,1971,16051,10,8,9,11,4028,33153,1973],"class_list":["post-1265573","post","type-post","status-publish","format-standard","has-post-thumbnail","category-deutschland","tag-bremen","tag-deutschland","tag-germany","tag-gewitter","tag-hamburg","tag-headlines","tag-mecklenburg-vorpommern","tag-nachrichten","tag-news","tag-niedersachsen","tag-schlagzeilen","tag-schleswig-holstein","tag-starkregen","tag-top-news","tag-top-meldungen","tag-topmeldungen","tag-topnews","tag-unwetter","tag-unwettergefahr","tag-wetter"],"share_on_mastodon":{"url":"https:\/\/pubeurope.com\/@de\/117171792439934113","error":""},"_links":{"self":[{"href":"https:\/\/www.europesays.com\/de\/wp-json\/wp\/v2\/posts\/1265573","targetHints":{"allow":["GET"]}}],"collection":[{"href":"https:\/\/www.europesays.com\/de\/wp-json\/wp\/v2\/posts"}],"about":[{"href":"https:\/\/www.europesays.com\/de\/wp-json\/wp\/v2\/types\/post"}],"author":[{"embeddable":true,"href":"https:\/\/www.europesays.com\/de\/wp-json\/wp\/v2\/users\/2"}],"replies":[{"embeddable":true,"href":"https:\/\/www.europesays.com\/de\/wp-json\/wp\/v2\/comments?post=1265573"}],"version-history":[{"count":0,"href":"https:\/\/www.europesays.com\/de\/wp-json\/wp\/v2\/posts\/1265573\/revisions"}],"wp:featuredmedia":[{"embeddable":true,"href":"https:\/\/www.europesays.com\/de\/wp-json\/wp\/v2\/media\/1265574"}],"wp:attachment":[{"href":"https:\/\/www.europesays.com\/de\/wp-json\/wp\/v2\/media?parent=1265573"}],"wp:term":[{"taxonomy":"category","embeddable":true,"href":"https:\/\/www.europesays.com\/de\/wp-json\/wp\/v2\/categories?post=1265573"},{"taxonomy":"post_tag","embeddable":true,"href":"https:\/\/www.europesays.com\/de\/wp-json\/wp\/v2\/tags?post=1265573"}],"curies":[{"name":"wp","href":"https:\/\/api.w.org\/{rel}","templated":true}]}}