{"id":1265578,"date":"2026-08-28T06:48:23","date_gmt":"2026-08-28T06:48:23","guid":{"rendered":"https:\/\/www.europesays.com\/de\/1265578\/"},"modified":"2026-08-28T06:48:23","modified_gmt":"2026-08-28T06:48:23","slug":"2000-brotdosen-fuer-aachens-erstklaesslerinnen-und-erstklaessler","status":"publish","type":"post","link":"https:\/\/www.europesays.com\/de\/1265578\/","title":{"rendered":"2000 Brotdosen f\u00fcr Aachens Erstkl\u00e4sslerinnen und Erstkl\u00e4ssler"},"content":{"rendered":"<p>Mit der Abfallvermeidung kann nicht fr\u00fch genug begonnen werden. Schon die Kleinsten sollen lernen, im Alltag so wenig Abfall wie m\u00f6glich zu produzieren. Deshalb gibt es f\u00fcr die Erstkl\u00e4sslerinnen und Erstkl\u00e4ssler in Aachen zum Schulbeginn wieder praktische und umweltfreundliche Brotdosen. Der Aachener Stadtbetrieb stellt die wiederverwendbaren Dosen jedes Jahr allen interessierten Schulen zur Verf\u00fcgung.\u00a0<\/p>\n<p class=\"wp-block-paragraph\">Anne Lehnen organisiert die Verteilung in diesem Jahr und freut sich \u00fcber die hohe Nachfrage: \u201eIn diesem Jahr haben wir Anmeldungen von 36 Schulen aus der Stadt Aachen und stellen rund 2000 Brotdosen bereit.\u201c Zus\u00e4tzlich gibt es f\u00fcr jedes Kind noch einen Stundenplan. \u201eWir m\u00f6chten die Kinder so fr\u00fch wie m\u00f6glich f\u00fcr das Thema Nachhaltigkeit sensibilisieren. Wir hoffen nat\u00fcrlich, dass dadurch auch keine oder zumindest weniger Plastikt\u00fcten, Brott\u00fcten und Alufolie genutzt werden.\u201c\u00a0<\/p>\n<p class=\"wp-block-paragraph\">Nicht nur bei den Erstkl\u00e4sslerinnen und Erstkl\u00e4sslern, auch in vielen Schulprojekten wird in den Aachener Schulen und auch Kindertagesst\u00e4tten regelm\u00e4\u00dfig Abfallvermeidung thematisiert. Ein solches Projekt sind auch die Hoff\u00fchrungen f\u00fcr Vorschulkinder, die regelm\u00e4\u00dfig auf dem Betriebsgel\u00e4nde des Stadtbetriebs am Madrider Ring angeboten werden. Interessierte Gruppen k\u00f6nnen sich noch f\u00fcr die Monate September und Oktober bei Abfallberaterin Stefanie Tollkamp anmelden: <a href=\"https:\/\/euregio-aktuell.eu\/aachen\/2000-brotdosen-fuer-aachens-erstklaesslerinnen-und-erstklaessler\/mailto:stefanie.tollkamp@mail.aachen.de\" target=\"_blank\" rel=\"noreferrer noopener nofollow\">stefanie.tollkamp@mail.aachen.de<\/a>.<\/p>\n","protected":false},"excerpt":{"rendered":"Mit der Abfallvermeidung kann nicht fr\u00fch genug begonnen werden. Schon die Kleinsten sollen lernen, im Alltag so wenig&hellip;\n","protected":false},"author":2,"featured_media":1265579,"comment_status":"","ping_status":"","sticky":false,"template":"","format":"standard","meta":{"footnotes":"","_share_on_mastodon":"0"},"categories":[1853],"tags":[65595,1424,261461,3364,29,101152,548,663,3934,30,13,14,15,1209,12,122913],"class_list":["post-1265578","post","type-post","status-publish","format-standard","has-post-thumbnail","category-aachen","tag-abfallvermeidung","tag-aachen","tag-brotdosen","tag-de","tag-deutschland","tag-erstklaessler","tag-eu","tag-europa","tag-europe","tag-germany","tag-headlines","tag-nachrichten","tag-news","tag-nordrhein-westfalen","tag-schlagzeilen","tag-verteilung"],"share_on_mastodon":{"url":"https:\/\/pubeurope.com\/@de\/117171801891800902","error":""},"_links":{"self":[{"href":"https:\/\/www.europesays.com\/de\/wp-json\/wp\/v2\/posts\/1265578","targetHints":{"allow":["GET"]}}],"collection":[{"href":"https:\/\/www.europesays.com\/de\/wp-json\/wp\/v2\/posts"}],"about":[{"href":"https:\/\/www.europesays.com\/de\/wp-json\/wp\/v2\/types\/post"}],"author":[{"embeddable":true,"href":"https:\/\/www.europesays.com\/de\/wp-json\/wp\/v2\/users\/2"}],"replies":[{"embeddable":true,"href":"https:\/\/www.europesays.com\/de\/wp-json\/wp\/v2\/comments?post=1265578"}],"version-history":[{"count":0,"href":"https:\/\/www.europesays.com\/de\/wp-json\/wp\/v2\/posts\/1265578\/revisions"}],"wp:featuredmedia":[{"embeddable":true,"href":"https:\/\/www.europesays.com\/de\/wp-json\/wp\/v2\/media\/1265579"}],"wp:attachment":[{"href":"https:\/\/www.europesays.com\/de\/wp-json\/wp\/v2\/media?parent=1265578"}],"wp:term":[{"taxonomy":"category","embeddable":true,"href":"https:\/\/www.europesays.com\/de\/wp-json\/wp\/v2\/categories?post=1265578"},{"taxonomy":"post_tag","embeddable":true,"href":"https:\/\/www.europesays.com\/de\/wp-json\/wp\/v2\/tags?post=1265578"}],"curies":[{"name":"wp","href":"https:\/\/api.w.org\/{rel}","templated":true}]}}