{"id":1265594,"date":"2026-08-28T06:59:15","date_gmt":"2026-08-28T06:59:15","guid":{"rendered":"https:\/\/www.europesays.com\/de\/1265594\/"},"modified":"2026-08-28T06:59:15","modified_gmt":"2026-08-28T06:59:15","slug":"die-neue-show-im-faecher-palast","status":"publish","type":"post","link":"https:\/\/www.europesays.com\/de\/1265594\/","title":{"rendered":"Die neue Show im F\u00e4cher Palast"},"content":{"rendered":"<p>Nur f\u00fcr kurze Zeit: Jetzt 10\u20ac End-of-Summer-Rabatt sichern!\n<\/p>\n<p>\u00a0<\/p>\n<p><strong>Karlsruhe. <\/strong>Der Sommer neigt sich dem Ende entgegen und die neue Spielzeit des <strong>F\u00e4cher Palast Karlsruhe<\/strong> r\u00fcckt n\u00e4her! Ab <strong>Anfang Dezember<\/strong> erwartet Sie mit <strong>Saphir \u2013 die neue Show 2026\/2027<\/strong> ein einzigartiges Erlebnis aus spektakul\u00e4rer Unterhaltung und erstklassiger Kulinarik.<\/p>\n<p>Tauchen Sie ein in <strong>eine Welt, in der Wasser zur B\u00fchne wird<\/strong>. <strong>Spektakul\u00e4re Artistik, Live-Gesang, Tanz und faszinierende Wasserspiele \u2013 dazu genie\u00dfen Sie ein exquisites Vier-G\u00e4nge-Men\u00fc.\u00a0Ein besonderes Erlebnis zu zweit, mit Freunden oder f\u00fcr Ihre Weihnachtsfeier.<\/strong><\/p>\n<p>Im stilvollen Ambiente erleben Sie eine rund dreist\u00fcndige Show voller <strong>Emotionen, internationaler Artistik, Tanz, Comedy und modernster B\u00fchnentechnik.<\/strong><\/p>\n<p>Freuen Sie sich schon jetzt auf unvergessliche Stunden mit <strong>SAPHIR\u00a0<\/strong>in Ihrem F\u00e4cher Palast Karlsruhe und sichern Sie sich jetzt Ihren Wunschtermin!<\/p>\n<p class=\"text-center\"><strong>Sichern Sie sich jetzt Ihre Tickets: <\/strong><a href=\"https:\/\/faecher-palast.de\/pages\/tickets\" target=\"_blank\" rel=\"noreferrer nofollow noopener\"><strong>https:\/\/faecher-palast.de\/pages\/tickets<\/strong><\/a><strong>\u00a0<\/strong><br \/><strong>die End-of-Summer-Aktion l\u00e4uft nur bis zum 07. September 2026!<\/strong><br \/>Nutzen Sie bei Ihrer Ticketbuchung den Rabattcode<strong>\u00a0ENDOFSUMMER1026<\/strong><\/p>\n<p>Text und Bild: Romanza Event GbR<\/p>\n","protected":false},"excerpt":{"rendered":"Nur f\u00fcr kurze Zeit: Jetzt 10\u20ac End-of-Summer-Rabatt sichern! \u00a0 Karlsruhe. Der Sommer neigt sich dem Ende entgegen und&hellip;\n","protected":false},"author":2,"featured_media":1265595,"comment_status":"","ping_status":"","sticky":false,"template":"","format":"standard","meta":{"footnotes":"","_share_on_mastodon":"0"},"categories":[1844],"tags":[16222,17310,1634,17312,17302,17311,3364,29,17317,17309,17313,30,17306,14835,8903,7011,17304,16935,17314,17316,17305,17315,17308,17303,17300,17301,17307,571,1986],"class_list":["post-1265594","post","type-post","status-publish","format-standard","has-post-thumbnail","category-karlsruhe","tag-dom","tag-altpoertel","tag-baden-wuerttemberg","tag-bistum-speyer","tag-brezelfest","tag-brezelkracher","tag-de","tag-deutschland","tag-dudenhofen","tag-eger","tag-evangelische-kirche-der-pfalz","tag-germany","tag-historisches-museum","tag-hockenheim","tag-karlsruhe","tag-kirchen","tag-kurpfalz","tag-pfalz","tag-protestantische-landeskirche","tag-roemerberg","tag-salier","tag-schwetzingen","tag-sealife","tag-speyer","tag-speyer-kurier","tag-tageszeitung","tag-technik-museum","tag-wochenzeitung","tag-zeitung"],"share_on_mastodon":{"url":"https:\/\/pubeurope.com\/@de\/117171845022274712","error":""},"_links":{"self":[{"href":"https:\/\/www.europesays.com\/de\/wp-json\/wp\/v2\/posts\/1265594","targetHints":{"allow":["GET"]}}],"collection":[{"href":"https:\/\/www.europesays.com\/de\/wp-json\/wp\/v2\/posts"}],"about":[{"href":"https:\/\/www.europesays.com\/de\/wp-json\/wp\/v2\/types\/post"}],"author":[{"embeddable":true,"href":"https:\/\/www.europesays.com\/de\/wp-json\/wp\/v2\/users\/2"}],"replies":[{"embeddable":true,"href":"https:\/\/www.europesays.com\/de\/wp-json\/wp\/v2\/comments?post=1265594"}],"version-history":[{"count":0,"href":"https:\/\/www.europesays.com\/de\/wp-json\/wp\/v2\/posts\/1265594\/revisions"}],"wp:featuredmedia":[{"embeddable":true,"href":"https:\/\/www.europesays.com\/de\/wp-json\/wp\/v2\/media\/1265595"}],"wp:attachment":[{"href":"https:\/\/www.europesays.com\/de\/wp-json\/wp\/v2\/media?parent=1265594"}],"wp:term":[{"taxonomy":"category","embeddable":true,"href":"https:\/\/www.europesays.com\/de\/wp-json\/wp\/v2\/categories?post=1265594"},{"taxonomy":"post_tag","embeddable":true,"href":"https:\/\/www.europesays.com\/de\/wp-json\/wp\/v2\/tags?post=1265594"}],"curies":[{"name":"wp","href":"https:\/\/api.w.org\/{rel}","templated":true}]}}