{"id":1265613,"date":"2026-08-28T07:13:54","date_gmt":"2026-08-28T07:13:54","guid":{"rendered":"https:\/\/www.europesays.com\/de\/1265613\/"},"modified":"2026-08-28T07:13:54","modified_gmt":"2026-08-28T07:13:54","slug":"ukrainischer-general-ueber-die-zukunft-des-krieges-die-drohne-wird-die-neue-plage-unseres-jahrhunderts","status":"publish","type":"post","link":"https:\/\/www.europesays.com\/de\/1265613\/","title":{"rendered":"Ukrainischer General \u00fcber die Zukunft des Krieges: \u201eDie Drohne wird die neue Plage unseres Jahrhunderts\u201c"},"content":{"rendered":"<p class=\"tspCJpg tspAs\">Robert Browdi kommandiert die ersten Drohnenteilstreitkr\u00e4fte der Welt. Im Interview erkl\u00e4rt der ukrainische General, wie Drohnen den Krieg ver\u00e4ndern \u2013 und warum die Technologie auch f\u00fcr Europas Sicherheit zur Gefahr werden k\u00f6nnte.<\/p>\n<p> Sie nutzen Google? Sie k\u00f6nnen sich Artikel des Tagesspiegels in der Google-Suche <br \/>nun bevorzugt anzeigen lassen. <a href=\"https:\/\/www.tagesspiegel.de\/tagesspiegel-bei-google-so-wahlen-sie-uns-als-ihre-bevorzugte-quelle-aus-15543846.html\" class=\"tspCEpc\" rel=\"nofollow noopener\" target=\"_blank\">Mehr erfahren<\/a> oder <a href=\"https:\/\/google.com\/preferences\/source?q=tagesspiegel.de\" target=\"_blank\" rel=\"noopener noreferrer nofollow\" class=\"tspCEpc\" style=\"font-weight: 600\">direkt aktivieren.<\/a><\/p>\n","protected":false},"excerpt":{"rendered":"Robert Browdi kommandiert die ersten Drohnenteilstreitkr\u00e4fte der Welt. Im Interview erkl\u00e4rt der ukrainische General, wie Drohnen den Krieg&hellip;\n","protected":false},"author":2,"featured_media":1265614,"comment_status":"","ping_status":"","sticky":false,"template":"","format":"standard","meta":{"footnotes":"","_share_on_mastodon":"0"},"categories":[4012],"tags":[331,332,1179,685,14398,13,1435,14,1159,15,307,12,8857,317,306],"class_list":["post-1265613","post","type-post","status-publish","format-standard","has-post-thumbnail","category-ukraine","tag-aktuelle-nachrichten","tag-aktuelle-news","tag-boris-pistorius","tag-bundeswehr","tag-future-technologies","tag-headlines","tag-krieg-in-der-ukraine","tag-nachrichten","tag-nato","tag-news","tag-russland","tag-schlagzeilen","tag-science-fiction","tag-ukraine","tag-wladimir-putin"],"share_on_mastodon":{"url":"https:\/\/pubeurope.com\/@de\/117171903858577091","error":""},"_links":{"self":[{"href":"https:\/\/www.europesays.com\/de\/wp-json\/wp\/v2\/posts\/1265613","targetHints":{"allow":["GET"]}}],"collection":[{"href":"https:\/\/www.europesays.com\/de\/wp-json\/wp\/v2\/posts"}],"about":[{"href":"https:\/\/www.europesays.com\/de\/wp-json\/wp\/v2\/types\/post"}],"author":[{"embeddable":true,"href":"https:\/\/www.europesays.com\/de\/wp-json\/wp\/v2\/users\/2"}],"replies":[{"embeddable":true,"href":"https:\/\/www.europesays.com\/de\/wp-json\/wp\/v2\/comments?post=1265613"}],"version-history":[{"count":0,"href":"https:\/\/www.europesays.com\/de\/wp-json\/wp\/v2\/posts\/1265613\/revisions"}],"wp:featuredmedia":[{"embeddable":true,"href":"https:\/\/www.europesays.com\/de\/wp-json\/wp\/v2\/media\/1265614"}],"wp:attachment":[{"href":"https:\/\/www.europesays.com\/de\/wp-json\/wp\/v2\/media?parent=1265613"}],"wp:term":[{"taxonomy":"category","embeddable":true,"href":"https:\/\/www.europesays.com\/de\/wp-json\/wp\/v2\/categories?post=1265613"},{"taxonomy":"post_tag","embeddable":true,"href":"https:\/\/www.europesays.com\/de\/wp-json\/wp\/v2\/tags?post=1265613"}],"curies":[{"name":"wp","href":"https:\/\/api.w.org\/{rel}","templated":true}]}}